{"id":23330,"date":"2026-01-09T08:18:31","date_gmt":"2026-01-09T07:18:31","guid":{"rendered":"https:\/\/agora.xtec.cat\/esc-antoniomachado\/?p=23330"},"modified":"2026-01-13T06:24:12","modified_gmt":"2026-01-13T05:24:12","slug":"aprenem-a-marcar-nos-proposits","status":"publish","type":"post","link":"https:\/\/agora.xtec.cat\/esc-antoniomachado\/noticies\/aprenem-a-marcar-nos-proposits\/","title":{"rendered":"APRENEM A MARCAR-NOS PROP\u00d2SITS."},"content":{"rendered":"<p><span style=\"font-weight: 400;\">A l\u2019inici d\u2019aquest segon trimestre, a l\u2019aula de Cusachs, hem dedicat una estona a parlar amb els infants sobre qu\u00e8 s\u00f3n els prop\u00f2sits i per qu\u00e8 \u00e9s important marcar-nos petits reptes personals. Hem reflexionat sobre com els prop\u00f2sits ens ajuden a cr\u00e9ixer, a millorar i a con\u00e8ixer-nos millor.<\/span><\/p>\n<p><span style=\"font-weight: 400;\">Durant la sessi\u00f3, els nens i nenes van compartir idees sobre coses que volen aprendre, millorar o aconseguir, entenent que complir un prop\u00f2sit requereix responsabilitat, esfor\u00e7 i const\u00e0ncia. Tamb\u00e9 vam parlar de la import\u00e0ncia de no rendir-se davant les dificultats i de sentir-nos orgullosos del cam\u00ed recorregut, encara que els passos siguin petits.<\/span><\/p>\n<p><span style=\"font-weight: 400;\">Acompanyar els infants en aquest proc\u00e9s els ajuda a desenvolupar l\u2019autonomia, la perseveran\u00e7a i el comprom\u00eds, valors essencials tant dins com fora de l\u2019aula. Continuarem treballant aquests aspectes al llarg del trimestre, animant-los a confiar en ells mateixos i en les seves capacitats.<\/span><\/p>\n<p><span style=\"font-weight: 400;\">Seguim!<\/span><\/p>\n<p><img loading=\"lazy\" decoding=\"async\" class=\"aligncenter size-full wp-image-23331\" src=\"https:\/\/agora.xtec.cat\/esc-antoniomachado\/wp-content\/uploads\/usu1670\/2026\/01\/Captura-de-pantalla-2026-01-13-062104.png\" alt=\"\" width=\"536\" height=\"542\" srcset=\"https:\/\/agora.xtec.cat\/esc-antoniomachado\/wp-content\/uploads\/usu1670\/2026\/01\/Captura-de-pantalla-2026-01-13-062104.png 536w, https:\/\/agora.xtec.cat\/esc-antoniomachado\/wp-content\/uploads\/usu1670\/2026\/01\/Captura-de-pantalla-2026-01-13-062104-297x300.png 297w\" sizes=\"auto, (max-width: 536px) 100vw, 536px\" \/><\/p>\n","protected":false},"excerpt":{"rendered":"<p>A l\u2019inici d\u2019aquest segon trimestre, a l\u2019aula de Cusachs, hem dedicat una estona a parlar amb els infants sobre qu\u00e8 s\u00f3n els prop\u00f2sits i per qu\u00e8 \u00e9s important marcar-nos petits reptes personals. Hem reflexionat sobre com els prop\u00f2sits ens ajuden a cr\u00e9ixer, a millorar i a con\u00e8ixer-nos millor. Durant la sessi\u00f3, els nens i nenes [&hellip;]<\/p>\n","protected":false},"author":4,"featured_media":23331,"comment_status":"open","ping_status":"open","sticky":false,"template":"","format":"standard","meta":{"_bbp_topic_count":0,"_bbp_reply_count":0,"_bbp_total_topic_count":0,"_bbp_total_reply_count":0,"_bbp_voice_count":0,"_bbp_anonymous_reply_count":0,"_bbp_topic_count_hidden":0,"_bbp_reply_count_hidden":0,"_bbp_forum_subforum_count":0,"site-sidebar-layout":"default","site-content-layout":"","ast-site-content-layout":"","site-content-style":"default","site-sidebar-style":"default","ast-global-header-display":"","ast-banner-title-visibility":"","ast-main-header-display":"","ast-hfb-above-header-display":"","ast-hfb-below-header-display":"","ast-hfb-mobile-header-display":"","site-post-title":"","ast-breadcrumbs-content":"","ast-featured-img":"","footer-sml-layout":"","theme-transparent-header-meta":"","adv-header-id-meta":"","stick-header-meta":"","header-above-stick-meta":"","header-main-stick-meta":"","header-below-stick-meta":"","astra-migrate-meta-layouts":"default","ast-page-background-enabled":"default","ast-page-background-meta":{"desktop":{"background-color":"var(--ast-global-color-4)","background-image":"","background-repeat":"repeat","background-position":"center center","background-size":"auto","background-attachment":"scroll","background-type":"","background-media":"","overlay-type":"","overlay-color":"","overlay-opacity":"","overlay-gradient":""},"tablet":{"background-color":"","background-image":"","background-repeat":"repeat","background-position":"center center","background-size":"auto","background-attachment":"scroll","background-type":"","background-media":"","overlay-type":"","overlay-color":"","overlay-opacity":"","overlay-gradient":""},"mobile":{"background-color":"","background-image":"","background-repeat":"repeat","background-position":"center center","background-size":"auto","background-attachment":"scroll","background-type":"","background-media":"","overlay-type":"","overlay-color":"","overlay-opacity":"","overlay-gradient":""}},"ast-content-background-meta":{"desktop":{"background-color":"var(--ast-global-color-5)","background-image":"","background-repeat":"repeat","background-position":"center center","background-size":"auto","background-attachment":"scroll","background-type":"","background-media":"","overlay-type":"","overlay-color":"","overlay-opacity":"","overlay-gradient":""},"tablet":{"background-color":"var(--ast-global-color-5)","background-image":"","background-repeat":"repeat","background-position":"center center","background-size":"auto","background-attachment":"scroll","background-type":"","background-media":"","overlay-type":"","overlay-color":"","overlay-opacity":"","overlay-gradient":""},"mobile":{"background-color":"var(--ast-global-color-5)","background-image":"","background-repeat":"repeat","background-position":"center center","background-size":"auto","background-attachment":"scroll","background-type":"","background-media":"","overlay-type":"","overlay-color":"","overlay-opacity":"","overlay-gradient":""}},"footnotes":""},"categories":[1],"tags":[1293,1406,1405,1174],"class_list":["post-23330","post","type-post","status-publish","format-standard","has-post-thumbnail","hentry","category-noticies","tag-1r-cicle","tag-curs-2025-26","tag-cusachs","tag-multigrau"],"post_mailing_queue_ids":[],"_links":{"self":[{"href":"https:\/\/agora.xtec.cat\/esc-antoniomachado\/wp-json\/wp\/v2\/posts\/23330","targetHints":{"allow":["GET"]}}],"collection":[{"href":"https:\/\/agora.xtec.cat\/esc-antoniomachado\/wp-json\/wp\/v2\/posts"}],"about":[{"href":"https:\/\/agora.xtec.cat\/esc-antoniomachado\/wp-json\/wp\/v2\/types\/post"}],"author":[{"embeddable":true,"href":"https:\/\/agora.xtec.cat\/esc-antoniomachado\/wp-json\/wp\/v2\/users\/4"}],"replies":[{"embeddable":true,"href":"https:\/\/agora.xtec.cat\/esc-antoniomachado\/wp-json\/wp\/v2\/comments?post=23330"}],"version-history":[{"count":1,"href":"https:\/\/agora.xtec.cat\/esc-antoniomachado\/wp-json\/wp\/v2\/posts\/23330\/revisions"}],"predecessor-version":[{"id":23332,"href":"https:\/\/agora.xtec.cat\/esc-antoniomachado\/wp-json\/wp\/v2\/posts\/23330\/revisions\/23332"}],"wp:featuredmedia":[{"embeddable":true,"href":"https:\/\/agora.xtec.cat\/esc-antoniomachado\/wp-json\/wp\/v2\/media\/23331"}],"wp:attachment":[{"href":"https:\/\/agora.xtec.cat\/esc-antoniomachado\/wp-json\/wp\/v2\/media?parent=23330"}],"wp:term":[{"taxonomy":"category","embeddable":true,"href":"https:\/\/agora.xtec.cat\/esc-antoniomachado\/wp-json\/wp\/v2\/categories?post=23330"},{"taxonomy":"post_tag","embeddable":true,"href":"https:\/\/agora.xtec.cat\/esc-antoniomachado\/wp-json\/wp\/v2\/tags?post=23330"}],"curies":[{"name":"wp","href":"https:\/\/api.w.org\/{rel}","templated":true}]}}