{"id":23295,"date":"2025-11-25T18:19:10","date_gmt":"2025-11-25T17:19:10","guid":{"rendered":"https:\/\/agora.xtec.cat\/esc-antoniomachado\/?p=23295"},"modified":"2026-02-02T09:52:39","modified_gmt":"2026-02-02T08:52:39","slug":"aprenem-a-reciclar%e2%99%bb%ef%b8%8f","status":"publish","type":"post","link":"https:\/\/agora.xtec.cat\/esc-antoniomachado\/noticies\/aprenem-a-reciclar%e2%99%bb%ef%b8%8f\/","title":{"rendered":"APRENEM A RECICLAR\u267b\ufe0f"},"content":{"rendered":"<p>A l\u2019aula de Yayoi ten\u00edem dubtes constants sobre com reciclar correctament \u267b\ufe0f, aix\u00ed que vam convidar un expert per saber una mica m\u00e9s. En Jordi Juncosa, de l\u2019Ag\u00e8ncia de Residus de Catalunya, ens va oferir un taller vivencial i molt visual \ud83d\udc40 que ens va ajudar a entendre millor la separaci\u00f3 de residus i la import\u00e0ncia de fer-ho b\u00e9. Gr\u00e0cies a les activitats pr\u00e0ctiques \ud83d\udc50, ara estem m\u00e9s segurs i segures a l\u2019hora de reciclar \ud83c\udf31<img loading=\"lazy\" decoding=\"async\" class=\"aligncenter size-large wp-image-23294\" src=\"https:\/\/agora.xtec.cat\/esc-antoniomachado\/wp-content\/uploads\/usu1670\/2025\/11\/E7AF0FC5-6DE4-4EC2-91D5-0B80D21C4456-576x1024.jpg\" alt=\"\" width=\"576\" height=\"1024\" srcset=\"https:\/\/agora.xtec.cat\/esc-antoniomachado\/wp-content\/uploads\/usu1670\/2025\/11\/E7AF0FC5-6DE4-4EC2-91D5-0B80D21C4456-576x1024.jpg 576w, https:\/\/agora.xtec.cat\/esc-antoniomachado\/wp-content\/uploads\/usu1670\/2025\/11\/E7AF0FC5-6DE4-4EC2-91D5-0B80D21C4456-169x300.jpg 169w, https:\/\/agora.xtec.cat\/esc-antoniomachado\/wp-content\/uploads\/usu1670\/2025\/11\/E7AF0FC5-6DE4-4EC2-91D5-0B80D21C4456-768x1365.jpg 768w, https:\/\/agora.xtec.cat\/esc-antoniomachado\/wp-content\/uploads\/usu1670\/2025\/11\/E7AF0FC5-6DE4-4EC2-91D5-0B80D21C4456-864x1536.jpg 864w, https:\/\/agora.xtec.cat\/esc-antoniomachado\/wp-content\/uploads\/usu1670\/2025\/11\/E7AF0FC5-6DE4-4EC2-91D5-0B80D21C4456-1152x2048.jpg 1152w, https:\/\/agora.xtec.cat\/esc-antoniomachado\/wp-content\/uploads\/usu1670\/2025\/11\/E7AF0FC5-6DE4-4EC2-91D5-0B80D21C4456.jpg 1170w\" sizes=\"auto, (max-width: 576px) 100vw, 576px\" \/><\/p>\n","protected":false},"excerpt":{"rendered":"<p>A l\u2019aula de Yayoi ten\u00edem dubtes constants sobre com reciclar correctament \u267b\ufe0f, aix\u00ed que vam convidar un expert per saber una mica m\u00e9s. En Jordi Juncosa, de l\u2019Ag\u00e8ncia de Residus de Catalunya, ens va oferir un taller vivencial i molt visual \ud83d\udc40 que ens va ajudar a entendre millor la separaci\u00f3 de residus i la [&hellip;]<\/p>\n","protected":false},"author":4,"featured_media":23294,"comment_status":"open","ping_status":"open","sticky":false,"template":"","format":"standard","meta":{"_bbp_topic_count":0,"_bbp_reply_count":0,"_bbp_total_topic_count":0,"_bbp_total_reply_count":0,"_bbp_voice_count":0,"_bbp_anonymous_reply_count":0,"_bbp_topic_count_hidden":0,"_bbp_reply_count_hidden":0,"_bbp_forum_subforum_count":0,"site-sidebar-layout":"default","site-content-layout":"","ast-site-content-layout":"default","site-content-style":"default","site-sidebar-style":"default","ast-global-header-display":"","ast-banner-title-visibility":"","ast-main-header-display":"","ast-hfb-above-header-display":"","ast-hfb-below-header-display":"","ast-hfb-mobile-header-display":"","site-post-title":"","ast-breadcrumbs-content":"","ast-featured-img":"","footer-sml-layout":"","theme-transparent-header-meta":"","adv-header-id-meta":"","stick-header-meta":"","header-above-stick-meta":"","header-main-stick-meta":"","header-below-stick-meta":"","astra-migrate-meta-layouts":"set","ast-page-background-enabled":"default","ast-page-background-meta":{"desktop":{"background-color":"var(--ast-global-color-4)","background-image":"","background-repeat":"repeat","background-position":"center center","background-size":"auto","background-attachment":"scroll","background-type":"","background-media":"","overlay-type":"","overlay-color":"","overlay-opacity":"","overlay-gradient":""},"tablet":{"background-color":"","background-image":"","background-repeat":"repeat","background-position":"center center","background-size":"auto","background-attachment":"scroll","background-type":"","background-media":"","overlay-type":"","overlay-color":"","overlay-opacity":"","overlay-gradient":""},"mobile":{"background-color":"","background-image":"","background-repeat":"repeat","background-position":"center center","background-size":"auto","background-attachment":"scroll","background-type":"","background-media":"","overlay-type":"","overlay-color":"","overlay-opacity":"","overlay-gradient":""}},"ast-content-background-meta":{"desktop":{"background-color":"var(--ast-global-color-5)","background-image":"","background-repeat":"repeat","background-position":"center center","background-size":"auto","background-attachment":"scroll","background-type":"","background-media":"","overlay-type":"","overlay-color":"","overlay-opacity":"","overlay-gradient":""},"tablet":{"background-color":"var(--ast-global-color-5)","background-image":"","background-repeat":"repeat","background-position":"center center","background-size":"auto","background-attachment":"scroll","background-type":"","background-media":"","overlay-type":"","overlay-color":"","overlay-opacity":"","overlay-gradient":""},"mobile":{"background-color":"var(--ast-global-color-5)","background-image":"","background-repeat":"repeat","background-position":"center center","background-size":"auto","background-attachment":"scroll","background-type":"","background-media":"","overlay-type":"","overlay-color":"","overlay-opacity":"","overlay-gradient":""}},"footnotes":""},"categories":[1],"tags":[547,1295],"class_list":["post-23295","post","type-post","status-publish","format-standard","has-post-thumbnail","hentry","category-noticies","tag-reciclatge","tag-yayoi"],"post_mailing_queue_ids":[],"_links":{"self":[{"href":"https:\/\/agora.xtec.cat\/esc-antoniomachado\/wp-json\/wp\/v2\/posts\/23295","targetHints":{"allow":["GET"]}}],"collection":[{"href":"https:\/\/agora.xtec.cat\/esc-antoniomachado\/wp-json\/wp\/v2\/posts"}],"about":[{"href":"https:\/\/agora.xtec.cat\/esc-antoniomachado\/wp-json\/wp\/v2\/types\/post"}],"author":[{"embeddable":true,"href":"https:\/\/agora.xtec.cat\/esc-antoniomachado\/wp-json\/wp\/v2\/users\/4"}],"replies":[{"embeddable":true,"href":"https:\/\/agora.xtec.cat\/esc-antoniomachado\/wp-json\/wp\/v2\/comments?post=23295"}],"version-history":[{"count":2,"href":"https:\/\/agora.xtec.cat\/esc-antoniomachado\/wp-json\/wp\/v2\/posts\/23295\/revisions"}],"predecessor-version":[{"id":23555,"href":"https:\/\/agora.xtec.cat\/esc-antoniomachado\/wp-json\/wp\/v2\/posts\/23295\/revisions\/23555"}],"wp:featuredmedia":[{"embeddable":true,"href":"https:\/\/agora.xtec.cat\/esc-antoniomachado\/wp-json\/wp\/v2\/media\/23294"}],"wp:attachment":[{"href":"https:\/\/agora.xtec.cat\/esc-antoniomachado\/wp-json\/wp\/v2\/media?parent=23295"}],"wp:term":[{"taxonomy":"category","embeddable":true,"href":"https:\/\/agora.xtec.cat\/esc-antoniomachado\/wp-json\/wp\/v2\/categories?post=23295"},{"taxonomy":"post_tag","embeddable":true,"href":"https:\/\/agora.xtec.cat\/esc-antoniomachado\/wp-json\/wp\/v2\/tags?post=23295"}],"curies":[{"name":"wp","href":"https:\/\/api.w.org\/{rel}","templated":true}]}}