{"id":23207,"date":"2025-10-15T09:55:03","date_gmt":"2025-10-15T07:55:03","guid":{"rendered":"https:\/\/agora.xtec.cat\/esc-antoniomachado\/?p=23207"},"modified":"2025-10-15T09:55:03","modified_gmt":"2025-10-15T07:55:03","slug":"responsabilitats-compartides","status":"publish","type":"post","link":"https:\/\/agora.xtec.cat\/esc-antoniomachado\/noticies\/responsabilitats-compartides\/","title":{"rendered":"RESPONSABILITATS COMPARTIDES"},"content":{"rendered":"<p>Al grup Puig i Cadafalch, estem engrescats en el nostre context &#8220;Canvis i rutines&#8221; amb el que\u00a0volem descobrir com les persones i les coses han canviat amb el pas del temps, i com aix\u00f2 afecta la nostra vida de cada dia.<\/p>\n<p data-start=\"449\" data-end=\"801\">Per treballar millor, hem comen\u00e7at a fer feina en grups cooperatius. Aix\u00f2 vol dir que cada persona t\u00e9 un rol o responsabilitat dins del grup i aix\u00ed totes ajudem, aprenem a organitzar-nos, a escoltar-nos i a treballar plegades.<\/p>\n<p data-start=\"803\" data-end=\"1165\">Ara mateix estem immerses en la preparaci\u00f3 d&#8217;una de les activitats m\u00e9s importants del projecte: entrevistar a persones de diferents edats per saber com s\u00f3n les seves rutines i com eren quan eren petits. Amb tot el que anem descobrint, estem fent una l\u00ednia del temps per veure com han anat canviant les coses al llarg dels anys.<\/p>\n<p data-start=\"1167\" data-end=\"1257\">Tenim moltes ganes d\u2019aprendre m\u00e9s coses sobre el passat de les nostres fam\u00edlies, del nostre entorn i compartir tot el que descobrirem!<\/p>\n<p data-start=\"1167\" data-end=\"1257\"><img loading=\"lazy\" decoding=\"async\" class=\"aligncenter  wp-image-23208\" src=\"https:\/\/agora.xtec.cat\/esc-antoniomachado\/wp-content\/uploads\/usu1670\/2025\/10\/rols-204x300.png\" alt=\"\" width=\"223\" height=\"328\" srcset=\"https:\/\/agora.xtec.cat\/esc-antoniomachado\/wp-content\/uploads\/usu1670\/2025\/10\/rols-204x300.png 204w, https:\/\/agora.xtec.cat\/esc-antoniomachado\/wp-content\/uploads\/usu1670\/2025\/10\/rols-698x1024.png 698w, https:\/\/agora.xtec.cat\/esc-antoniomachado\/wp-content\/uploads\/usu1670\/2025\/10\/rols-768x1127.png 768w, https:\/\/agora.xtec.cat\/esc-antoniomachado\/wp-content\/uploads\/usu1670\/2025\/10\/rols.png 820w\" sizes=\"auto, (max-width: 223px) 100vw, 223px\" \/><\/p>\n","protected":false},"excerpt":{"rendered":"<p>Al grup Puig i Cadafalch, estem engrescats en el nostre context &#8220;Canvis i rutines&#8221; amb el que\u00a0volem descobrir com les persones i les coses han canviat amb el pas del temps, i com aix\u00f2 afecta la nostra vida de cada dia. Per treballar millor, hem comen\u00e7at a fer feina en grups cooperatius. Aix\u00f2 vol dir [&hellip;]<\/p>\n","protected":false},"author":4,"featured_media":23208,"comment_status":"open","ping_status":"open","sticky":false,"template":"","format":"standard","meta":{"_bbp_topic_count":0,"_bbp_reply_count":0,"_bbp_total_topic_count":0,"_bbp_total_reply_count":0,"_bbp_voice_count":0,"_bbp_anonymous_reply_count":0,"_bbp_topic_count_hidden":0,"_bbp_reply_count_hidden":0,"_bbp_forum_subforum_count":0,"site-sidebar-layout":"default","site-content-layout":"","ast-site-content-layout":"","site-content-style":"default","site-sidebar-style":"default","ast-global-header-display":"","ast-banner-title-visibility":"","ast-main-header-display":"","ast-hfb-above-header-display":"","ast-hfb-below-header-display":"","ast-hfb-mobile-header-display":"","site-post-title":"","ast-breadcrumbs-content":"","ast-featured-img":"","footer-sml-layout":"","theme-transparent-header-meta":"","adv-header-id-meta":"","stick-header-meta":"","header-above-stick-meta":"","header-main-stick-meta":"","header-below-stick-meta":"","astra-migrate-meta-layouts":"default","ast-page-background-enabled":"default","ast-page-background-meta":{"desktop":{"background-color":"var(--ast-global-color-4)","background-image":"","background-repeat":"repeat","background-position":"center center","background-size":"auto","background-attachment":"scroll","background-type":"","background-media":"","overlay-type":"","overlay-color":"","overlay-opacity":"","overlay-gradient":""},"tablet":{"background-color":"","background-image":"","background-repeat":"repeat","background-position":"center center","background-size":"auto","background-attachment":"scroll","background-type":"","background-media":"","overlay-type":"","overlay-color":"","overlay-opacity":"","overlay-gradient":""},"mobile":{"background-color":"","background-image":"","background-repeat":"repeat","background-position":"center center","background-size":"auto","background-attachment":"scroll","background-type":"","background-media":"","overlay-type":"","overlay-color":"","overlay-opacity":"","overlay-gradient":""}},"ast-content-background-meta":{"desktop":{"background-color":"var(--ast-global-color-5)","background-image":"","background-repeat":"repeat","background-position":"center center","background-size":"auto","background-attachment":"scroll","background-type":"","background-media":"","overlay-type":"","overlay-color":"","overlay-opacity":"","overlay-gradient":""},"tablet":{"background-color":"var(--ast-global-color-5)","background-image":"","background-repeat":"repeat","background-position":"center center","background-size":"auto","background-attachment":"scroll","background-type":"","background-media":"","overlay-type":"","overlay-color":"","overlay-opacity":"","overlay-gradient":""},"mobile":{"background-color":"var(--ast-global-color-5)","background-image":"","background-repeat":"repeat","background-position":"center center","background-size":"auto","background-attachment":"scroll","background-type":"","background-media":"","overlay-type":"","overlay-color":"","overlay-opacity":"","overlay-gradient":""}},"footnotes":""},"categories":[1],"tags":[1292,267,1370,1413],"class_list":["post-23207","post","type-post","status-publish","format-standard","has-post-thumbnail","hentry","category-noticies","tag-2n-cicle","tag-contextos","tag-educacio-primaria","tag-puig-i-cadafalch"],"post_mailing_queue_ids":[],"_links":{"self":[{"href":"https:\/\/agora.xtec.cat\/esc-antoniomachado\/wp-json\/wp\/v2\/posts\/23207","targetHints":{"allow":["GET"]}}],"collection":[{"href":"https:\/\/agora.xtec.cat\/esc-antoniomachado\/wp-json\/wp\/v2\/posts"}],"about":[{"href":"https:\/\/agora.xtec.cat\/esc-antoniomachado\/wp-json\/wp\/v2\/types\/post"}],"author":[{"embeddable":true,"href":"https:\/\/agora.xtec.cat\/esc-antoniomachado\/wp-json\/wp\/v2\/users\/4"}],"replies":[{"embeddable":true,"href":"https:\/\/agora.xtec.cat\/esc-antoniomachado\/wp-json\/wp\/v2\/comments?post=23207"}],"version-history":[{"count":2,"href":"https:\/\/agora.xtec.cat\/esc-antoniomachado\/wp-json\/wp\/v2\/posts\/23207\/revisions"}],"predecessor-version":[{"id":23210,"href":"https:\/\/agora.xtec.cat\/esc-antoniomachado\/wp-json\/wp\/v2\/posts\/23207\/revisions\/23210"}],"wp:featuredmedia":[{"embeddable":true,"href":"https:\/\/agora.xtec.cat\/esc-antoniomachado\/wp-json\/wp\/v2\/media\/23208"}],"wp:attachment":[{"href":"https:\/\/agora.xtec.cat\/esc-antoniomachado\/wp-json\/wp\/v2\/media?parent=23207"}],"wp:term":[{"taxonomy":"category","embeddable":true,"href":"https:\/\/agora.xtec.cat\/esc-antoniomachado\/wp-json\/wp\/v2\/categories?post=23207"},{"taxonomy":"post_tag","embeddable":true,"href":"https:\/\/agora.xtec.cat\/esc-antoniomachado\/wp-json\/wp\/v2\/tags?post=23207"}],"curies":[{"name":"wp","href":"https:\/\/api.w.org\/{rel}","templated":true}]}}