{"id":23163,"date":"2025-10-02T11:52:09","date_gmt":"2025-10-02T09:52:09","guid":{"rendered":"https:\/\/agora.xtec.cat\/esc-antoniomachado\/?p=23163"},"modified":"2025-10-02T11:52:09","modified_gmt":"2025-10-02T09:52:09","slug":"parlem-sobre-el-drac-blau-mari","status":"publish","type":"post","link":"https:\/\/agora.xtec.cat\/esc-antoniomachado\/noticies\/parlem-sobre-el-drac-blau-mari\/","title":{"rendered":"PARLEM SOBRE EL DRAC BLAU MAR\u00cd"},"content":{"rendered":"<p>Bon dia fam\u00edlies!<\/p>\n<p>Els primers dies d&#8217;escola de l&#8217;aula de Julia Morgan, la Maria ens va explicar les seves vacances. Va dir que hi havia platges tancades per el Drac Blau. El qu\u00e8 ens va explicar la Maria ens va crear curiositat i vam llegir una not\u00edcia sobre el tema. Vam aprendre aquestes coses:<\/p>\n<ul>\n<li>El seu nom cient\u00edfic \u00e9s <em>GLAUCUS ATLANTICUS.<\/em><\/li>\n<li>No es pot tocar perqu\u00e8 \u00e9s molt verin\u00f3s.<\/li>\n<li>Si el toques les picades son molt doloroses, es com si et piquessin 50 meduses a la vegada.<\/li>\n<li>Si en trobem algun a la platja, hem d&#8217;avisar a un adult o al socorrista.<\/li>\n<li>S&#8217;alimenta de meduses i per aix\u00f2 \u00e9s tan verin\u00f3s. La que m\u00e9s li agrada \u00e9s la Caravel\u00b7la Portuguesa, una de les m\u00e9s verinoses.<\/li>\n<li>Una de les seves curiositats \u00e9s que \u00e9s un cargol sense closca.<\/li>\n<li>Mesura entre 3 i 4 cent\u00edmetres, \u00e9s molt petit.<\/li>\n<li>\u00c9s de color blau, negre i blanc. El seu color \u00e9s cridaner.<\/li>\n<li>No \u00e9s un animal aut\u00f2cton, ha arribat a les nostres platges per l&#8217;augment de la temperatura de l&#8217;aigua a conseq\u00fc\u00e8ncia del canvi clim\u00e0tic i l&#8217;acci\u00f3 humana, com la contaminaci\u00f3.<\/li>\n<\/ul>\n<p>\u00c9s un animal molt bonic per\u00f2 no es pot tocar!!!!!!<\/p>\n<p><img decoding=\"async\" src=\"https:\/\/upload.wikimedia.org\/wikipedia\/commons\/thumb\/5\/57\/Blue_dragon-glaucus_atlanticus_%288599051974%29.jpg\/1200px-Blue_dragon-glaucus_atlanticus_%288599051974%29.jpg\" alt=\"Dragonet blau - Viquip\u00e8dia, l'enciclop\u00e8dia lliure\" \/><\/p>\n","protected":false},"excerpt":{"rendered":"<p>Bon dia fam\u00edlies! Els primers dies d&#8217;escola de l&#8217;aula de Julia Morgan, la Maria ens va explicar les seves vacances. Va dir que hi havia platges tancades per el Drac Blau. El qu\u00e8 ens va explicar la Maria ens va crear curiositat i vam llegir una not\u00edcia sobre el tema. Vam aprendre aquestes coses: El [&hellip;]<\/p>\n","protected":false},"author":4,"featured_media":23164,"comment_status":"open","ping_status":"open","sticky":false,"template":"","format":"standard","meta":{"_bbp_topic_count":0,"_bbp_reply_count":0,"_bbp_total_topic_count":0,"_bbp_total_reply_count":0,"_bbp_voice_count":0,"_bbp_anonymous_reply_count":0,"_bbp_topic_count_hidden":0,"_bbp_reply_count_hidden":0,"_bbp_forum_subforum_count":0,"site-sidebar-layout":"default","site-content-layout":"","ast-site-content-layout":"","site-content-style":"default","site-sidebar-style":"default","ast-global-header-display":"","ast-banner-title-visibility":"","ast-main-header-display":"","ast-hfb-above-header-display":"","ast-hfb-below-header-display":"","ast-hfb-mobile-header-display":"","site-post-title":"","ast-breadcrumbs-content":"","ast-featured-img":"","footer-sml-layout":"","theme-transparent-header-meta":"","adv-header-id-meta":"","stick-header-meta":"","header-above-stick-meta":"","header-main-stick-meta":"","header-below-stick-meta":"","astra-migrate-meta-layouts":"default","ast-page-background-enabled":"default","ast-page-background-meta":{"desktop":{"background-color":"var(--ast-global-color-4)","background-image":"","background-repeat":"repeat","background-position":"center center","background-size":"auto","background-attachment":"scroll","background-type":"","background-media":"","overlay-type":"","overlay-color":"","overlay-opacity":"","overlay-gradient":""},"tablet":{"background-color":"","background-image":"","background-repeat":"repeat","background-position":"center center","background-size":"auto","background-attachment":"scroll","background-type":"","background-media":"","overlay-type":"","overlay-color":"","overlay-opacity":"","overlay-gradient":""},"mobile":{"background-color":"","background-image":"","background-repeat":"repeat","background-position":"center center","background-size":"auto","background-attachment":"scroll","background-type":"","background-media":"","overlay-type":"","overlay-color":"","overlay-opacity":"","overlay-gradient":""}},"ast-content-background-meta":{"desktop":{"background-color":"var(--ast-global-color-5)","background-image":"","background-repeat":"repeat","background-position":"center center","background-size":"auto","background-attachment":"scroll","background-type":"","background-media":"","overlay-type":"","overlay-color":"","overlay-opacity":"","overlay-gradient":""},"tablet":{"background-color":"var(--ast-global-color-5)","background-image":"","background-repeat":"repeat","background-position":"center center","background-size":"auto","background-attachment":"scroll","background-type":"","background-media":"","overlay-type":"","overlay-color":"","overlay-opacity":"","overlay-gradient":""},"mobile":{"background-color":"var(--ast-global-color-5)","background-image":"","background-repeat":"repeat","background-position":"center center","background-size":"auto","background-attachment":"scroll","background-type":"","background-media":"","overlay-type":"","overlay-color":"","overlay-opacity":"","overlay-gradient":""}},"footnotes":""},"categories":[1],"tags":[1292,1409],"class_list":["post-23163","post","type-post","status-publish","format-standard","has-post-thumbnail","hentry","category-noticies","tag-2n-cicle","tag-julia-morgan"],"post_mailing_queue_ids":[],"_links":{"self":[{"href":"https:\/\/agora.xtec.cat\/esc-antoniomachado\/wp-json\/wp\/v2\/posts\/23163","targetHints":{"allow":["GET"]}}],"collection":[{"href":"https:\/\/agora.xtec.cat\/esc-antoniomachado\/wp-json\/wp\/v2\/posts"}],"about":[{"href":"https:\/\/agora.xtec.cat\/esc-antoniomachado\/wp-json\/wp\/v2\/types\/post"}],"author":[{"embeddable":true,"href":"https:\/\/agora.xtec.cat\/esc-antoniomachado\/wp-json\/wp\/v2\/users\/4"}],"replies":[{"embeddable":true,"href":"https:\/\/agora.xtec.cat\/esc-antoniomachado\/wp-json\/wp\/v2\/comments?post=23163"}],"version-history":[{"count":1,"href":"https:\/\/agora.xtec.cat\/esc-antoniomachado\/wp-json\/wp\/v2\/posts\/23163\/revisions"}],"predecessor-version":[{"id":23165,"href":"https:\/\/agora.xtec.cat\/esc-antoniomachado\/wp-json\/wp\/v2\/posts\/23163\/revisions\/23165"}],"wp:featuredmedia":[{"embeddable":true,"href":"https:\/\/agora.xtec.cat\/esc-antoniomachado\/wp-json\/wp\/v2\/media\/23164"}],"wp:attachment":[{"href":"https:\/\/agora.xtec.cat\/esc-antoniomachado\/wp-json\/wp\/v2\/media?parent=23163"}],"wp:term":[{"taxonomy":"category","embeddable":true,"href":"https:\/\/agora.xtec.cat\/esc-antoniomachado\/wp-json\/wp\/v2\/categories?post=23163"},{"taxonomy":"post_tag","embeddable":true,"href":"https:\/\/agora.xtec.cat\/esc-antoniomachado\/wp-json\/wp\/v2\/tags?post=23163"}],"curies":[{"name":"wp","href":"https:\/\/api.w.org\/{rel}","templated":true}]}}