{"id":23152,"date":"2025-09-30T10:01:49","date_gmt":"2025-09-30T08:01:49","guid":{"rendered":"https:\/\/agora.xtec.cat\/esc-antoniomachado\/?p=23152"},"modified":"2025-09-30T10:01:49","modified_gmt":"2025-09-30T08:01:49","slug":"els-aniversaris-a-nevelson","status":"publish","type":"post","link":"https:\/\/agora.xtec.cat\/esc-antoniomachado\/noticies\/els-aniversaris-a-nevelson\/","title":{"rendered":"ELS ANIVERSARIS A NEVELSON"},"content":{"rendered":"<p><span style=\"font-weight: 400;\">Al grup Nevelson, de primer cicle multigrau, ja hem decidit com volem celebrar els aniversaris. Despr\u00e9s de fer una pluja d\u2019idees, hem descartat totes aquelles coses materials, per donar-li m\u00e9s valor als regals que no es compren ni es fabriquen, sin\u00f3 que s\u2019expressen des de l\u2019\u00e0nima. Quan \u00e9s l\u2019aniversari d\u2019un infant fem una rotllana, apaguem el llum de l\u2019aula i encenem un pot amb llumetes que simbolitza la \u201cllum interior\u201d d\u2019aquest company o companya. Ens passem amb cura el pot dient-li paraules boniques, qualitats o donant-li les gr\u00e0cies a l\u2019infant que fa anys per all\u00f2 que sap fer, per les experi\u00e8ncies compartides o per com ens ajuda o cuida. Es crea un moment molt \u00edntim i especial que dona peu a obrir-nos emocionalment al grup i parlar-nos des del cor.<\/span><\/p>\n<p><img loading=\"lazy\" decoding=\"async\" class=\"aligncenter size-medium wp-image-23153\" src=\"https:\/\/agora.xtec.cat\/esc-antoniomachado\/wp-content\/uploads\/usu1670\/2025\/09\/IMG_0667-300x225.jpeg\" alt=\"\" width=\"300\" height=\"225\" srcset=\"https:\/\/agora.xtec.cat\/esc-antoniomachado\/wp-content\/uploads\/usu1670\/2025\/09\/IMG_0667-300x225.jpeg 300w, https:\/\/agora.xtec.cat\/esc-antoniomachado\/wp-content\/uploads\/usu1670\/2025\/09\/IMG_0667-1024x768.jpeg 1024w, https:\/\/agora.xtec.cat\/esc-antoniomachado\/wp-content\/uploads\/usu1670\/2025\/09\/IMG_0667-768x576.jpeg 768w, https:\/\/agora.xtec.cat\/esc-antoniomachado\/wp-content\/uploads\/usu1670\/2025\/09\/IMG_0667-200x150.jpeg 200w, https:\/\/agora.xtec.cat\/esc-antoniomachado\/wp-content\/uploads\/usu1670\/2025\/09\/IMG_0667.jpeg 1170w\" sizes=\"auto, (max-width: 300px) 100vw, 300px\" \/><\/p>\n","protected":false},"excerpt":{"rendered":"<p>Al grup Nevelson, de primer cicle multigrau, ja hem decidit com volem celebrar els aniversaris. Despr\u00e9s de fer una pluja d\u2019idees, hem descartat totes aquelles coses materials, per donar-li m\u00e9s valor als regals que no es compren ni es fabriquen, sin\u00f3 que s\u2019expressen des de l\u2019\u00e0nima. Quan \u00e9s l\u2019aniversari d\u2019un infant fem una rotllana, apaguem [&hellip;]<\/p>\n","protected":false},"author":4,"featured_media":23153,"comment_status":"open","ping_status":"closed","sticky":false,"template":"","format":"standard","meta":{"_bbp_topic_count":0,"_bbp_reply_count":0,"_bbp_total_topic_count":0,"_bbp_total_reply_count":0,"_bbp_voice_count":0,"_bbp_anonymous_reply_count":0,"_bbp_topic_count_hidden":0,"_bbp_reply_count_hidden":0,"_bbp_forum_subforum_count":0,"site-sidebar-layout":"default","site-content-layout":"","ast-site-content-layout":"","site-content-style":"default","site-sidebar-style":"default","ast-global-header-display":"","ast-banner-title-visibility":"","ast-main-header-display":"","ast-hfb-above-header-display":"","ast-hfb-below-header-display":"","ast-hfb-mobile-header-display":"","site-post-title":"","ast-breadcrumbs-content":"","ast-featured-img":"","footer-sml-layout":"","theme-transparent-header-meta":"","adv-header-id-meta":"","stick-header-meta":"","header-above-stick-meta":"","header-main-stick-meta":"","header-below-stick-meta":"","astra-migrate-meta-layouts":"default","ast-page-background-enabled":"default","ast-page-background-meta":{"desktop":{"background-color":"var(--ast-global-color-4)","background-image":"","background-repeat":"repeat","background-position":"center center","background-size":"auto","background-attachment":"scroll","background-type":"","background-media":"","overlay-type":"","overlay-color":"","overlay-opacity":"","overlay-gradient":""},"tablet":{"background-color":"","background-image":"","background-repeat":"repeat","background-position":"center center","background-size":"auto","background-attachment":"scroll","background-type":"","background-media":"","overlay-type":"","overlay-color":"","overlay-opacity":"","overlay-gradient":""},"mobile":{"background-color":"","background-image":"","background-repeat":"repeat","background-position":"center center","background-size":"auto","background-attachment":"scroll","background-type":"","background-media":"","overlay-type":"","overlay-color":"","overlay-opacity":"","overlay-gradient":""}},"ast-content-background-meta":{"desktop":{"background-color":"var(--ast-global-color-5)","background-image":"","background-repeat":"repeat","background-position":"center center","background-size":"auto","background-attachment":"scroll","background-type":"","background-media":"","overlay-type":"","overlay-color":"","overlay-opacity":"","overlay-gradient":""},"tablet":{"background-color":"var(--ast-global-color-5)","background-image":"","background-repeat":"repeat","background-position":"center center","background-size":"auto","background-attachment":"scroll","background-type":"","background-media":"","overlay-type":"","overlay-color":"","overlay-opacity":"","overlay-gradient":""},"mobile":{"background-color":"var(--ast-global-color-5)","background-image":"","background-repeat":"repeat","background-position":"center center","background-size":"auto","background-attachment":"scroll","background-type":"","background-media":"","overlay-type":"","overlay-color":"","overlay-opacity":"","overlay-gradient":""}},"footnotes":""},"categories":[1],"tags":[1293,1406,1174,1376],"class_list":["post-23152","post","type-post","status-publish","format-standard","has-post-thumbnail","hentry","category-noticies","tag-1r-cicle","tag-curs-2025-26","tag-multigrau","tag-nevelson"],"post_mailing_queue_ids":[],"_links":{"self":[{"href":"https:\/\/agora.xtec.cat\/esc-antoniomachado\/wp-json\/wp\/v2\/posts\/23152","targetHints":{"allow":["GET"]}}],"collection":[{"href":"https:\/\/agora.xtec.cat\/esc-antoniomachado\/wp-json\/wp\/v2\/posts"}],"about":[{"href":"https:\/\/agora.xtec.cat\/esc-antoniomachado\/wp-json\/wp\/v2\/types\/post"}],"author":[{"embeddable":true,"href":"https:\/\/agora.xtec.cat\/esc-antoniomachado\/wp-json\/wp\/v2\/users\/4"}],"replies":[{"embeddable":true,"href":"https:\/\/agora.xtec.cat\/esc-antoniomachado\/wp-json\/wp\/v2\/comments?post=23152"}],"version-history":[{"count":1,"href":"https:\/\/agora.xtec.cat\/esc-antoniomachado\/wp-json\/wp\/v2\/posts\/23152\/revisions"}],"predecessor-version":[{"id":23154,"href":"https:\/\/agora.xtec.cat\/esc-antoniomachado\/wp-json\/wp\/v2\/posts\/23152\/revisions\/23154"}],"wp:featuredmedia":[{"embeddable":true,"href":"https:\/\/agora.xtec.cat\/esc-antoniomachado\/wp-json\/wp\/v2\/media\/23153"}],"wp:attachment":[{"href":"https:\/\/agora.xtec.cat\/esc-antoniomachado\/wp-json\/wp\/v2\/media?parent=23152"}],"wp:term":[{"taxonomy":"category","embeddable":true,"href":"https:\/\/agora.xtec.cat\/esc-antoniomachado\/wp-json\/wp\/v2\/categories?post=23152"},{"taxonomy":"post_tag","embeddable":true,"href":"https:\/\/agora.xtec.cat\/esc-antoniomachado\/wp-json\/wp\/v2\/tags?post=23152"}],"curies":[{"name":"wp","href":"https:\/\/api.w.org\/{rel}","templated":true}]}}