{"id":23149,"date":"2025-09-30T09:54:51","date_gmt":"2025-09-30T07:54:51","guid":{"rendered":"https:\/\/agora.xtec.cat\/esc-antoniomachado\/?p=23149"},"modified":"2025-09-30T10:03:27","modified_gmt":"2025-09-30T08:03:27","slug":"a-cusachs-organitzem-laula-aprenem-junts","status":"publish","type":"post","link":"https:\/\/agora.xtec.cat\/esc-antoniomachado\/noticies\/a-cusachs-organitzem-laula-aprenem-junts\/","title":{"rendered":"A CUSACHS ORGANITZEM L\u2019AULA, APRENEM JUNTS"},"content":{"rendered":"<p><span style=\"font-weight: 400;\">Benvolgudes fam\u00edlies,<\/span><\/p>\n<p><span style=\"font-weight: 400;\">Els primers dies de curs sempre s\u00f3n especials: retrobades, cares noves i sobretot molta il\u00b7lusi\u00f3 per comen\u00e7ar. A la nostra aula hem iniciat el curs amb un context d\u2019aprenentatge que ja s\u2019ha convertit en tradici\u00f3: <\/span><b>l\u2019organitzaci\u00f3 de l\u2019aula<\/b><span style=\"font-weight: 400;\">.<\/span><\/p>\n<p><span style=\"font-weight: 400;\">Aquest moment inicial ens permet, a tots i totes \u2014alumnat i mestra\u2014, acordar com volem que sigui el nostre espai de treball i de conviv\u00e8ncia. M\u00e9s enll\u00e0 de \u201cposar ordre\u201d, es tracta de <\/span><b>construir junts un entorn on ens sentim part\u00edcips i responsables<\/b><span style=\"font-weight: 400;\">.<\/span><\/p>\n<p><span style=\"font-weight: 400;\">En aquests dies hem creat:<\/span><\/p>\n<ul>\n<li style=\"font-weight: 400;\" aria-level=\"1\"><span style=\"font-weight: 400;\">L\u2019<\/span><b>orla de la classe<\/b><span style=\"font-weight: 400;\">, per veure i recon\u00e8ixer cada membre del grup.<\/span><\/li>\n<li style=\"font-weight: 400;\" aria-level=\"1\"><span style=\"font-weight: 400;\">El <\/span><b>calendari<\/b><span style=\"font-weight: 400;\"> i l\u2019<\/span><b>abecedari<\/b><span style=\"font-weight: 400;\">, que ens acompanyaran cada dia en les nostres activitats.<\/span><\/li>\n<li style=\"font-weight: 400;\" aria-level=\"1\"><span style=\"font-weight: 400;\">El <\/span><b>rac\u00f3 de la calma<\/b><span style=\"font-weight: 400;\">, un espai pensat per cuidar-nos quan necessitem tranquil\u00b7litat.<\/span><\/li>\n<li style=\"font-weight: 400;\" aria-level=\"1\"><span style=\"font-weight: 400;\">L\u2019<\/span><b>horari<\/b><span style=\"font-weight: 400;\"> i el tauler de les <\/span><b>informacions<\/b><span style=\"font-weight: 400;\">, perqu\u00e8 tothom s\u00e0piga qu\u00e8 passa a l\u2019aula.<\/span><\/li>\n<li style=\"font-weight: 400;\" aria-level=\"1\"><span style=\"font-weight: 400;\">Els <\/span><b>c\u00e0rrecs de responsabilitat<\/b><span style=\"font-weight: 400;\">, que ens ajuden a fer funcionar la classe entre totes i tots.<\/span><\/li>\n<li style=\"font-weight: 400;\" aria-level=\"1\"><span style=\"font-weight: 400;\">L\u2019<\/span><b>armari de jocs<\/b><span style=\"font-weight: 400;\">, que hem ordenat i endre\u00e7at plegats, per gaudir-lo millor.<\/span><\/li>\n<li style=\"font-weight: 400;\" aria-level=\"1\"><span style=\"font-weight: 400;\">Els <\/span><b>acords de com celebrem els aniversaris<\/b><span style=\"font-weight: 400;\">, per a que aquests moments siguin especials i compartits per tothom.<\/span><\/li>\n<li style=\"font-weight: 400;\" aria-level=\"1\"><span style=\"font-weight: 400;\">\u2026<\/span>&nbsp;<\/li>\n<\/ul>\n<p><span style=\"font-weight: 400;\">Cada acci\u00f3, per petita que sembli, \u00e9s un <\/span><b>aprenentatge potent<\/b><span style=\"font-weight: 400;\">: conversar, negociar, decidir, escoltar, respectar, organitzar, assumir responsabilitats\u2026 Tot aix\u00f2 forma part del creixement personal i del <\/span><b>treball en equip <\/b><span style=\"font-weight: 400;\">que volem impulsar i que \u00e9s tan important, no nom\u00e9s dins l\u2019aula, sin\u00f3 tamb\u00e9 <\/span><b>al llarg de tota la vida<\/b><span style=\"font-weight: 400;\">.<\/span><\/p>\n<p><span style=\"font-weight: 400;\">Aix\u00ed, l\u2019aula no \u00e9s nom\u00e9s un lloc f\u00edsic, sin\u00f3 un <\/span><b>espai compartit, viu i significatiu<\/b><span style=\"font-weight: 400;\">, constru\u00eft amb la participaci\u00f3 de cadasc\u00fa. D\u2019aquesta manera, no nom\u00e9s establim les rutines i l\u2019ordre que ens ajudaran a funcionar millor, sin\u00f3 que tamb\u00e9 iniciem el curs amb una experi\u00e8ncia col\u00b7lectiva que ens cohesiona com a grup.<\/span><\/p>\n<p><span style=\"font-weight: 400;\">Aquests primers dies nom\u00e9s s\u00f3n l\u2019inici d\u2019un cam\u00ed que continuarem recorrent plegats. Hem posat les bases, per\u00f2 l\u2019aula segueix sent un espai en construcci\u00f3, ple de noves idees, contextos i viv\u00e8ncies que aniran sorgint.\u00a0<\/span><\/p>\n<p><b>Seguim construint, aprenent i creixent plegats!<\/b><\/p>\n<p><img loading=\"lazy\" decoding=\"async\" class=\"aligncenter size-medium wp-image-23150\" src=\"https:\/\/agora.xtec.cat\/esc-antoniomachado\/wp-content\/uploads\/usu1670\/2025\/09\/IMG_0666-300x300.jpeg\" alt=\"\" width=\"300\" height=\"300\" srcset=\"https:\/\/agora.xtec.cat\/esc-antoniomachado\/wp-content\/uploads\/usu1670\/2025\/09\/IMG_0666-300x300.jpeg 300w, https:\/\/agora.xtec.cat\/esc-antoniomachado\/wp-content\/uploads\/usu1670\/2025\/09\/IMG_0666-1021x1024.jpeg 1021w, https:\/\/agora.xtec.cat\/esc-antoniomachado\/wp-content\/uploads\/usu1670\/2025\/09\/IMG_0666-150x150.jpeg 150w, https:\/\/agora.xtec.cat\/esc-antoniomachado\/wp-content\/uploads\/usu1670\/2025\/09\/IMG_0666-768x771.jpeg 768w, https:\/\/agora.xtec.cat\/esc-antoniomachado\/wp-content\/uploads\/usu1670\/2025\/09\/IMG_0666.jpeg 1170w\" sizes=\"auto, (max-width: 300px) 100vw, 300px\" \/><\/p>\n","protected":false},"excerpt":{"rendered":"<p>Benvolgudes fam\u00edlies, Els primers dies de curs sempre s\u00f3n especials: retrobades, cares noves i sobretot molta il\u00b7lusi\u00f3 per comen\u00e7ar. A la nostra aula hem iniciat el curs amb un context d\u2019aprenentatge que ja s\u2019ha convertit en tradici\u00f3: l\u2019organitzaci\u00f3 de l\u2019aula. Aquest moment inicial ens permet, a tots i totes \u2014alumnat i mestra\u2014, acordar com volem [&hellip;]<\/p>\n","protected":false},"author":4,"featured_media":23150,"comment_status":"open","ping_status":"open","sticky":false,"template":"","format":"standard","meta":{"_bbp_topic_count":0,"_bbp_reply_count":0,"_bbp_total_topic_count":0,"_bbp_total_reply_count":0,"_bbp_voice_count":0,"_bbp_anonymous_reply_count":0,"_bbp_topic_count_hidden":0,"_bbp_reply_count_hidden":0,"_bbp_forum_subforum_count":0,"site-sidebar-layout":"default","site-content-layout":"","ast-site-content-layout":"","site-content-style":"default","site-sidebar-style":"default","ast-global-header-display":"","ast-banner-title-visibility":"","ast-main-header-display":"","ast-hfb-above-header-display":"","ast-hfb-below-header-display":"","ast-hfb-mobile-header-display":"","site-post-title":"","ast-breadcrumbs-content":"","ast-featured-img":"","footer-sml-layout":"","theme-transparent-header-meta":"","adv-header-id-meta":"","stick-header-meta":"","header-above-stick-meta":"","header-main-stick-meta":"","header-below-stick-meta":"","astra-migrate-meta-layouts":"default","ast-page-background-enabled":"default","ast-page-background-meta":{"desktop":{"background-color":"var(--ast-global-color-4)","background-image":"","background-repeat":"repeat","background-position":"center center","background-size":"auto","background-attachment":"scroll","background-type":"","background-media":"","overlay-type":"","overlay-color":"","overlay-opacity":"","overlay-gradient":""},"tablet":{"background-color":"","background-image":"","background-repeat":"repeat","background-position":"center center","background-size":"auto","background-attachment":"scroll","background-type":"","background-media":"","overlay-type":"","overlay-color":"","overlay-opacity":"","overlay-gradient":""},"mobile":{"background-color":"","background-image":"","background-repeat":"repeat","background-position":"center center","background-size":"auto","background-attachment":"scroll","background-type":"","background-media":"","overlay-type":"","overlay-color":"","overlay-opacity":"","overlay-gradient":""}},"ast-content-background-meta":{"desktop":{"background-color":"var(--ast-global-color-5)","background-image":"","background-repeat":"repeat","background-position":"center center","background-size":"auto","background-attachment":"scroll","background-type":"","background-media":"","overlay-type":"","overlay-color":"","overlay-opacity":"","overlay-gradient":""},"tablet":{"background-color":"var(--ast-global-color-5)","background-image":"","background-repeat":"repeat","background-position":"center center","background-size":"auto","background-attachment":"scroll","background-type":"","background-media":"","overlay-type":"","overlay-color":"","overlay-opacity":"","overlay-gradient":""},"mobile":{"background-color":"var(--ast-global-color-5)","background-image":"","background-repeat":"repeat","background-position":"center center","background-size":"auto","background-attachment":"scroll","background-type":"","background-media":"","overlay-type":"","overlay-color":"","overlay-opacity":"","overlay-gradient":""}},"footnotes":""},"categories":[1],"tags":[1293,1406,1405,1174],"class_list":["post-23149","post","type-post","status-publish","format-standard","has-post-thumbnail","hentry","category-noticies","tag-1r-cicle","tag-curs-2025-26","tag-cusachs","tag-multigrau"],"post_mailing_queue_ids":[],"_links":{"self":[{"href":"https:\/\/agora.xtec.cat\/esc-antoniomachado\/wp-json\/wp\/v2\/posts\/23149","targetHints":{"allow":["GET"]}}],"collection":[{"href":"https:\/\/agora.xtec.cat\/esc-antoniomachado\/wp-json\/wp\/v2\/posts"}],"about":[{"href":"https:\/\/agora.xtec.cat\/esc-antoniomachado\/wp-json\/wp\/v2\/types\/post"}],"author":[{"embeddable":true,"href":"https:\/\/agora.xtec.cat\/esc-antoniomachado\/wp-json\/wp\/v2\/users\/4"}],"replies":[{"embeddable":true,"href":"https:\/\/agora.xtec.cat\/esc-antoniomachado\/wp-json\/wp\/v2\/comments?post=23149"}],"version-history":[{"count":2,"href":"https:\/\/agora.xtec.cat\/esc-antoniomachado\/wp-json\/wp\/v2\/posts\/23149\/revisions"}],"predecessor-version":[{"id":23155,"href":"https:\/\/agora.xtec.cat\/esc-antoniomachado\/wp-json\/wp\/v2\/posts\/23149\/revisions\/23155"}],"wp:featuredmedia":[{"embeddable":true,"href":"https:\/\/agora.xtec.cat\/esc-antoniomachado\/wp-json\/wp\/v2\/media\/23150"}],"wp:attachment":[{"href":"https:\/\/agora.xtec.cat\/esc-antoniomachado\/wp-json\/wp\/v2\/media?parent=23149"}],"wp:term":[{"taxonomy":"category","embeddable":true,"href":"https:\/\/agora.xtec.cat\/esc-antoniomachado\/wp-json\/wp\/v2\/categories?post=23149"},{"taxonomy":"post_tag","embeddable":true,"href":"https:\/\/agora.xtec.cat\/esc-antoniomachado\/wp-json\/wp\/v2\/tags?post=23149"}],"curies":[{"name":"wp","href":"https:\/\/api.w.org\/{rel}","templated":true}]}}