{"id":23047,"date":"2025-05-14T13:18:40","date_gmt":"2025-05-14T11:18:40","guid":{"rendered":"https:\/\/agora.xtec.cat\/esc-antoniomachado\/?p=23047"},"modified":"2025-10-03T15:44:02","modified_gmt":"2025-10-03T13:44:02","slug":"concurs-de-fotografia-matematica","status":"publish","type":"post","link":"https:\/\/agora.xtec.cat\/esc-antoniomachado\/noticies\/concurs-de-fotografia-matematica\/","title":{"rendered":"CONCURS DE FOTOGRAFIA MATEM\u00c0TICA"},"content":{"rendered":"<p>Bon dia!<\/p>\n<p>El grup de 3rB estem d&#8217;enhorabona. Aquesta setmana hem rebut la not\u00edcia de que hem guanyat el 1r premi, en la categoria de 2n cicle de prim\u00e0ria, en el VI Concurs de fotografia matem\u00e0tica convocat per APaMMs i organitzat pel Grup \u00c0rea.<\/p>\n<p><span style=\"font-weight: 400;\">En les bases del concurs es demanaven fotografies on es visualitzessin continguts matem\u00e0tics en el seu sentit m\u00e9s ampli i que anessin<\/span><span style=\"font-weight: 400;\"> acompanyades d\u2019un t\u00edtol que expliciti la refer\u00e8ncia al sentit matem\u00e0tic i una descripci\u00f3.<\/span><\/p>\n<p>Aqu\u00ed us presentem la nostra aportaci\u00f3 d&#8217;enguany:<\/p>\n<p style=\"text-align: center;\">MATEM\u00c0TIQUES CIRCULARS<\/p>\n<p>&#8220;Aquesta fotografia la vam fer passejant per la ciutat i buscant les matem\u00e0tiques en el que v\u00e8iem. Jugant amb les anelles vam descobrir que la pilona era de base circular perqu\u00e8 era un cilindre, com les quatre anelles que nom\u00e9s en dibuixaven la l\u00ednia del cercle. Despr\u00e9s, amb la fotografia impresa, vam descobrir que hi trob\u00e0vem moltes m\u00e9s coses: dist\u00e0ncies, diagonals, el n\u00famero 5, un cercle dins un quadrat , volum, pes i simetries. Per tot aix\u00f2 li hem posat aquest t\u00edtol, perqu\u00e8 no \u00e9s nom\u00e9s una cosa, sin\u00f3 moltes.&#8221;<\/p>\n<p><img loading=\"lazy\" decoding=\"async\" class=\"aligncenter size-large wp-image-23048\" src=\"https:\/\/agora.xtec.cat\/esc-antoniomachado\/wp-content\/uploads\/usu1670\/2025\/05\/DSC00083-1024x768.jpg\" alt=\"\" width=\"1024\" height=\"768\" srcset=\"https:\/\/agora.xtec.cat\/esc-antoniomachado\/wp-content\/uploads\/usu1670\/2025\/05\/DSC00083-1024x768.jpg 1024w, https:\/\/agora.xtec.cat\/esc-antoniomachado\/wp-content\/uploads\/usu1670\/2025\/05\/DSC00083-300x225.jpg 300w, https:\/\/agora.xtec.cat\/esc-antoniomachado\/wp-content\/uploads\/usu1670\/2025\/05\/DSC00083-768x576.jpg 768w, https:\/\/agora.xtec.cat\/esc-antoniomachado\/wp-content\/uploads\/usu1670\/2025\/05\/DSC00083-1536x1152.jpg 1536w, https:\/\/agora.xtec.cat\/esc-antoniomachado\/wp-content\/uploads\/usu1670\/2025\/05\/DSC00083-2048x1536.jpg 2048w, https:\/\/agora.xtec.cat\/esc-antoniomachado\/wp-content\/uploads\/usu1670\/2025\/05\/DSC00083-200x150.jpg 200w\" sizes=\"auto, (max-width: 1024px) 100vw, 1024px\" \/><\/p>\n","protected":false},"excerpt":{"rendered":"<p>Bon dia! El grup de 3rB estem d&#8217;enhorabona. Aquesta setmana hem rebut la not\u00edcia de que hem guanyat el 1r premi, en la categoria de 2n cicle de prim\u00e0ria, en el VI Concurs de fotografia matem\u00e0tica convocat per APaMMs i organitzat pel Grup \u00c0rea. En les bases del concurs es demanaven fotografies on es visualitzessin [&hellip;]<\/p>\n","protected":false},"author":4,"featured_media":0,"comment_status":"open","ping_status":"closed","sticky":false,"template":"","format":"standard","meta":{"_bbp_topic_count":0,"_bbp_reply_count":0,"_bbp_total_topic_count":0,"_bbp_total_reply_count":0,"_bbp_voice_count":0,"_bbp_anonymous_reply_count":0,"_bbp_topic_count_hidden":0,"_bbp_reply_count_hidden":0,"_bbp_forum_subforum_count":0,"site-sidebar-layout":"default","site-content-layout":"","ast-site-content-layout":"","site-content-style":"default","site-sidebar-style":"default","ast-global-header-display":"","ast-banner-title-visibility":"","ast-main-header-display":"","ast-hfb-above-header-display":"","ast-hfb-below-header-display":"","ast-hfb-mobile-header-display":"","site-post-title":"","ast-breadcrumbs-content":"","ast-featured-img":"","footer-sml-layout":"","theme-transparent-header-meta":"","adv-header-id-meta":"","stick-header-meta":"","header-above-stick-meta":"","header-main-stick-meta":"","header-below-stick-meta":"","astra-migrate-meta-layouts":"default","ast-page-background-enabled":"default","ast-page-background-meta":{"desktop":{"background-color":"var(--ast-global-color-4)","background-image":"","background-repeat":"repeat","background-position":"center center","background-size":"auto","background-attachment":"scroll","background-type":"","background-media":"","overlay-type":"","overlay-color":"","overlay-opacity":"","overlay-gradient":""},"tablet":{"background-color":"","background-image":"","background-repeat":"repeat","background-position":"center center","background-size":"auto","background-attachment":"scroll","background-type":"","background-media":"","overlay-type":"","overlay-color":"","overlay-opacity":"","overlay-gradient":""},"mobile":{"background-color":"","background-image":"","background-repeat":"repeat","background-position":"center center","background-size":"auto","background-attachment":"scroll","background-type":"","background-media":"","overlay-type":"","overlay-color":"","overlay-opacity":"","overlay-gradient":""}},"ast-content-background-meta":{"desktop":{"background-color":"var(--ast-global-color-5)","background-image":"","background-repeat":"repeat","background-position":"center center","background-size":"auto","background-attachment":"scroll","background-type":"","background-media":"","overlay-type":"","overlay-color":"","overlay-opacity":"","overlay-gradient":""},"tablet":{"background-color":"var(--ast-global-color-5)","background-image":"","background-repeat":"repeat","background-position":"center center","background-size":"auto","background-attachment":"scroll","background-type":"","background-media":"","overlay-type":"","overlay-color":"","overlay-opacity":"","overlay-gradient":""},"mobile":{"background-color":"var(--ast-global-color-5)","background-image":"","background-repeat":"repeat","background-position":"center center","background-size":"auto","background-attachment":"scroll","background-type":"","background-media":"","overlay-type":"","overlay-color":"","overlay-opacity":"","overlay-gradient":""}},"footnotes":""},"categories":[1],"tags":[659,1377,803],"class_list":["post-23047","post","type-post","status-publish","format-standard","hentry","category-noticies","tag-3rb","tag-curs-2024-25","tag-primaria"],"post_mailing_queue_ids":[],"_links":{"self":[{"href":"https:\/\/agora.xtec.cat\/esc-antoniomachado\/wp-json\/wp\/v2\/posts\/23047","targetHints":{"allow":["GET"]}}],"collection":[{"href":"https:\/\/agora.xtec.cat\/esc-antoniomachado\/wp-json\/wp\/v2\/posts"}],"about":[{"href":"https:\/\/agora.xtec.cat\/esc-antoniomachado\/wp-json\/wp\/v2\/types\/post"}],"author":[{"embeddable":true,"href":"https:\/\/agora.xtec.cat\/esc-antoniomachado\/wp-json\/wp\/v2\/users\/4"}],"replies":[{"embeddable":true,"href":"https:\/\/agora.xtec.cat\/esc-antoniomachado\/wp-json\/wp\/v2\/comments?post=23047"}],"version-history":[{"count":2,"href":"https:\/\/agora.xtec.cat\/esc-antoniomachado\/wp-json\/wp\/v2\/posts\/23047\/revisions"}],"predecessor-version":[{"id":23050,"href":"https:\/\/agora.xtec.cat\/esc-antoniomachado\/wp-json\/wp\/v2\/posts\/23047\/revisions\/23050"}],"wp:attachment":[{"href":"https:\/\/agora.xtec.cat\/esc-antoniomachado\/wp-json\/wp\/v2\/media?parent=23047"}],"wp:term":[{"taxonomy":"category","embeddable":true,"href":"https:\/\/agora.xtec.cat\/esc-antoniomachado\/wp-json\/wp\/v2\/categories?post=23047"},{"taxonomy":"post_tag","embeddable":true,"href":"https:\/\/agora.xtec.cat\/esc-antoniomachado\/wp-json\/wp\/v2\/tags?post=23047"}],"curies":[{"name":"wp","href":"https:\/\/api.w.org\/{rel}","templated":true}]}}