{"id":22929,"date":"2025-02-08T12:28:13","date_gmt":"2025-02-08T11:28:13","guid":{"rendered":"https:\/\/agora.xtec.cat\/esc-antoniomachado\/?p=22929"},"modified":"2025-02-08T12:28:13","modified_gmt":"2025-02-08T11:28:13","slug":"com-es-fa-el-dia-i-la-nit","status":"publish","type":"post","link":"https:\/\/agora.xtec.cat\/esc-antoniomachado\/noticies\/com-es-fa-el-dia-i-la-nit\/","title":{"rendered":"COM ES FA EL DIA I LA NIT?"},"content":{"rendered":"<p>Com es fa el dia i la nit? Com es mou el Sol al cel? Amb aquestes dues preguntes, el grup de 3rB s&#8217;han posat mans a l&#8217;obra per trobar-ne les respostes. S&#8217;han convertit en aut\u00e8ntiques ments pensadores que, seguint els passos del m\u00e8tode cient\u00edfic, validaran o refutaran les seves hip\u00f2tesis inicials.<\/p>\n<p>De moment hem compartit les nostres idees i les hem mostrat a la resta a partir de diferents representacions (per escrit, amb un dibuix, amb modelatge de plastilina,&#8230;) i hem decidit quin dels dos processos seguirem per respondre cadascuna de les nostres preguntes: experimentaci\u00f3 o observaci\u00f3.<\/p>\n<p>Ja ho tenim tot pensat i preparat per posar-nos a recollir dades.<\/p>\n<p>Alg\u00fa haur\u00e0 tingut una hip\u00f2tesi encertada? El que tenim clar \u00e9s que pel cam\u00ed ens han sorgit moltes noves preguntes que mirarem de respondre mica en mica.<img loading=\"lazy\" decoding=\"async\" class=\"aligncenter  wp-image-22930\" src=\"https:\/\/agora.xtec.cat\/esc-antoniomachado\/wp-content\/uploads\/usu1670\/2025\/02\/nit-768x1024.jpg\" alt=\"\" width=\"246\" height=\"328\" srcset=\"https:\/\/agora.xtec.cat\/esc-antoniomachado\/wp-content\/uploads\/usu1670\/2025\/02\/nit-768x1024.jpg 768w, https:\/\/agora.xtec.cat\/esc-antoniomachado\/wp-content\/uploads\/usu1670\/2025\/02\/nit-225x300.jpg 225w, https:\/\/agora.xtec.cat\/esc-antoniomachado\/wp-content\/uploads\/usu1670\/2025\/02\/nit-1152x1536.jpg 1152w, https:\/\/agora.xtec.cat\/esc-antoniomachado\/wp-content\/uploads\/usu1670\/2025\/02\/nit-1536x2048.jpg 1536w, https:\/\/agora.xtec.cat\/esc-antoniomachado\/wp-content\/uploads\/usu1670\/2025\/02\/nit-scaled.jpg 1920w\" sizes=\"auto, (max-width: 246px) 100vw, 246px\" \/><\/p>\n","protected":false},"excerpt":{"rendered":"<p>Com es fa el dia i la nit? Com es mou el Sol al cel? Amb aquestes dues preguntes, el grup de 3rB s&#8217;han posat mans a l&#8217;obra per trobar-ne les respostes. S&#8217;han convertit en aut\u00e8ntiques ments pensadores que, seguint els passos del m\u00e8tode cient\u00edfic, validaran o refutaran les seves hip\u00f2tesis inicials. De moment hem [&hellip;]<\/p>\n","protected":false},"author":4,"featured_media":22930,"comment_status":"open","ping_status":"closed","sticky":false,"template":"","format":"standard","meta":{"_bbp_topic_count":0,"_bbp_reply_count":0,"_bbp_total_topic_count":0,"_bbp_total_reply_count":0,"_bbp_voice_count":0,"_bbp_anonymous_reply_count":0,"_bbp_topic_count_hidden":0,"_bbp_reply_count_hidden":0,"_bbp_forum_subforum_count":0,"site-sidebar-layout":"default","site-content-layout":"","ast-site-content-layout":"","site-content-style":"default","site-sidebar-style":"default","ast-global-header-display":"","ast-banner-title-visibility":"","ast-main-header-display":"","ast-hfb-above-header-display":"","ast-hfb-below-header-display":"","ast-hfb-mobile-header-display":"","site-post-title":"","ast-breadcrumbs-content":"","ast-featured-img":"","footer-sml-layout":"","theme-transparent-header-meta":"","adv-header-id-meta":"","stick-header-meta":"","header-above-stick-meta":"","header-main-stick-meta":"","header-below-stick-meta":"","astra-migrate-meta-layouts":"default","ast-page-background-enabled":"default","ast-page-background-meta":{"desktop":{"background-color":"var(--ast-global-color-4)","background-image":"","background-repeat":"repeat","background-position":"center center","background-size":"auto","background-attachment":"scroll","background-type":"","background-media":"","overlay-type":"","overlay-color":"","overlay-opacity":"","overlay-gradient":""},"tablet":{"background-color":"","background-image":"","background-repeat":"repeat","background-position":"center center","background-size":"auto","background-attachment":"scroll","background-type":"","background-media":"","overlay-type":"","overlay-color":"","overlay-opacity":"","overlay-gradient":""},"mobile":{"background-color":"","background-image":"","background-repeat":"repeat","background-position":"center center","background-size":"auto","background-attachment":"scroll","background-type":"","background-media":"","overlay-type":"","overlay-color":"","overlay-opacity":"","overlay-gradient":""}},"ast-content-background-meta":{"desktop":{"background-color":"var(--ast-global-color-5)","background-image":"","background-repeat":"repeat","background-position":"center center","background-size":"auto","background-attachment":"scroll","background-type":"","background-media":"","overlay-type":"","overlay-color":"","overlay-opacity":"","overlay-gradient":""},"tablet":{"background-color":"var(--ast-global-color-5)","background-image":"","background-repeat":"repeat","background-position":"center center","background-size":"auto","background-attachment":"scroll","background-type":"","background-media":"","overlay-type":"","overlay-color":"","overlay-opacity":"","overlay-gradient":""},"mobile":{"background-color":"var(--ast-global-color-5)","background-image":"","background-repeat":"repeat","background-position":"center center","background-size":"auto","background-attachment":"scroll","background-type":"","background-media":"","overlay-type":"","overlay-color":"","overlay-opacity":"","overlay-gradient":""}},"footnotes":""},"categories":[1],"tags":[1292,659,267,1377],"class_list":["post-22929","post","type-post","status-publish","format-standard","has-post-thumbnail","hentry","category-noticies","tag-2n-cicle","tag-3rb","tag-contextos","tag-curs-2024-25"],"post_mailing_queue_ids":[],"_links":{"self":[{"href":"https:\/\/agora.xtec.cat\/esc-antoniomachado\/wp-json\/wp\/v2\/posts\/22929","targetHints":{"allow":["GET"]}}],"collection":[{"href":"https:\/\/agora.xtec.cat\/esc-antoniomachado\/wp-json\/wp\/v2\/posts"}],"about":[{"href":"https:\/\/agora.xtec.cat\/esc-antoniomachado\/wp-json\/wp\/v2\/types\/post"}],"author":[{"embeddable":true,"href":"https:\/\/agora.xtec.cat\/esc-antoniomachado\/wp-json\/wp\/v2\/users\/4"}],"replies":[{"embeddable":true,"href":"https:\/\/agora.xtec.cat\/esc-antoniomachado\/wp-json\/wp\/v2\/comments?post=22929"}],"version-history":[{"count":1,"href":"https:\/\/agora.xtec.cat\/esc-antoniomachado\/wp-json\/wp\/v2\/posts\/22929\/revisions"}],"predecessor-version":[{"id":22931,"href":"https:\/\/agora.xtec.cat\/esc-antoniomachado\/wp-json\/wp\/v2\/posts\/22929\/revisions\/22931"}],"wp:featuredmedia":[{"embeddable":true,"href":"https:\/\/agora.xtec.cat\/esc-antoniomachado\/wp-json\/wp\/v2\/media\/22930"}],"wp:attachment":[{"href":"https:\/\/agora.xtec.cat\/esc-antoniomachado\/wp-json\/wp\/v2\/media?parent=22929"}],"wp:term":[{"taxonomy":"category","embeddable":true,"href":"https:\/\/agora.xtec.cat\/esc-antoniomachado\/wp-json\/wp\/v2\/categories?post=22929"},{"taxonomy":"post_tag","embeddable":true,"href":"https:\/\/agora.xtec.cat\/esc-antoniomachado\/wp-json\/wp\/v2\/tags?post=22929"}],"curies":[{"name":"wp","href":"https:\/\/api.w.org\/{rel}","templated":true}]}}