{"id":22818,"date":"2024-12-03T12:51:54","date_gmt":"2024-12-03T11:51:54","guid":{"rendered":"https:\/\/agora.xtec.cat\/esc-antoniomachado\/?p=22818"},"modified":"2025-10-03T15:45:10","modified_gmt":"2025-10-03T13:45:10","slug":"3-de-desembre-dia-internacional-de-la-diversitat-funcional","status":"publish","type":"post","link":"https:\/\/agora.xtec.cat\/esc-antoniomachado\/noticies\/3-de-desembre-dia-internacional-de-la-diversitat-funcional\/","title":{"rendered":"3 de desembre, Dia Internacional de la Diversitat Funcional!"},"content":{"rendered":"<p>\ud83c\udf0d\ud83d\udc9c Avui, 3 de desembre, celebrem el Dia Internacional de la Diversitat Funcional!<\/p>\n<p>\u00c9s un dia per recordar que la diversitat \u00e9s riquesa i que totes les persones, independentment de les seves capacitats, tenen dret a viure en una societat inclusiva, respectuosa i accessible.<\/p>\n<p>\ud83d\udcaa La diversitat funcional no ens defineix; ens enriqueix. \u00c9s una invitaci\u00f3 a veure el m\u00f3n des de perspectives \u00faniques i a treballar plegats per eliminar barreres f\u00edsiques, socials i actitudinals.<\/p>\n<p>\ud83d\udc69\u200d\ud83e\uddbd\ud83e\uddcf\u200d\u2642\ufe0f\ud83e\uddbb El nostre comprom\u00eds \u00e9s construir una societat on tothom tingui les mateixes oportunitats, on la difer\u00e8ncia no sigui un obstacle, sin\u00f3 una oportunitat d\u2019aprenentatge i creixement.<\/p>\n<p>\u2728 Avui i cada dia: celebrem, respectem i donem suport a la diversitat!<br \/>\n#DiaInternacionalDiversitatFuncional #Inclusi\u00f3 #Respecte #Accessibilitat<\/p>\n<p>&nbsp;<\/p>\n<p>&nbsp;<\/p>\n<p><a href=\"https:\/\/agora.xtec.cat\/esc-antoniomachado\/general\/3-de-desembre-dia-internacional-de-la-diversitat-funcional\/attachment\/divesritat-funcional\/\" rel=\"attachment wp-att-22819\"><img loading=\"lazy\" decoding=\"async\" class=\"aligncenter size-full wp-image-22819\" src=\"https:\/\/agora.xtec.cat\/esc-antoniomachado\/wp-content\/uploads\/usu1670\/2024\/12\/Divesritat-funcional.jpeg\" alt=\"\" width=\"1040\" height=\"720\" srcset=\"https:\/\/agora.xtec.cat\/esc-antoniomachado\/wp-content\/uploads\/usu1670\/2024\/12\/Divesritat-funcional.jpeg 1040w, https:\/\/agora.xtec.cat\/esc-antoniomachado\/wp-content\/uploads\/usu1670\/2024\/12\/Divesritat-funcional-300x208.jpeg 300w, https:\/\/agora.xtec.cat\/esc-antoniomachado\/wp-content\/uploads\/usu1670\/2024\/12\/Divesritat-funcional-1024x709.jpeg 1024w, https:\/\/agora.xtec.cat\/esc-antoniomachado\/wp-content\/uploads\/usu1670\/2024\/12\/Divesritat-funcional-768x532.jpeg 768w\" sizes=\"auto, (max-width: 1040px) 100vw, 1040px\" \/><\/a><\/p>\n","protected":false},"excerpt":{"rendered":"<p>\ud83c\udf0d\ud83d\udc9c Avui, 3 de desembre, celebrem el Dia Internacional de la Diversitat Funcional! \u00c9s un dia per recordar que la diversitat \u00e9s riquesa i que totes les persones, independentment de les seves capacitats, tenen dret a viure en una societat inclusiva, respectuosa i accessible. \ud83d\udcaa La diversitat funcional no ens defineix; ens enriqueix. \u00c9s una [&hellip;]<\/p>\n","protected":false},"author":1,"featured_media":22819,"comment_status":"open","ping_status":"closed","sticky":false,"template":"","format":"standard","meta":{"_bbp_topic_count":0,"_bbp_reply_count":0,"_bbp_total_topic_count":0,"_bbp_total_reply_count":0,"_bbp_voice_count":0,"_bbp_anonymous_reply_count":0,"_bbp_topic_count_hidden":0,"_bbp_reply_count_hidden":0,"_bbp_forum_subforum_count":0,"site-sidebar-layout":"default","site-content-layout":"","ast-site-content-layout":"","site-content-style":"default","site-sidebar-style":"default","ast-global-header-display":"","ast-banner-title-visibility":"","ast-main-header-display":"","ast-hfb-above-header-display":"","ast-hfb-below-header-display":"","ast-hfb-mobile-header-display":"","site-post-title":"","ast-breadcrumbs-content":"","ast-featured-img":"","footer-sml-layout":"","theme-transparent-header-meta":"","adv-header-id-meta":"","stick-header-meta":"","header-above-stick-meta":"","header-main-stick-meta":"","header-below-stick-meta":"","astra-migrate-meta-layouts":"default","ast-page-background-enabled":"default","ast-page-background-meta":{"desktop":{"background-color":"var(--ast-global-color-4)","background-image":"","background-repeat":"repeat","background-position":"center center","background-size":"auto","background-attachment":"scroll","background-type":"","background-media":"","overlay-type":"","overlay-color":"","overlay-opacity":"","overlay-gradient":""},"tablet":{"background-color":"","background-image":"","background-repeat":"repeat","background-position":"center center","background-size":"auto","background-attachment":"scroll","background-type":"","background-media":"","overlay-type":"","overlay-color":"","overlay-opacity":"","overlay-gradient":""},"mobile":{"background-color":"","background-image":"","background-repeat":"repeat","background-position":"center center","background-size":"auto","background-attachment":"scroll","background-type":"","background-media":"","overlay-type":"","overlay-color":"","overlay-opacity":"","overlay-gradient":""}},"ast-content-background-meta":{"desktop":{"background-color":"var(--ast-global-color-5)","background-image":"","background-repeat":"repeat","background-position":"center center","background-size":"auto","background-attachment":"scroll","background-type":"","background-media":"","overlay-type":"","overlay-color":"","overlay-opacity":"","overlay-gradient":""},"tablet":{"background-color":"var(--ast-global-color-5)","background-image":"","background-repeat":"repeat","background-position":"center center","background-size":"auto","background-attachment":"scroll","background-type":"","background-media":"","overlay-type":"","overlay-color":"","overlay-opacity":"","overlay-gradient":""},"mobile":{"background-color":"var(--ast-global-color-5)","background-image":"","background-repeat":"repeat","background-position":"center center","background-size":"auto","background-attachment":"scroll","background-type":"","background-media":"","overlay-type":"","overlay-color":"","overlay-opacity":"","overlay-gradient":""}},"footnotes":""},"categories":[1],"tags":[],"class_list":["post-22818","post","type-post","status-publish","format-standard","has-post-thumbnail","hentry","category-noticies"],"post_mailing_queue_ids":[],"_links":{"self":[{"href":"https:\/\/agora.xtec.cat\/esc-antoniomachado\/wp-json\/wp\/v2\/posts\/22818","targetHints":{"allow":["GET"]}}],"collection":[{"href":"https:\/\/agora.xtec.cat\/esc-antoniomachado\/wp-json\/wp\/v2\/posts"}],"about":[{"href":"https:\/\/agora.xtec.cat\/esc-antoniomachado\/wp-json\/wp\/v2\/types\/post"}],"author":[{"embeddable":true,"href":"https:\/\/agora.xtec.cat\/esc-antoniomachado\/wp-json\/wp\/v2\/users\/1"}],"replies":[{"embeddable":true,"href":"https:\/\/agora.xtec.cat\/esc-antoniomachado\/wp-json\/wp\/v2\/comments?post=22818"}],"version-history":[{"count":2,"href":"https:\/\/agora.xtec.cat\/esc-antoniomachado\/wp-json\/wp\/v2\/posts\/22818\/revisions"}],"predecessor-version":[{"id":22821,"href":"https:\/\/agora.xtec.cat\/esc-antoniomachado\/wp-json\/wp\/v2\/posts\/22818\/revisions\/22821"}],"wp:featuredmedia":[{"embeddable":true,"href":"https:\/\/agora.xtec.cat\/esc-antoniomachado\/wp-json\/wp\/v2\/media\/22819"}],"wp:attachment":[{"href":"https:\/\/agora.xtec.cat\/esc-antoniomachado\/wp-json\/wp\/v2\/media?parent=22818"}],"wp:term":[{"taxonomy":"category","embeddable":true,"href":"https:\/\/agora.xtec.cat\/esc-antoniomachado\/wp-json\/wp\/v2\/categories?post=22818"},{"taxonomy":"post_tag","embeddable":true,"href":"https:\/\/agora.xtec.cat\/esc-antoniomachado\/wp-json\/wp\/v2\/tags?post=22818"}],"curies":[{"name":"wp","href":"https:\/\/api.w.org\/{rel}","templated":true}]}}