{"id":22752,"date":"2024-10-29T18:06:19","date_gmt":"2024-10-29T17:06:19","guid":{"rendered":"https:\/\/agora.xtec.cat\/esc-antoniomachado\/?p=22752"},"modified":"2024-10-31T18:36:19","modified_gmt":"2024-10-31T17:36:19","slug":"experts-a-laula","status":"publish","type":"post","link":"https:\/\/agora.xtec.cat\/esc-antoniomachado\/noticies\/experts-a-laula\/","title":{"rendered":"EXPERTS A L&#8217;AULA"},"content":{"rendered":"<p>Avui, han vingut a vistitar-nos uns experts naturalistes, des de l&#8217;Escola de Natura <a href=\"https:\/\/ursusnatura.wordpress.com\/\">URSUS<\/a>.<\/p>\n<p>Gr\u00e0cies a la seva visita, hem descobert que no en tenim granotes, si no que en tenim gripaus! Concretament, GRIPAUS CORREDORS (<em>Epidalea calamita<\/em>).<\/p>\n<p>Hem apr\u00e9s que tant els gripaus com les granotes pertanyen a un grup d&#8217;animals: els <strong>amfibis<\/strong>. Aquesta paraula ve de l&#8217;antiguitat i significa que &#8220;viu a dos llocs&#8221;. \u00c9s cert! quan s\u00f3n capgrossos viuen a l&#8217;aigua i un cop s\u00f3n granotes viuen a la terra. Tamb\u00e9 que s\u00f3n <strong>animals vertebrats<\/strong>, que significa que aquests animals tenen ossos per dintre, tenen esquelet.<\/p>\n<p>A m\u00e9s, han resolt els nostres dubtes i ens han orientat en la resoluci\u00f3 de les hip\u00f2tesis plantejades sobre el per qu\u00e8 se&#8217;ns moren les nostres granotes.<\/p>\n<p>Algunes de les hip\u00f2tesis formulades a l&#8217;aula:<br \/>\n&#8211; MOREN PERQU\u00c8 HI HA MOLT SOROLL.<br \/>\n&#8211; PER L\u2019AIGUA QUE LI POSEM, QUE EN T\u00c9 CLORO.<br \/>\n&#8211; NO LI AGRADEN ELS CUCS.<br \/>\n&#8211; LES TOQUEM MOLT FORT.<br \/>\n&#8211; PERQU\u00c8 UN GRILL LES HA MATAT. ELS HA ATACAT.<br \/>\n&#8211; NO LI POSEM MENJAR CADA DIA, COM NOSALTRES.<br \/>\n&#8211; PERQU\u00c8 NO HI S\u00d3N AL SEU LLOC (HABITAT).<br \/>\n&#8211; PERQU\u00c8 NECESSITEN LLIBERTAT.<br \/>\n&#8211; PERQU\u00c8 TENEN UNA MICA DE CALOR.<br \/>\n&#8211; PERQU\u00c8 SE\u2019LS HA ACABAT LA VIDA. NO PODEN VIURE M\u00c9S.<br \/>\n&#8211; PERQU\u00c8 S\u2019HA ESCANYAT AMB UNA POTA D\u2019UN GRILL.<br \/>\n&#8211; PERQU\u00c8 POTSER NO TENEN MOLT ESPAI PER SALTAR.<br \/>\n&#8211; POTSER NECESSITEN SOL.<br \/>\n&#8211; S\u2019HAN RELLISCAT AMB LES PEDRES DEL TERRARI.<br \/>\n&#8211; NECESSITEN FULLES. AL BOSC TENEN FULLES I ES PUGEN A DALT.<br \/>\n&#8211; &#8230;<\/p>\n<p>En definitiva, segons els experts, totes les nostres hip\u00f2tesis s\u00f3n certes! Totes tenen a veure amb el captiveri d&#8217;un animal que ha de viure en llibertat.<br \/>\nLa seva recomanaci\u00f3 \u00e9s que deixem anar aquests gripaus i, en llibertat, seran completament feli\u00e7os i tindran la possibilitat de sobreviure.<\/p>\n<p>Ens han donat un missatge que intentarem respectar i transmetre:<br \/>\n&#8220;No agafeu res del bosc i aix\u00ed sempre estar\u00e0 all\u00e0 per a tothom&#8221;<\/p>\n<p>Gr\u00e0cies per compartir amb nosaltres els vostres sabers i la vostra experi\u00e8ncia \ud83d\ude09<\/p>\n<p>Seguim!<\/p>\n<p><img loading=\"lazy\" decoding=\"async\" class=\"aligncenter size-large wp-image-22754\" src=\"https:\/\/agora.xtec.cat\/esc-antoniomachado\/wp-content\/uploads\/usu1670\/2024\/10\/photo-output-1-1024x1024.jpg\" alt=\"\" width=\"1024\" height=\"1024\" srcset=\"https:\/\/agora.xtec.cat\/esc-antoniomachado\/wp-content\/uploads\/usu1670\/2024\/10\/photo-output-1-1024x1024.jpg 1024w, https:\/\/agora.xtec.cat\/esc-antoniomachado\/wp-content\/uploads\/usu1670\/2024\/10\/photo-output-1-300x300.jpg 300w, https:\/\/agora.xtec.cat\/esc-antoniomachado\/wp-content\/uploads\/usu1670\/2024\/10\/photo-output-1-150x150.jpg 150w, https:\/\/agora.xtec.cat\/esc-antoniomachado\/wp-content\/uploads\/usu1670\/2024\/10\/photo-output-1-768x768.jpg 768w, https:\/\/agora.xtec.cat\/esc-antoniomachado\/wp-content\/uploads\/usu1670\/2024\/10\/photo-output-1-1536x1536.jpg 1536w, https:\/\/agora.xtec.cat\/esc-antoniomachado\/wp-content\/uploads\/usu1670\/2024\/10\/photo-output-1-2048x2048.jpg 2048w\" sizes=\"auto, (max-width: 1024px) 100vw, 1024px\" \/><\/p>\n","protected":false},"excerpt":{"rendered":"<p>Avui, han vingut a vistitar-nos uns experts naturalistes, des de l&#8217;Escola de Natura URSUS. Gr\u00e0cies a la seva visita, hem descobert que no en tenim granotes, si no que en tenim gripaus! Concretament, GRIPAUS CORREDORS (Epidalea calamita). Hem apr\u00e9s que tant els gripaus com les granotes pertanyen a un grup d&#8217;animals: els amfibis. Aquesta paraula [&hellip;]<\/p>\n","protected":false},"author":4,"featured_media":22753,"comment_status":"open","ping_status":"closed","sticky":false,"template":"","format":"standard","meta":{"_bbp_topic_count":0,"_bbp_reply_count":0,"_bbp_total_topic_count":0,"_bbp_total_reply_count":0,"_bbp_voice_count":0,"_bbp_anonymous_reply_count":0,"_bbp_topic_count_hidden":0,"_bbp_reply_count_hidden":0,"_bbp_forum_subforum_count":0,"site-sidebar-layout":"default","site-content-layout":"","ast-site-content-layout":"","site-content-style":"default","site-sidebar-style":"default","ast-global-header-display":"","ast-banner-title-visibility":"","ast-main-header-display":"","ast-hfb-above-header-display":"","ast-hfb-below-header-display":"","ast-hfb-mobile-header-display":"","site-post-title":"","ast-breadcrumbs-content":"","ast-featured-img":"","footer-sml-layout":"","theme-transparent-header-meta":"","adv-header-id-meta":"","stick-header-meta":"","header-above-stick-meta":"","header-main-stick-meta":"","header-below-stick-meta":"","astra-migrate-meta-layouts":"default","ast-page-background-enabled":"default","ast-page-background-meta":{"desktop":{"background-color":"var(--ast-global-color-4)","background-image":"","background-repeat":"repeat","background-position":"center center","background-size":"auto","background-attachment":"scroll","background-type":"","background-media":"","overlay-type":"","overlay-color":"","overlay-opacity":"","overlay-gradient":""},"tablet":{"background-color":"","background-image":"","background-repeat":"repeat","background-position":"center center","background-size":"auto","background-attachment":"scroll","background-type":"","background-media":"","overlay-type":"","overlay-color":"","overlay-opacity":"","overlay-gradient":""},"mobile":{"background-color":"","background-image":"","background-repeat":"repeat","background-position":"center center","background-size":"auto","background-attachment":"scroll","background-type":"","background-media":"","overlay-type":"","overlay-color":"","overlay-opacity":"","overlay-gradient":""}},"ast-content-background-meta":{"desktop":{"background-color":"var(--ast-global-color-5)","background-image":"","background-repeat":"repeat","background-position":"center center","background-size":"auto","background-attachment":"scroll","background-type":"","background-media":"","overlay-type":"","overlay-color":"","overlay-opacity":"","overlay-gradient":""},"tablet":{"background-color":"var(--ast-global-color-5)","background-image":"","background-repeat":"repeat","background-position":"center center","background-size":"auto","background-attachment":"scroll","background-type":"","background-media":"","overlay-type":"","overlay-color":"","overlay-opacity":"","overlay-gradient":""},"mobile":{"background-color":"var(--ast-global-color-5)","background-image":"","background-repeat":"repeat","background-position":"center center","background-size":"auto","background-attachment":"scroll","background-type":"","background-media":"","overlay-type":"","overlay-color":"","overlay-opacity":"","overlay-gradient":""}},"footnotes":""},"categories":[1],"tags":[],"class_list":["post-22752","post","type-post","status-publish","format-standard","has-post-thumbnail","hentry","category-noticies"],"post_mailing_queue_ids":[],"_links":{"self":[{"href":"https:\/\/agora.xtec.cat\/esc-antoniomachado\/wp-json\/wp\/v2\/posts\/22752","targetHints":{"allow":["GET"]}}],"collection":[{"href":"https:\/\/agora.xtec.cat\/esc-antoniomachado\/wp-json\/wp\/v2\/posts"}],"about":[{"href":"https:\/\/agora.xtec.cat\/esc-antoniomachado\/wp-json\/wp\/v2\/types\/post"}],"author":[{"embeddable":true,"href":"https:\/\/agora.xtec.cat\/esc-antoniomachado\/wp-json\/wp\/v2\/users\/4"}],"replies":[{"embeddable":true,"href":"https:\/\/agora.xtec.cat\/esc-antoniomachado\/wp-json\/wp\/v2\/comments?post=22752"}],"version-history":[{"count":1,"href":"https:\/\/agora.xtec.cat\/esc-antoniomachado\/wp-json\/wp\/v2\/posts\/22752\/revisions"}],"predecessor-version":[{"id":22755,"href":"https:\/\/agora.xtec.cat\/esc-antoniomachado\/wp-json\/wp\/v2\/posts\/22752\/revisions\/22755"}],"wp:featuredmedia":[{"embeddable":true,"href":"https:\/\/agora.xtec.cat\/esc-antoniomachado\/wp-json\/wp\/v2\/media\/22753"}],"wp:attachment":[{"href":"https:\/\/agora.xtec.cat\/esc-antoniomachado\/wp-json\/wp\/v2\/media?parent=22752"}],"wp:term":[{"taxonomy":"category","embeddable":true,"href":"https:\/\/agora.xtec.cat\/esc-antoniomachado\/wp-json\/wp\/v2\/categories?post=22752"},{"taxonomy":"post_tag","embeddable":true,"href":"https:\/\/agora.xtec.cat\/esc-antoniomachado\/wp-json\/wp\/v2\/tags?post=22752"}],"curies":[{"name":"wp","href":"https:\/\/api.w.org\/{rel}","templated":true}]}}