{"id":22712,"date":"2024-10-24T10:08:11","date_gmt":"2024-10-24T08:08:11","guid":{"rendered":"https:\/\/agora.xtec.cat\/esc-antoniomachado\/?p=22712"},"modified":"2025-10-03T15:45:49","modified_gmt":"2025-10-03T13:45:49","slug":"24-doctubre-dia-de-les-biblioteques-escolars","status":"publish","type":"post","link":"https:\/\/agora.xtec.cat\/esc-antoniomachado\/noticies\/24-doctubre-dia-de-les-biblioteques-escolars\/","title":{"rendered":"24 D&#8217;OCTUBRE, DIA DE LES BIBLIOTEQUES ESCOLARS"},"content":{"rendered":"<p>&nbsp;<\/p>\n<p>&nbsp;<\/p>\n<p><a href=\"https:\/\/agora.xtec.cat\/esc-antoniomachado\/general\/24-doctubre-dia-de-les-biblioteques-escolars\/attachment\/whatsapp-image-2024-10-24-at-06-34-23\/\" rel=\"attachment wp-att-22713\"><img loading=\"lazy\" decoding=\"async\" class=\"aligncenter wp-image-22713 size-medium\" src=\"https:\/\/agora.xtec.cat\/esc-antoniomachado\/wp-content\/uploads\/usu1670\/2024\/10\/WhatsApp-Image-2024-10-24-at-06.34.23-218x300.jpeg\" alt=\"\" width=\"218\" height=\"300\" srcset=\"https:\/\/agora.xtec.cat\/esc-antoniomachado\/wp-content\/uploads\/usu1670\/2024\/10\/WhatsApp-Image-2024-10-24-at-06.34.23-218x300.jpeg 218w, https:\/\/agora.xtec.cat\/esc-antoniomachado\/wp-content\/uploads\/usu1670\/2024\/10\/WhatsApp-Image-2024-10-24-at-06.34.23-742x1024.jpeg 742w, https:\/\/agora.xtec.cat\/esc-antoniomachado\/wp-content\/uploads\/usu1670\/2024\/10\/WhatsApp-Image-2024-10-24-at-06.34.23-768x1059.jpeg 768w, https:\/\/agora.xtec.cat\/esc-antoniomachado\/wp-content\/uploads\/usu1670\/2024\/10\/WhatsApp-Image-2024-10-24-at-06.34.23-1114x1536.jpeg 1114w, https:\/\/agora.xtec.cat\/esc-antoniomachado\/wp-content\/uploads\/usu1670\/2024\/10\/WhatsApp-Image-2024-10-24-at-06.34.23.jpeg 1160w\" sizes=\"auto, (max-width: 218px) 100vw, 218px\" \/><\/a><\/p>\n<p>Avui 24 d&#8217;octubre \u00e9s el dia de la Biblioteca Escolar, volem fer un reconeixement molt especial a totes les persones que, amb tant d\u2019amor i dedicaci\u00f3, han fet possible que la nostra biblioteca estigui m\u00e9s a prop que mai de ser una realitat.<\/p>\n<p>En primer lloc, moltes gr\u00e0cies a la Merc\u00e8, que ha estat al capdavant d\u2019aquest projecte des de fa m\u00e9s d\u2019un any, amb una passi\u00f3 i energia encomiables.<br \/>\nTamb\u00e9 volem agrair de tot cor la implicaci\u00f3 de mares com la Merche i la Vero, la Coral, \u00e0via, tamb\u00e9, de l\u2019escola, aix\u00ed com altres voluntaris que han estat col\u00b7laborant de manera espor\u00e0dica, per\u00f2 amb la mateixa il\u00b7lusi\u00f3.<br \/>\nLa vostra dedicaci\u00f3 est\u00e0 sembrant un futur ple d\u2019oportunitats per als nostres infants. Sense vosaltres, res d\u2019aix\u00f2 no seria possible.<\/p>\n<p>\u201cUna biblioteca \u00e9s una porta oberta a milers d\u2019aventures i somnis per als m\u00e9s petits.\u201d<\/p>\n<p>Gr\u00e0cies per fer que aquesta porta estigui cada cop m\u00e9s a prop d\u2019obrir-se.<\/p>\n<p>&nbsp;<\/p>\n","protected":false},"excerpt":{"rendered":"<p>&nbsp; &nbsp; Avui 24 d&#8217;octubre \u00e9s el dia de la Biblioteca Escolar, volem fer un reconeixement molt especial a totes les persones que, amb tant d\u2019amor i dedicaci\u00f3, han fet possible que la nostra biblioteca estigui m\u00e9s a prop que mai de ser una realitat. En primer lloc, moltes gr\u00e0cies a la Merc\u00e8, que ha [&hellip;]<\/p>\n","protected":false},"author":1,"featured_media":22713,"comment_status":"open","ping_status":"closed","sticky":false,"template":"","format":"standard","meta":{"_bbp_topic_count":0,"_bbp_reply_count":0,"_bbp_total_topic_count":0,"_bbp_total_reply_count":0,"_bbp_voice_count":0,"_bbp_anonymous_reply_count":0,"_bbp_topic_count_hidden":0,"_bbp_reply_count_hidden":0,"_bbp_forum_subforum_count":0,"site-sidebar-layout":"default","site-content-layout":"","ast-site-content-layout":"","site-content-style":"default","site-sidebar-style":"default","ast-global-header-display":"","ast-banner-title-visibility":"","ast-main-header-display":"","ast-hfb-above-header-display":"","ast-hfb-below-header-display":"","ast-hfb-mobile-header-display":"","site-post-title":"","ast-breadcrumbs-content":"","ast-featured-img":"","footer-sml-layout":"","theme-transparent-header-meta":"","adv-header-id-meta":"","stick-header-meta":"","header-above-stick-meta":"","header-main-stick-meta":"","header-below-stick-meta":"","astra-migrate-meta-layouts":"default","ast-page-background-enabled":"default","ast-page-background-meta":{"desktop":{"background-color":"var(--ast-global-color-4)","background-image":"","background-repeat":"repeat","background-position":"center center","background-size":"auto","background-attachment":"scroll","background-type":"","background-media":"","overlay-type":"","overlay-color":"","overlay-opacity":"","overlay-gradient":""},"tablet":{"background-color":"","background-image":"","background-repeat":"repeat","background-position":"center center","background-size":"auto","background-attachment":"scroll","background-type":"","background-media":"","overlay-type":"","overlay-color":"","overlay-opacity":"","overlay-gradient":""},"mobile":{"background-color":"","background-image":"","background-repeat":"repeat","background-position":"center center","background-size":"auto","background-attachment":"scroll","background-type":"","background-media":"","overlay-type":"","overlay-color":"","overlay-opacity":"","overlay-gradient":""}},"ast-content-background-meta":{"desktop":{"background-color":"var(--ast-global-color-5)","background-image":"","background-repeat":"repeat","background-position":"center center","background-size":"auto","background-attachment":"scroll","background-type":"","background-media":"","overlay-type":"","overlay-color":"","overlay-opacity":"","overlay-gradient":""},"tablet":{"background-color":"var(--ast-global-color-5)","background-image":"","background-repeat":"repeat","background-position":"center center","background-size":"auto","background-attachment":"scroll","background-type":"","background-media":"","overlay-type":"","overlay-color":"","overlay-opacity":"","overlay-gradient":""},"mobile":{"background-color":"var(--ast-global-color-5)","background-image":"","background-repeat":"repeat","background-position":"center center","background-size":"auto","background-attachment":"scroll","background-type":"","background-media":"","overlay-type":"","overlay-color":"","overlay-opacity":"","overlay-gradient":""}},"footnotes":""},"categories":[1],"tags":[],"class_list":["post-22712","post","type-post","status-publish","format-standard","has-post-thumbnail","hentry","category-noticies"],"post_mailing_queue_ids":[],"_links":{"self":[{"href":"https:\/\/agora.xtec.cat\/esc-antoniomachado\/wp-json\/wp\/v2\/posts\/22712","targetHints":{"allow":["GET"]}}],"collection":[{"href":"https:\/\/agora.xtec.cat\/esc-antoniomachado\/wp-json\/wp\/v2\/posts"}],"about":[{"href":"https:\/\/agora.xtec.cat\/esc-antoniomachado\/wp-json\/wp\/v2\/types\/post"}],"author":[{"embeddable":true,"href":"https:\/\/agora.xtec.cat\/esc-antoniomachado\/wp-json\/wp\/v2\/users\/1"}],"replies":[{"embeddable":true,"href":"https:\/\/agora.xtec.cat\/esc-antoniomachado\/wp-json\/wp\/v2\/comments?post=22712"}],"version-history":[{"count":4,"href":"https:\/\/agora.xtec.cat\/esc-antoniomachado\/wp-json\/wp\/v2\/posts\/22712\/revisions"}],"predecessor-version":[{"id":22870,"href":"https:\/\/agora.xtec.cat\/esc-antoniomachado\/wp-json\/wp\/v2\/posts\/22712\/revisions\/22870"}],"wp:featuredmedia":[{"embeddable":true,"href":"https:\/\/agora.xtec.cat\/esc-antoniomachado\/wp-json\/wp\/v2\/media\/22713"}],"wp:attachment":[{"href":"https:\/\/agora.xtec.cat\/esc-antoniomachado\/wp-json\/wp\/v2\/media?parent=22712"}],"wp:term":[{"taxonomy":"category","embeddable":true,"href":"https:\/\/agora.xtec.cat\/esc-antoniomachado\/wp-json\/wp\/v2\/categories?post=22712"},{"taxonomy":"post_tag","embeddable":true,"href":"https:\/\/agora.xtec.cat\/esc-antoniomachado\/wp-json\/wp\/v2\/tags?post=22712"}],"curies":[{"name":"wp","href":"https:\/\/api.w.org\/{rel}","templated":true}]}}