{"id":22639,"date":"2024-10-04T16:52:45","date_gmt":"2024-10-04T14:52:45","guid":{"rendered":"https:\/\/agora.xtec.cat\/esc-antoniomachado\/?p=22639"},"modified":"2024-10-06T22:28:27","modified_gmt":"2024-10-06T20:28:27","slug":"larbre-de-lamistat","status":"publish","type":"post","link":"https:\/\/agora.xtec.cat\/esc-antoniomachado\/noticies\/larbre-de-lamistat\/","title":{"rendered":"L&#8217;ARBRE DE L&#8217;AMISTAT"},"content":{"rendered":"<p><img loading=\"lazy\" decoding=\"async\" class=\"aligncenter size-large wp-image-22648\" src=\"https:\/\/agora.xtec.cat\/esc-antoniomachado\/wp-content\/uploads\/usu1670\/2024\/10\/IMG_90812-912x1024.jpg\" alt=\"\" width=\"912\" height=\"1024\" srcset=\"https:\/\/agora.xtec.cat\/esc-antoniomachado\/wp-content\/uploads\/usu1670\/2024\/10\/IMG_90812-912x1024.jpg 912w, https:\/\/agora.xtec.cat\/esc-antoniomachado\/wp-content\/uploads\/usu1670\/2024\/10\/IMG_90812-267x300.jpg 267w, https:\/\/agora.xtec.cat\/esc-antoniomachado\/wp-content\/uploads\/usu1670\/2024\/10\/IMG_90812-768x863.jpg 768w, https:\/\/agora.xtec.cat\/esc-antoniomachado\/wp-content\/uploads\/usu1670\/2024\/10\/IMG_90812-1367x1536.jpg 1367w, https:\/\/agora.xtec.cat\/esc-antoniomachado\/wp-content\/uploads\/usu1670\/2024\/10\/IMG_90812-1823x2048.jpg 1823w\" sizes=\"auto, (max-width: 912px) 100vw, 912px\" \/><br \/>\nEl conte de l&#8217;Arbre de l&#8217;Amistat de Britta Teckentrup parla de l&#8217;amistat com un arbre m\u00e0gic i preci\u00f3s que nom\u00e9s creix si es rega amb afecte i amabilitat cap als altres. Un bon recurs per crear vincle i relacions assertives entre tots i totes.<br \/>\nA m\u00e9s aquest conte ens ha inspirat per realitzar les nostres rutines i c\u00e0rrecs a l&#8217;aula, d&#8217;una manera visual i manipulativa. Els nens i nenes de la classe d&#8217;en Joan Mir\u00f3 tenim el nostre propi arbre i cada dia hem de col\u00b7locar la nostra llesca de fusta. Alhora els encarregats o encarregades col\u00b7locaran les llesques dels infants que no han vingut a dins de casa.<\/p>\n<p>Qu\u00e8 us sembla la nostra rutina?<\/p>\n","protected":false},"excerpt":{"rendered":"<p>El conte de l&#8217;Arbre de l&#8217;Amistat de Britta Teckentrup parla de l&#8217;amistat com un arbre m\u00e0gic i preci\u00f3s que nom\u00e9s creix si es rega amb afecte i amabilitat cap als altres. Un bon recurs per crear vincle i relacions assertives entre tots i totes. A m\u00e9s aquest conte ens ha inspirat per realitzar les nostres [&hellip;]<\/p>\n","protected":false},"author":4,"featured_media":22648,"comment_status":"open","ping_status":"closed","sticky":false,"template":"","format":"standard","meta":{"_bbp_topic_count":0,"_bbp_reply_count":0,"_bbp_total_topic_count":0,"_bbp_total_reply_count":0,"_bbp_voice_count":0,"_bbp_anonymous_reply_count":0,"_bbp_topic_count_hidden":0,"_bbp_reply_count_hidden":0,"_bbp_forum_subforum_count":0,"site-sidebar-layout":"default","site-content-layout":"","ast-site-content-layout":"","site-content-style":"default","site-sidebar-style":"default","ast-global-header-display":"","ast-banner-title-visibility":"","ast-main-header-display":"","ast-hfb-above-header-display":"","ast-hfb-below-header-display":"","ast-hfb-mobile-header-display":"","site-post-title":"","ast-breadcrumbs-content":"","ast-featured-img":"","footer-sml-layout":"","theme-transparent-header-meta":"","adv-header-id-meta":"","stick-header-meta":"","header-above-stick-meta":"","header-main-stick-meta":"","header-below-stick-meta":"","astra-migrate-meta-layouts":"default","ast-page-background-enabled":"default","ast-page-background-meta":{"desktop":{"background-color":"var(--ast-global-color-4)","background-image":"","background-repeat":"repeat","background-position":"center center","background-size":"auto","background-attachment":"scroll","background-type":"","background-media":"","overlay-type":"","overlay-color":"","overlay-opacity":"","overlay-gradient":""},"tablet":{"background-color":"","background-image":"","background-repeat":"repeat","background-position":"center center","background-size":"auto","background-attachment":"scroll","background-type":"","background-media":"","overlay-type":"","overlay-color":"","overlay-opacity":"","overlay-gradient":""},"mobile":{"background-color":"","background-image":"","background-repeat":"repeat","background-position":"center center","background-size":"auto","background-attachment":"scroll","background-type":"","background-media":"","overlay-type":"","overlay-color":"","overlay-opacity":"","overlay-gradient":""}},"ast-content-background-meta":{"desktop":{"background-color":"var(--ast-global-color-5)","background-image":"","background-repeat":"repeat","background-position":"center center","background-size":"auto","background-attachment":"scroll","background-type":"","background-media":"","overlay-type":"","overlay-color":"","overlay-opacity":"","overlay-gradient":""},"tablet":{"background-color":"var(--ast-global-color-5)","background-image":"","background-repeat":"repeat","background-position":"center center","background-size":"auto","background-attachment":"scroll","background-type":"","background-media":"","overlay-type":"","overlay-color":"","overlay-opacity":"","overlay-gradient":""},"mobile":{"background-color":"var(--ast-global-color-5)","background-image":"","background-repeat":"repeat","background-position":"center center","background-size":"auto","background-attachment":"scroll","background-type":"","background-media":"","overlay-type":"","overlay-color":"","overlay-opacity":"","overlay-gradient":""}},"footnotes":""},"categories":[1],"tags":[1203,883],"class_list":["post-22639","post","type-post","status-publish","format-standard","has-post-thumbnail","hentry","category-noticies","tag-miro","tag-rutines"],"post_mailing_queue_ids":[],"_links":{"self":[{"href":"https:\/\/agora.xtec.cat\/esc-antoniomachado\/wp-json\/wp\/v2\/posts\/22639","targetHints":{"allow":["GET"]}}],"collection":[{"href":"https:\/\/agora.xtec.cat\/esc-antoniomachado\/wp-json\/wp\/v2\/posts"}],"about":[{"href":"https:\/\/agora.xtec.cat\/esc-antoniomachado\/wp-json\/wp\/v2\/types\/post"}],"author":[{"embeddable":true,"href":"https:\/\/agora.xtec.cat\/esc-antoniomachado\/wp-json\/wp\/v2\/users\/4"}],"replies":[{"embeddable":true,"href":"https:\/\/agora.xtec.cat\/esc-antoniomachado\/wp-json\/wp\/v2\/comments?post=22639"}],"version-history":[{"count":6,"href":"https:\/\/agora.xtec.cat\/esc-antoniomachado\/wp-json\/wp\/v2\/posts\/22639\/revisions"}],"predecessor-version":[{"id":22660,"href":"https:\/\/agora.xtec.cat\/esc-antoniomachado\/wp-json\/wp\/v2\/posts\/22639\/revisions\/22660"}],"wp:featuredmedia":[{"embeddable":true,"href":"https:\/\/agora.xtec.cat\/esc-antoniomachado\/wp-json\/wp\/v2\/media\/22648"}],"wp:attachment":[{"href":"https:\/\/agora.xtec.cat\/esc-antoniomachado\/wp-json\/wp\/v2\/media?parent=22639"}],"wp:term":[{"taxonomy":"category","embeddable":true,"href":"https:\/\/agora.xtec.cat\/esc-antoniomachado\/wp-json\/wp\/v2\/categories?post=22639"},{"taxonomy":"post_tag","embeddable":true,"href":"https:\/\/agora.xtec.cat\/esc-antoniomachado\/wp-json\/wp\/v2\/tags?post=22639"}],"curies":[{"name":"wp","href":"https:\/\/api.w.org\/{rel}","templated":true}]}}