{"id":22482,"date":"2024-06-06T14:35:47","date_gmt":"2024-06-06T12:35:47","guid":{"rendered":"https:\/\/agora.xtec.cat\/esc-antoniomachado\/?p=22482"},"modified":"2024-06-25T11:41:20","modified_gmt":"2024-06-25T09:41:20","slug":"concert-dukelele-a-lescola-bressol-elna","status":"publish","type":"post","link":"https:\/\/agora.xtec.cat\/esc-antoniomachado\/noticies\/concert-dukelele-a-lescola-bressol-elna\/","title":{"rendered":"CONCERT D&#8217;UKELELE A L&#8217;ESCOLA BRESSOL ELNA"},"content":{"rendered":"<p>El passat dimarts, els i les alumnes de 4t de Prim\u00e0ria van tenir l\u2019oportunitat de viure una experi\u00e8ncia enriquidora i emocionant a l\u2019escola bressol Elna. Amb els ukeleles a les mans i un somriure d\u2019orella a orella, els nostres joves m\u00fasics van oferir un concert molt especial pels m\u00e9s petits.<\/p>\n<p>Aquest esdeveniment va ser un intercanvi de generacions, on els estudiants van compartir no nom\u00e9s la seva m\u00fasica, sin\u00f3 tamb\u00e9 moments de diversi\u00f3 i aprenentatge mutu amb els infants de l\u2019escola bressol. Els petits se&#8217;ls va veure gaudir molt escoltant les can\u00e7onetes i tamb\u00e9, van participar activament ballant i cantant.<\/p>\n<p>Durant l\u2019actuaci\u00f3, els alumnes de 4t van demostrar la seva evoluci\u00f3 i destresa amb l\u2019ukelele, interpretant can\u00e7ons tants infantils, com del repertori estudiat a l&#8217;aula, plenes de ritme i energia. A m\u00e9s, van aprofitar per interactuar amb els infants, animant-los a picar de mans i a seguir el ritme. Aquesta interacci\u00f3 va crear un ambient festiu i molt divertit, on tothom es va sentir part\u00edcip i connectat. Aix\u00ed doncs, els infants de l\u2019escola bressol van respondre amb entusiasme, rialles i somriures, seguint les indicacions i deixant-se portar per la m\u00e0gia de la m\u00fasica.<\/p>\n<p>Aquest concert no nom\u00e9s va ser una oportunitat per mostrar el talent musical dels nostres alumnes, sin\u00f3 que tamb\u00e9, va fomentar valors com la col\u00b7laboraci\u00f3, la comunicaci\u00f3 i el respecte entre generacions. Els alumnes de 4t van aprendre la import\u00e0ncia de compartir les seves habilitats i coneixements, mentre que els petits van gaudir de l&#8217;experi\u00e8ncia de viure la <strong>m\u00fasica en directe<\/strong> d\u2019una manera molt especial.<\/p>\n<p>En definitiva, va ser un \u00e8xit rotund, ple de moments entranyables i d\u2019aprenentatges compartits. Esperem poder repetir aquesta meravellosa experi\u00e8ncia el pr\u00f2xim any i continuar creant vincles tan enriquidors entre generacions.<\/p>\n<p>Gr\u00e0cies a tots\/es els participants per fer-ho possible!<\/p>\n<p><img loading=\"lazy\" decoding=\"async\" class=\"aligncenter size-medium wp-image-22483\" src=\"https:\/\/agora.xtec.cat\/esc-antoniomachado\/wp-content\/uploads\/usu1670\/2024\/06\/foto-collage-ukeleles-1-300x300.jpg\" alt=\"\" width=\"300\" height=\"300\" srcset=\"https:\/\/agora.xtec.cat\/esc-antoniomachado\/wp-content\/uploads\/usu1670\/2024\/06\/foto-collage-ukeleles-1-300x300.jpg 300w, https:\/\/agora.xtec.cat\/esc-antoniomachado\/wp-content\/uploads\/usu1670\/2024\/06\/foto-collage-ukeleles-1-1024x1024.jpg 1024w, https:\/\/agora.xtec.cat\/esc-antoniomachado\/wp-content\/uploads\/usu1670\/2024\/06\/foto-collage-ukeleles-1-150x150.jpg 150w, https:\/\/agora.xtec.cat\/esc-antoniomachado\/wp-content\/uploads\/usu1670\/2024\/06\/foto-collage-ukeleles-1-768x768.jpg 768w, https:\/\/agora.xtec.cat\/esc-antoniomachado\/wp-content\/uploads\/usu1670\/2024\/06\/foto-collage-ukeleles-1-1536x1536.jpg 1536w, https:\/\/agora.xtec.cat\/esc-antoniomachado\/wp-content\/uploads\/usu1670\/2024\/06\/foto-collage-ukeleles-1-2048x2048.jpg 2048w\" sizes=\"auto, (max-width: 300px) 100vw, 300px\" \/><\/p>\n","protected":false},"excerpt":{"rendered":"<p>El passat dimarts, els i les alumnes de 4t de Prim\u00e0ria van tenir l\u2019oportunitat de viure una experi\u00e8ncia enriquidora i emocionant a l\u2019escola bressol Elna. Amb els ukeleles a les mans i un somriure d\u2019orella a orella, els nostres joves m\u00fasics van oferir un concert molt especial pels m\u00e9s petits. Aquest esdeveniment va ser un [&hellip;]<\/p>\n","protected":false},"author":4,"featured_media":22483,"comment_status":"open","ping_status":"closed","sticky":false,"template":"","format":"standard","meta":{"_bbp_topic_count":0,"_bbp_reply_count":0,"_bbp_total_topic_count":0,"_bbp_total_reply_count":0,"_bbp_voice_count":0,"_bbp_anonymous_reply_count":0,"_bbp_topic_count_hidden":0,"_bbp_reply_count_hidden":0,"_bbp_forum_subforum_count":0,"site-sidebar-layout":"default","site-content-layout":"","ast-site-content-layout":"","site-content-style":"default","site-sidebar-style":"default","ast-global-header-display":"","ast-banner-title-visibility":"","ast-main-header-display":"","ast-hfb-above-header-display":"","ast-hfb-below-header-display":"","ast-hfb-mobile-header-display":"","site-post-title":"","ast-breadcrumbs-content":"","ast-featured-img":"","footer-sml-layout":"","theme-transparent-header-meta":"","adv-header-id-meta":"","stick-header-meta":"","header-above-stick-meta":"","header-main-stick-meta":"","header-below-stick-meta":"","astra-migrate-meta-layouts":"default","ast-page-background-enabled":"default","ast-page-background-meta":{"desktop":{"background-color":"var(--ast-global-color-4)","background-image":"","background-repeat":"repeat","background-position":"center center","background-size":"auto","background-attachment":"scroll","background-type":"","background-media":"","overlay-type":"","overlay-color":"","overlay-opacity":"","overlay-gradient":""},"tablet":{"background-color":"","background-image":"","background-repeat":"repeat","background-position":"center center","background-size":"auto","background-attachment":"scroll","background-type":"","background-media":"","overlay-type":"","overlay-color":"","overlay-opacity":"","overlay-gradient":""},"mobile":{"background-color":"","background-image":"","background-repeat":"repeat","background-position":"center center","background-size":"auto","background-attachment":"scroll","background-type":"","background-media":"","overlay-type":"","overlay-color":"","overlay-opacity":"","overlay-gradient":""}},"ast-content-background-meta":{"desktop":{"background-color":"var(--ast-global-color-5)","background-image":"","background-repeat":"repeat","background-position":"center center","background-size":"auto","background-attachment":"scroll","background-type":"","background-media":"","overlay-type":"","overlay-color":"","overlay-opacity":"","overlay-gradient":""},"tablet":{"background-color":"var(--ast-global-color-5)","background-image":"","background-repeat":"repeat","background-position":"center center","background-size":"auto","background-attachment":"scroll","background-type":"","background-media":"","overlay-type":"","overlay-color":"","overlay-opacity":"","overlay-gradient":""},"mobile":{"background-color":"var(--ast-global-color-5)","background-image":"","background-repeat":"repeat","background-position":"center center","background-size":"auto","background-attachment":"scroll","background-type":"","background-media":"","overlay-type":"","overlay-color":"","overlay-opacity":"","overlay-gradient":""}},"footnotes":""},"categories":[1],"tags":[1292,1371,1370,272],"class_list":["post-22482","post","type-post","status-publish","format-standard","has-post-thumbnail","hentry","category-noticies","tag-2n-cicle","tag-educacio-musical","tag-educacio-primaria","tag-musica"],"post_mailing_queue_ids":[],"_links":{"self":[{"href":"https:\/\/agora.xtec.cat\/esc-antoniomachado\/wp-json\/wp\/v2\/posts\/22482","targetHints":{"allow":["GET"]}}],"collection":[{"href":"https:\/\/agora.xtec.cat\/esc-antoniomachado\/wp-json\/wp\/v2\/posts"}],"about":[{"href":"https:\/\/agora.xtec.cat\/esc-antoniomachado\/wp-json\/wp\/v2\/types\/post"}],"author":[{"embeddable":true,"href":"https:\/\/agora.xtec.cat\/esc-antoniomachado\/wp-json\/wp\/v2\/users\/4"}],"replies":[{"embeddable":true,"href":"https:\/\/agora.xtec.cat\/esc-antoniomachado\/wp-json\/wp\/v2\/comments?post=22482"}],"version-history":[{"count":6,"href":"https:\/\/agora.xtec.cat\/esc-antoniomachado\/wp-json\/wp\/v2\/posts\/22482\/revisions"}],"predecessor-version":[{"id":22505,"href":"https:\/\/agora.xtec.cat\/esc-antoniomachado\/wp-json\/wp\/v2\/posts\/22482\/revisions\/22505"}],"wp:featuredmedia":[{"embeddable":true,"href":"https:\/\/agora.xtec.cat\/esc-antoniomachado\/wp-json\/wp\/v2\/media\/22483"}],"wp:attachment":[{"href":"https:\/\/agora.xtec.cat\/esc-antoniomachado\/wp-json\/wp\/v2\/media?parent=22482"}],"wp:term":[{"taxonomy":"category","embeddable":true,"href":"https:\/\/agora.xtec.cat\/esc-antoniomachado\/wp-json\/wp\/v2\/categories?post=22482"},{"taxonomy":"post_tag","embeddable":true,"href":"https:\/\/agora.xtec.cat\/esc-antoniomachado\/wp-json\/wp\/v2\/tags?post=22482"}],"curies":[{"name":"wp","href":"https:\/\/api.w.org\/{rel}","templated":true}]}}