{"id":22383,"date":"2024-04-22T12:13:51","date_gmt":"2024-04-22T10:13:51","guid":{"rendered":"https:\/\/agora.xtec.cat\/esc-antoniomachado\/?p=22383"},"modified":"2024-05-15T22:53:18","modified_gmt":"2024-05-15T20:53:18","slug":"jornades-literaries","status":"publish","type":"post","link":"https:\/\/agora.xtec.cat\/esc-antoniomachado\/noticies\/jornades-literaries\/","title":{"rendered":"JORNADES LITER\u00c0RIES"},"content":{"rendered":"<p><a href=\"https:\/\/agora.xtec.cat\/esc-antoniomachado\/general\/jornades-literaries\/attachment\/jornades-literaries-24\/\" rel=\"attachment wp-att-22384\"><img loading=\"lazy\" decoding=\"async\" class=\"aligncenter wp-image-22384 size-large\" src=\"https:\/\/agora.xtec.cat\/esc-antoniomachado\/wp-content\/uploads\/usu1670\/2024\/04\/jornades-literaries-24-583x1024.jpeg\" alt=\"\" width=\"583\" height=\"1024\" srcset=\"https:\/\/agora.xtec.cat\/esc-antoniomachado\/wp-content\/uploads\/usu1670\/2024\/04\/jornades-literaries-24-583x1024.jpeg 583w, https:\/\/agora.xtec.cat\/esc-antoniomachado\/wp-content\/uploads\/usu1670\/2024\/04\/jornades-literaries-24-171x300.jpeg 171w, https:\/\/agora.xtec.cat\/esc-antoniomachado\/wp-content\/uploads\/usu1670\/2024\/04\/jornades-literaries-24-768x1349.jpeg 768w, https:\/\/agora.xtec.cat\/esc-antoniomachado\/wp-content\/uploads\/usu1670\/2024\/04\/jornades-literaries-24-875x1536.jpeg 875w, https:\/\/agora.xtec.cat\/esc-antoniomachado\/wp-content\/uploads\/usu1670\/2024\/04\/jornades-literaries-24.jpeg 1166w\" sizes=\"auto, (max-width: 583px) 100vw, 583px\" \/><\/a><\/p>\n<p>&nbsp;<\/p>\n<p style=\"text-align: justify;\">Ja tenim ben a prop les Jornades Liter\u00e0ries Vol. II del Machado!<\/p>\n<p style=\"text-align: justify;\">Passarem 3 dies, <strong>de dimecres 24 a divendres 26 d\u2019abril,<\/strong> envoltats de tot el qu\u00e8 t\u00e9 a veure amb el m\u00f3n literari i rebrem visites d\u2019autors i autores coneguts a nivell nacional i internacional.<\/p>\n<p style=\"text-align: justify;\">Aquest any tindrem el privilegi de comptar de nou amb la <strong>Lola Casas (mestra i escriptora),<\/strong> <strong>la Noem\u00ed Villamuza (Il\u00b7lustradora) i la Lara S\u00e1nchez (escriptora i il\u00b7lustradora).<\/strong><br \/>\nCom a novetat tindrem el plaer de rebre a la <strong>Merc\u00e8 Bosch, bibliotec\u00e0ria i arxivista jubilada,<\/strong> actualment immersa en la biblioteca de la nostra escola fent tasques de remodelaci\u00f3 de manera totalment volunt\u00e0ria, juntament amb algunes fam\u00edlies del centre.<br \/>\nTamb\u00e9 vindr\u00e0 la <strong>Coral Consegal, actriu de teatre mataronina,<\/strong> ha dirigit els pastorets de Matar\u00f3 convertint-se aix\u00ed en la primera dona en fer-ho en els seus m\u00e9s de 100 anys d\u2019hist\u00f2ria, entre d\u2019altres papers importants a la Sala Cabanyes.<br \/>\n<strong>La Maria Palet tamb\u00e9 ens visitar\u00e0, \u00e9s il\u00b7lustradora, dissenyadora i professora d\u2019arts gr\u00e0fiques.<\/strong> L\u2019any 2020 va guanyar el premi Miquel Mart\u00ed i Pol d\u2019il\u00b7lustraci\u00f3 de poesia. Amb moltes ganes de rebre-la al Machado!<br \/>\n<strong>L\u2019Elisabet P\u00e9rez <\/strong>torna a l\u2019escola, ja que aquest curs ha col\u00b7laborat amb alguna aula a trav\u00e9s dels seus tallers. <strong>Especialitzada en sexualitat a la inf\u00e0ncia i en persones amb diversitat funcional.<\/strong> Va rebre el premi al millor treball de final de grau en estudis de g\u00e8nere a la UB. Autora del conte \u201cDiversitats\u201d.<br \/>\nDe manera virtual tindrem el plaer d\u2019entrevistar al <strong>Ricardo Alc\u00e1ntara, escriptor uruguai\u00e0, autor de grans \u00e8xits com: \u201cEl pirata Valiente\u201d, \u201cel Joven Guerrero\u201d o \u201cUn Ni\u00f1o muy raro\u201d.<\/strong><br \/>\nTamb\u00e9 rebrem \u201cvirtualment\u201d al <strong>Pato Mena, escriptor i il\u00b7lustrador xil\u00e8<\/strong>, actualment viu a Barcelona. L\u2019any 2020 obt\u00e9 a Xile el Premi Nacional de Literatura Infantil Marta Brunet i el mateix any \u00e9s seleccionat de la fundaci\u00f3 \u201cCuatro Gatos\u201d com un dels 25 autors iberoamericans m\u00e9s importants de l\u2019\u00e0lbum il\u00b7lustrat.<\/p>\n<p style=\"text-align: justify;\">I per \u00faltim la <strong>Lidia L\u00f3pez. Li apassiona el m\u00f3n de la inf\u00e0ncia i els darrers anys ha aprofundit en l\u2019educaci\u00f3 emocional<\/strong>. Autora Del gran secret dels espantamonstres.<\/p>\n<p style=\"text-align: justify;\">Amb aquest fant\u00e0stic elenc d\u2019autors i autores, activitats que hem planificat, tallers, padrins lectors, fam\u00edlies i que explicaran contes a les aules dels seus fills i filles, recomanacions del m\u00f3n literari, etc. I com a cloenda l\u2019activitat del <strong>llibre gegant de divendres 26 de 17:00h a 19:00h organitzada per algunes fam\u00edlies de l\u2019escola,<\/strong> donarem per finalitzades les jornades del 2024.<\/p>\n<p style=\"text-align: justify;\">Esperem gaudir molt d\u2019aquests tres dies!<\/p>\n","protected":false},"excerpt":{"rendered":"<p>&nbsp; Ja tenim ben a prop les Jornades Liter\u00e0ries Vol. II del Machado! Passarem 3 dies, de dimecres 24 a divendres 26 d\u2019abril, envoltats de tot el qu\u00e8 t\u00e9 a veure amb el m\u00f3n literari i rebrem visites d\u2019autors i autores coneguts a nivell nacional i internacional. Aquest any tindrem el privilegi de comptar de [&hellip;]<\/p>\n","protected":false},"author":1,"featured_media":0,"comment_status":"open","ping_status":"closed","sticky":false,"template":"","format":"standard","meta":{"_bbp_topic_count":0,"_bbp_reply_count":0,"_bbp_total_topic_count":0,"_bbp_total_reply_count":0,"_bbp_voice_count":0,"_bbp_anonymous_reply_count":0,"_bbp_topic_count_hidden":0,"_bbp_reply_count_hidden":0,"_bbp_forum_subforum_count":0,"site-sidebar-layout":"default","site-content-layout":"","ast-site-content-layout":"","site-content-style":"default","site-sidebar-style":"default","ast-global-header-display":"","ast-banner-title-visibility":"","ast-main-header-display":"","ast-hfb-above-header-display":"","ast-hfb-below-header-display":"","ast-hfb-mobile-header-display":"","site-post-title":"","ast-breadcrumbs-content":"","ast-featured-img":"","footer-sml-layout":"","theme-transparent-header-meta":"","adv-header-id-meta":"","stick-header-meta":"","header-above-stick-meta":"","header-main-stick-meta":"","header-below-stick-meta":"","astra-migrate-meta-layouts":"default","ast-page-background-enabled":"default","ast-page-background-meta":{"desktop":{"background-color":"var(--ast-global-color-4)","background-image":"","background-repeat":"repeat","background-position":"center center","background-size":"auto","background-attachment":"scroll","background-type":"","background-media":"","overlay-type":"","overlay-color":"","overlay-opacity":"","overlay-gradient":""},"tablet":{"background-color":"","background-image":"","background-repeat":"repeat","background-position":"center center","background-size":"auto","background-attachment":"scroll","background-type":"","background-media":"","overlay-type":"","overlay-color":"","overlay-opacity":"","overlay-gradient":""},"mobile":{"background-color":"","background-image":"","background-repeat":"repeat","background-position":"center center","background-size":"auto","background-attachment":"scroll","background-type":"","background-media":"","overlay-type":"","overlay-color":"","overlay-opacity":"","overlay-gradient":""}},"ast-content-background-meta":{"desktop":{"background-color":"var(--ast-global-color-5)","background-image":"","background-repeat":"repeat","background-position":"center center","background-size":"auto","background-attachment":"scroll","background-type":"","background-media":"","overlay-type":"","overlay-color":"","overlay-opacity":"","overlay-gradient":""},"tablet":{"background-color":"var(--ast-global-color-5)","background-image":"","background-repeat":"repeat","background-position":"center center","background-size":"auto","background-attachment":"scroll","background-type":"","background-media":"","overlay-type":"","overlay-color":"","overlay-opacity":"","overlay-gradient":""},"mobile":{"background-color":"var(--ast-global-color-5)","background-image":"","background-repeat":"repeat","background-position":"center center","background-size":"auto","background-attachment":"scroll","background-type":"","background-media":"","overlay-type":"","overlay-color":"","overlay-opacity":"","overlay-gradient":""}},"footnotes":""},"categories":[1],"tags":[],"class_list":["post-22383","post","type-post","status-publish","format-standard","hentry","category-noticies"],"post_mailing_queue_ids":[],"_links":{"self":[{"href":"https:\/\/agora.xtec.cat\/esc-antoniomachado\/wp-json\/wp\/v2\/posts\/22383","targetHints":{"allow":["GET"]}}],"collection":[{"href":"https:\/\/agora.xtec.cat\/esc-antoniomachado\/wp-json\/wp\/v2\/posts"}],"about":[{"href":"https:\/\/agora.xtec.cat\/esc-antoniomachado\/wp-json\/wp\/v2\/types\/post"}],"author":[{"embeddable":true,"href":"https:\/\/agora.xtec.cat\/esc-antoniomachado\/wp-json\/wp\/v2\/users\/1"}],"replies":[{"embeddable":true,"href":"https:\/\/agora.xtec.cat\/esc-antoniomachado\/wp-json\/wp\/v2\/comments?post=22383"}],"version-history":[{"count":3,"href":"https:\/\/agora.xtec.cat\/esc-antoniomachado\/wp-json\/wp\/v2\/posts\/22383\/revisions"}],"predecessor-version":[{"id":22402,"href":"https:\/\/agora.xtec.cat\/esc-antoniomachado\/wp-json\/wp\/v2\/posts\/22383\/revisions\/22402"}],"wp:attachment":[{"href":"https:\/\/agora.xtec.cat\/esc-antoniomachado\/wp-json\/wp\/v2\/media?parent=22383"}],"wp:term":[{"taxonomy":"category","embeddable":true,"href":"https:\/\/agora.xtec.cat\/esc-antoniomachado\/wp-json\/wp\/v2\/categories?post=22383"},{"taxonomy":"post_tag","embeddable":true,"href":"https:\/\/agora.xtec.cat\/esc-antoniomachado\/wp-json\/wp\/v2\/tags?post=22383"}],"curies":[{"name":"wp","href":"https:\/\/api.w.org\/{rel}","templated":true}]}}