{"id":22191,"date":"2024-02-21T12:22:47","date_gmt":"2024-02-21T11:22:47","guid":{"rendered":"https:\/\/agora.xtec.cat\/esc-antoniomachado\/?p=22191"},"modified":"2024-02-23T15:33:28","modified_gmt":"2024-02-23T14:33:28","slug":"21-de-febrer-dia-internacional-de-les-llengues-maternes","status":"publish","type":"post","link":"https:\/\/agora.xtec.cat\/esc-antoniomachado\/noticies\/21-de-febrer-dia-internacional-de-les-llengues-maternes\/","title":{"rendered":"21 DE FEBRER &#8211; DIA INTERNACIONAL DE LES LLENG\u00dcES MATERNES"},"content":{"rendered":"<p style=\"text-align: justify;\">El\u00a0<b>Dia Internacional de la Llengua Materna<\/b>\u00a0va ser proclamat per la\u00a0<a href=\"https:\/\/en.unesco.org\/\" target=\"_blank\" rel=\"noopener noreferrer\">UNESCO<\/a>\u00a0el novembre del 1999 en reconeixement de tres joves estudiants de Bangla Desh que van morir el 21 de febrer de 1952 en defensa de la seva llengua, el bangla,\u00a0per tal que fos reconeguda com una de les dues lleng\u00fces pr\u00f2pies del que aleshores era Pakistan.<\/p>\n<p style=\"text-align: justify;\">La llengua \u00e9s l\u2019instrument m\u00e9s poder\u00f3s per a la preservaci\u00f3 i el desenvolupament del patrimoni cultural, tangible i intangible, que tenim. Per aquest motiu \u00e9s tan important\u00a0recon\u00e8ixer el valor de la\u00a0<b>diversitat ling\u00fc\u00edstica i cultural<\/b>\u00a0i la promoci\u00f3 del\u00a0<b>pluriling\u00fcisme<\/b>\u00a0a les aules.<\/p>\n<p>&nbsp;<\/p>\n<p style=\"text-align: center;\"><a href=\"https:\/\/agora.xtec.cat\/esc-antoniomachado\/general\/21-de-febrer-dia-internacional-de-les-llengues-maternes\/attachment\/dia-internacional-de-la-llengua-materna\/\" rel=\"attachment wp-att-22192\"><img loading=\"lazy\" decoding=\"async\" class=\"aligncenter wp-image-22192 size-full\" src=\"https:\/\/agora.xtec.cat\/esc-antoniomachado\/wp-content\/uploads\/usu1670\/2024\/02\/Dia-internacional-de-la-llengua-materna.png\" alt=\"\" width=\"450\" height=\"200\" srcset=\"https:\/\/agora.xtec.cat\/esc-antoniomachado\/wp-content\/uploads\/usu1670\/2024\/02\/Dia-internacional-de-la-llengua-materna.png 450w, https:\/\/agora.xtec.cat\/esc-antoniomachado\/wp-content\/uploads\/usu1670\/2024\/02\/Dia-internacional-de-la-llengua-materna-300x133.png 300w\" sizes=\"auto, (max-width: 450px) 100vw, 450px\" \/><\/a><\/p>\n","protected":false},"excerpt":{"rendered":"<p>El\u00a0Dia Internacional de la Llengua Materna\u00a0va ser proclamat per la\u00a0UNESCO\u00a0el novembre del 1999 en reconeixement de tres joves estudiants de Bangla Desh que van morir el 21 de febrer de 1952 en defensa de la seva llengua, el bangla,\u00a0per tal que fos reconeguda com una de les dues lleng\u00fces pr\u00f2pies del que aleshores era Pakistan. [&hellip;]<\/p>\n","protected":false},"author":1,"featured_media":0,"comment_status":"open","ping_status":"closed","sticky":false,"template":"","format":"standard","meta":{"_bbp_topic_count":0,"_bbp_reply_count":0,"_bbp_total_topic_count":0,"_bbp_total_reply_count":0,"_bbp_voice_count":0,"_bbp_anonymous_reply_count":0,"_bbp_topic_count_hidden":0,"_bbp_reply_count_hidden":0,"_bbp_forum_subforum_count":0,"site-sidebar-layout":"default","site-content-layout":"","ast-site-content-layout":"","site-content-style":"default","site-sidebar-style":"default","ast-global-header-display":"","ast-banner-title-visibility":"","ast-main-header-display":"","ast-hfb-above-header-display":"","ast-hfb-below-header-display":"","ast-hfb-mobile-header-display":"","site-post-title":"","ast-breadcrumbs-content":"","ast-featured-img":"","footer-sml-layout":"","theme-transparent-header-meta":"","adv-header-id-meta":"","stick-header-meta":"","header-above-stick-meta":"","header-main-stick-meta":"","header-below-stick-meta":"","astra-migrate-meta-layouts":"default","ast-page-background-enabled":"default","ast-page-background-meta":{"desktop":{"background-color":"var(--ast-global-color-4)","background-image":"","background-repeat":"repeat","background-position":"center center","background-size":"auto","background-attachment":"scroll","background-type":"","background-media":"","overlay-type":"","overlay-color":"","overlay-opacity":"","overlay-gradient":""},"tablet":{"background-color":"","background-image":"","background-repeat":"repeat","background-position":"center center","background-size":"auto","background-attachment":"scroll","background-type":"","background-media":"","overlay-type":"","overlay-color":"","overlay-opacity":"","overlay-gradient":""},"mobile":{"background-color":"","background-image":"","background-repeat":"repeat","background-position":"center center","background-size":"auto","background-attachment":"scroll","background-type":"","background-media":"","overlay-type":"","overlay-color":"","overlay-opacity":"","overlay-gradient":""}},"ast-content-background-meta":{"desktop":{"background-color":"var(--ast-global-color-5)","background-image":"","background-repeat":"repeat","background-position":"center center","background-size":"auto","background-attachment":"scroll","background-type":"","background-media":"","overlay-type":"","overlay-color":"","overlay-opacity":"","overlay-gradient":""},"tablet":{"background-color":"var(--ast-global-color-5)","background-image":"","background-repeat":"repeat","background-position":"center center","background-size":"auto","background-attachment":"scroll","background-type":"","background-media":"","overlay-type":"","overlay-color":"","overlay-opacity":"","overlay-gradient":""},"mobile":{"background-color":"var(--ast-global-color-5)","background-image":"","background-repeat":"repeat","background-position":"center center","background-size":"auto","background-attachment":"scroll","background-type":"","background-media":"","overlay-type":"","overlay-color":"","overlay-opacity":"","overlay-gradient":""}},"footnotes":""},"categories":[1],"tags":[],"class_list":["post-22191","post","type-post","status-publish","format-standard","hentry","category-noticies"],"post_mailing_queue_ids":[],"_links":{"self":[{"href":"https:\/\/agora.xtec.cat\/esc-antoniomachado\/wp-json\/wp\/v2\/posts\/22191","targetHints":{"allow":["GET"]}}],"collection":[{"href":"https:\/\/agora.xtec.cat\/esc-antoniomachado\/wp-json\/wp\/v2\/posts"}],"about":[{"href":"https:\/\/agora.xtec.cat\/esc-antoniomachado\/wp-json\/wp\/v2\/types\/post"}],"author":[{"embeddable":true,"href":"https:\/\/agora.xtec.cat\/esc-antoniomachado\/wp-json\/wp\/v2\/users\/1"}],"replies":[{"embeddable":true,"href":"https:\/\/agora.xtec.cat\/esc-antoniomachado\/wp-json\/wp\/v2\/comments?post=22191"}],"version-history":[{"count":2,"href":"https:\/\/agora.xtec.cat\/esc-antoniomachado\/wp-json\/wp\/v2\/posts\/22191\/revisions"}],"predecessor-version":[{"id":22194,"href":"https:\/\/agora.xtec.cat\/esc-antoniomachado\/wp-json\/wp\/v2\/posts\/22191\/revisions\/22194"}],"wp:attachment":[{"href":"https:\/\/agora.xtec.cat\/esc-antoniomachado\/wp-json\/wp\/v2\/media?parent=22191"}],"wp:term":[{"taxonomy":"category","embeddable":true,"href":"https:\/\/agora.xtec.cat\/esc-antoniomachado\/wp-json\/wp\/v2\/categories?post=22191"},{"taxonomy":"post_tag","embeddable":true,"href":"https:\/\/agora.xtec.cat\/esc-antoniomachado\/wp-json\/wp\/v2\/tags?post=22191"}],"curies":[{"name":"wp","href":"https:\/\/api.w.org\/{rel}","templated":true}]}}