{"id":22102,"date":"2024-02-01T11:25:11","date_gmt":"2024-02-01T10:25:11","guid":{"rendered":"https:\/\/agora.xtec.cat\/esc-antoniomachado\/?p=22102"},"modified":"2024-02-01T11:25:11","modified_gmt":"2024-02-01T10:25:11","slug":"the-colour-monster","status":"publish","type":"post","link":"https:\/\/agora.xtec.cat\/esc-antoniomachado\/noticies\/the-colour-monster\/","title":{"rendered":"The Colour Monster"},"content":{"rendered":"<p><img loading=\"lazy\" decoding=\"async\" class=\"wp-image-22103 aligncenter\" src=\"https:\/\/agora.xtec.cat\/esc-antoniomachado\/wp-content\/uploads\/usu1670\/2024\/02\/Colour-Monster.jpg\" alt=\"\" width=\"621\" height=\"750\" srcset=\"https:\/\/agora.xtec.cat\/esc-antoniomachado\/wp-content\/uploads\/usu1670\/2024\/02\/Colour-Monster.jpg 1200w, https:\/\/agora.xtec.cat\/esc-antoniomachado\/wp-content\/uploads\/usu1670\/2024\/02\/Colour-Monster-248x300.jpg 248w, https:\/\/agora.xtec.cat\/esc-antoniomachado\/wp-content\/uploads\/usu1670\/2024\/02\/Colour-Monster-847x1024.jpg 847w, https:\/\/agora.xtec.cat\/esc-antoniomachado\/wp-content\/uploads\/usu1670\/2024\/02\/Colour-Monster-768x928.jpg 768w\" sizes=\"auto, (max-width: 621px) 100vw, 621px\" \/><\/p>\n<p>Hello!<\/p>\n<p>Des del principi de curs a l\u2019\u00e0rea d\u2019angl\u00e8s a Multigrau (Infantil), a banda de les rutines i les festivitats, hem estat treballant el conte de \u201cThe colour Monster\u201d. A trav\u00e9s del conte hem treballat aspecte com colors, emocions, verbs d\u2019acci\u00f3 i vocabulari de diversos objectes.<\/p>\n<p>Aix\u00ed doncs, sota la t\u00e8cnica del TPR (Total Physical Response) l\u2019alumnat aprenia vocabulari a trav\u00e9s de l\u2019observaci\u00f3, el gest i la parla en relaci\u00f3 amb els conceptes treballats amb cada emoci\u00f3 del conte.<\/p>\n<p>A m\u00e9s a m\u00e9s, a banda de tot el treball oral, cada alumne ha creat el seu propi conte amb diferents propostes pl\u00e0stiques i amb el suport ling\u00fc\u00edstic de la mestra d\u2019angl\u00e8s.<\/p>\n<p>Ara l\u2019alumnat de Multigrau pot gaudir i explicar a les seves fam\u00edlies el conte en\u00a0angl\u00e8s\u00a0a\u00a0casa.<\/p>\n","protected":false},"excerpt":{"rendered":"<p>Hello! Des del principi de curs a l\u2019\u00e0rea d\u2019angl\u00e8s a Multigrau (Infantil), a banda de les rutines i les festivitats, hem estat treballant el conte de \u201cThe colour Monster\u201d. A trav\u00e9s del conte hem treballat aspecte com colors, emocions, verbs d\u2019acci\u00f3 i vocabulari de diversos objectes. Aix\u00ed doncs, sota la t\u00e8cnica del TPR (Total Physical [&hellip;]<\/p>\n","protected":false},"author":4,"featured_media":22103,"comment_status":"open","ping_status":"closed","sticky":false,"template":"","format":"standard","meta":{"_bbp_topic_count":0,"_bbp_reply_count":0,"_bbp_total_topic_count":0,"_bbp_total_reply_count":0,"_bbp_voice_count":0,"_bbp_anonymous_reply_count":0,"_bbp_topic_count_hidden":0,"_bbp_reply_count_hidden":0,"_bbp_forum_subforum_count":0,"site-sidebar-layout":"default","site-content-layout":"","ast-site-content-layout":"","site-content-style":"default","site-sidebar-style":"default","ast-global-header-display":"","ast-banner-title-visibility":"","ast-main-header-display":"","ast-hfb-above-header-display":"","ast-hfb-below-header-display":"","ast-hfb-mobile-header-display":"","site-post-title":"","ast-breadcrumbs-content":"","ast-featured-img":"","footer-sml-layout":"","theme-transparent-header-meta":"","adv-header-id-meta":"","stick-header-meta":"","header-above-stick-meta":"","header-main-stick-meta":"","header-below-stick-meta":"","astra-migrate-meta-layouts":"default","ast-page-background-enabled":"default","ast-page-background-meta":{"desktop":{"background-color":"var(--ast-global-color-4)","background-image":"","background-repeat":"repeat","background-position":"center center","background-size":"auto","background-attachment":"scroll","background-type":"","background-media":"","overlay-type":"","overlay-color":"","overlay-opacity":"","overlay-gradient":""},"tablet":{"background-color":"","background-image":"","background-repeat":"repeat","background-position":"center center","background-size":"auto","background-attachment":"scroll","background-type":"","background-media":"","overlay-type":"","overlay-color":"","overlay-opacity":"","overlay-gradient":""},"mobile":{"background-color":"","background-image":"","background-repeat":"repeat","background-position":"center center","background-size":"auto","background-attachment":"scroll","background-type":"","background-media":"","overlay-type":"","overlay-color":"","overlay-opacity":"","overlay-gradient":""}},"ast-content-background-meta":{"desktop":{"background-color":"var(--ast-global-color-5)","background-image":"","background-repeat":"repeat","background-position":"center center","background-size":"auto","background-attachment":"scroll","background-type":"","background-media":"","overlay-type":"","overlay-color":"","overlay-opacity":"","overlay-gradient":""},"tablet":{"background-color":"var(--ast-global-color-5)","background-image":"","background-repeat":"repeat","background-position":"center center","background-size":"auto","background-attachment":"scroll","background-type":"","background-media":"","overlay-type":"","overlay-color":"","overlay-opacity":"","overlay-gradient":""},"mobile":{"background-color":"var(--ast-global-color-5)","background-image":"","background-repeat":"repeat","background-position":"center center","background-size":"auto","background-attachment":"scroll","background-type":"","background-media":"","overlay-type":"","overlay-color":"","overlay-opacity":"","overlay-gradient":""}},"footnotes":""},"categories":[1],"tags":[743,488,1333,910,1017,200,1174,1332],"class_list":["post-22102","post","type-post","status-publish","format-standard","has-post-thumbnail","hentry","category-noticies","tag-angles","tag-art","tag-comunicacio-oral","tag-conte","tag-emocions","tag-english","tag-multigrau","tag-tpr"],"post_mailing_queue_ids":[],"_links":{"self":[{"href":"https:\/\/agora.xtec.cat\/esc-antoniomachado\/wp-json\/wp\/v2\/posts\/22102","targetHints":{"allow":["GET"]}}],"collection":[{"href":"https:\/\/agora.xtec.cat\/esc-antoniomachado\/wp-json\/wp\/v2\/posts"}],"about":[{"href":"https:\/\/agora.xtec.cat\/esc-antoniomachado\/wp-json\/wp\/v2\/types\/post"}],"author":[{"embeddable":true,"href":"https:\/\/agora.xtec.cat\/esc-antoniomachado\/wp-json\/wp\/v2\/users\/4"}],"replies":[{"embeddable":true,"href":"https:\/\/agora.xtec.cat\/esc-antoniomachado\/wp-json\/wp\/v2\/comments?post=22102"}],"version-history":[{"count":1,"href":"https:\/\/agora.xtec.cat\/esc-antoniomachado\/wp-json\/wp\/v2\/posts\/22102\/revisions"}],"predecessor-version":[{"id":22104,"href":"https:\/\/agora.xtec.cat\/esc-antoniomachado\/wp-json\/wp\/v2\/posts\/22102\/revisions\/22104"}],"wp:featuredmedia":[{"embeddable":true,"href":"https:\/\/agora.xtec.cat\/esc-antoniomachado\/wp-json\/wp\/v2\/media\/22103"}],"wp:attachment":[{"href":"https:\/\/agora.xtec.cat\/esc-antoniomachado\/wp-json\/wp\/v2\/media?parent=22102"}],"wp:term":[{"taxonomy":"category","embeddable":true,"href":"https:\/\/agora.xtec.cat\/esc-antoniomachado\/wp-json\/wp\/v2\/categories?post=22102"},{"taxonomy":"post_tag","embeddable":true,"href":"https:\/\/agora.xtec.cat\/esc-antoniomachado\/wp-json\/wp\/v2\/tags?post=22102"}],"curies":[{"name":"wp","href":"https:\/\/api.w.org\/{rel}","templated":true}]}}