{"id":22056,"date":"2024-01-19T16:30:11","date_gmt":"2024-01-19T15:30:11","guid":{"rendered":"https:\/\/agora.xtec.cat\/esc-antoniomachado\/?p=22056"},"modified":"2024-01-20T11:43:31","modified_gmt":"2024-01-20T10:43:31","slug":"dia-internacional-de-labracada","status":"publish","type":"post","link":"https:\/\/agora.xtec.cat\/esc-antoniomachado\/noticies\/dia-internacional-de-labracada\/","title":{"rendered":"DIA INTERNACIONAL DE L&#8217;ABRA\u00c7ADA"},"content":{"rendered":"<p>El 21 de gener \u00e9s Dia Internacional de l&#8217;Abra\u00e7ada, un gest simple per\u00f2 profundament significatiu que ens permet expressar emocions. A Warhol hem fet unes din\u00e0miques per treballar les abra\u00e7ades amb respecte i consentiment mutu i experimentar on est\u00e0 el nostre l\u00edmit de sentir-nos a gust quan altres persones se&#8217;ns acosten. Aquest l\u00edmit \u00e9s diferent a cada persona i cal aprendre a demanar perm\u00eds quan volem abra\u00e7ar a alg\u00fa i a expressar quan no ens est\u00e0 agradant alguna acci\u00f3 sobre el nostre cos. Aprenentatge que iniciem a infantil i que ens ser\u00e0 \u00fatil per a tota la vida&#8230; I vosaltres, demaneu perm\u00eds a les altres persones abans d&#8217;abra\u00e7ar-les?<\/p>\n<p><img loading=\"lazy\" decoding=\"async\" src=\"https:\/\/agora.xtec.cat\/esc-antoniomachado\/wp-content\/uploads\/usu1670\/2024\/01\/Disseny-sense-titol.jpg\" alt=\"\" width=\"1000\" height=\"1500\" class=\"alignright size-full wp-image-22057\" srcset=\"https:\/\/agora.xtec.cat\/esc-antoniomachado\/wp-content\/uploads\/usu1670\/2024\/01\/Disseny-sense-titol.jpg 1000w, https:\/\/agora.xtec.cat\/esc-antoniomachado\/wp-content\/uploads\/usu1670\/2024\/01\/Disseny-sense-titol-200x300.jpg 200w, https:\/\/agora.xtec.cat\/esc-antoniomachado\/wp-content\/uploads\/usu1670\/2024\/01\/Disseny-sense-titol-683x1024.jpg 683w, https:\/\/agora.xtec.cat\/esc-antoniomachado\/wp-content\/uploads\/usu1670\/2024\/01\/Disseny-sense-titol-768x1152.jpg 768w\" sizes=\"auto, (max-width: 1000px) 100vw, 1000px\" \/><\/p>\n","protected":false},"excerpt":{"rendered":"<p>El 21 de gener \u00e9s Dia Internacional de l&#8217;Abra\u00e7ada, un gest simple per\u00f2 profundament significatiu que ens permet expressar emocions. A Warhol hem fet unes din\u00e0miques per treballar les abra\u00e7ades amb respecte i consentiment mutu i experimentar on est\u00e0 el nostre l\u00edmit de sentir-nos a gust quan altres persones se&#8217;ns acosten. Aquest l\u00edmit \u00e9s diferent [&hellip;]<\/p>\n","protected":false},"author":4,"featured_media":22057,"comment_status":"open","ping_status":"closed","sticky":false,"template":"","format":"standard","meta":{"_bbp_topic_count":0,"_bbp_reply_count":0,"_bbp_total_topic_count":0,"_bbp_total_reply_count":0,"_bbp_voice_count":0,"_bbp_anonymous_reply_count":0,"_bbp_topic_count_hidden":0,"_bbp_reply_count_hidden":0,"_bbp_forum_subforum_count":0,"site-sidebar-layout":"default","site-content-layout":"","ast-site-content-layout":"","site-content-style":"default","site-sidebar-style":"default","ast-global-header-display":"","ast-banner-title-visibility":"","ast-main-header-display":"","ast-hfb-above-header-display":"","ast-hfb-below-header-display":"","ast-hfb-mobile-header-display":"","site-post-title":"","ast-breadcrumbs-content":"","ast-featured-img":"","footer-sml-layout":"","theme-transparent-header-meta":"","adv-header-id-meta":"","stick-header-meta":"","header-above-stick-meta":"","header-main-stick-meta":"","header-below-stick-meta":"","astra-migrate-meta-layouts":"default","ast-page-background-enabled":"default","ast-page-background-meta":{"desktop":{"background-color":"var(--ast-global-color-4)","background-image":"","background-repeat":"repeat","background-position":"center center","background-size":"auto","background-attachment":"scroll","background-type":"","background-media":"","overlay-type":"","overlay-color":"","overlay-opacity":"","overlay-gradient":""},"tablet":{"background-color":"","background-image":"","background-repeat":"repeat","background-position":"center center","background-size":"auto","background-attachment":"scroll","background-type":"","background-media":"","overlay-type":"","overlay-color":"","overlay-opacity":"","overlay-gradient":""},"mobile":{"background-color":"","background-image":"","background-repeat":"repeat","background-position":"center center","background-size":"auto","background-attachment":"scroll","background-type":"","background-media":"","overlay-type":"","overlay-color":"","overlay-opacity":"","overlay-gradient":""}},"ast-content-background-meta":{"desktop":{"background-color":"var(--ast-global-color-5)","background-image":"","background-repeat":"repeat","background-position":"center center","background-size":"auto","background-attachment":"scroll","background-type":"","background-media":"","overlay-type":"","overlay-color":"","overlay-opacity":"","overlay-gradient":""},"tablet":{"background-color":"var(--ast-global-color-5)","background-image":"","background-repeat":"repeat","background-position":"center center","background-size":"auto","background-attachment":"scroll","background-type":"","background-media":"","overlay-type":"","overlay-color":"","overlay-opacity":"","overlay-gradient":""},"mobile":{"background-color":"var(--ast-global-color-5)","background-image":"","background-repeat":"repeat","background-position":"center center","background-size":"auto","background-attachment":"scroll","background-type":"","background-media":"","overlay-type":"","overlay-color":"","overlay-opacity":"","overlay-gradient":""}},"footnotes":""},"categories":[1],"tags":[1326,1304,1274],"class_list":["post-22056","post","type-post","status-publish","format-standard","has-post-thumbnail","hentry","category-noticies","tag-abracades","tag-curs-2023-24","tag-warhol"],"post_mailing_queue_ids":[],"_links":{"self":[{"href":"https:\/\/agora.xtec.cat\/esc-antoniomachado\/wp-json\/wp\/v2\/posts\/22056","targetHints":{"allow":["GET"]}}],"collection":[{"href":"https:\/\/agora.xtec.cat\/esc-antoniomachado\/wp-json\/wp\/v2\/posts"}],"about":[{"href":"https:\/\/agora.xtec.cat\/esc-antoniomachado\/wp-json\/wp\/v2\/types\/post"}],"author":[{"embeddable":true,"href":"https:\/\/agora.xtec.cat\/esc-antoniomachado\/wp-json\/wp\/v2\/users\/4"}],"replies":[{"embeddable":true,"href":"https:\/\/agora.xtec.cat\/esc-antoniomachado\/wp-json\/wp\/v2\/comments?post=22056"}],"version-history":[{"count":2,"href":"https:\/\/agora.xtec.cat\/esc-antoniomachado\/wp-json\/wp\/v2\/posts\/22056\/revisions"}],"predecessor-version":[{"id":22059,"href":"https:\/\/agora.xtec.cat\/esc-antoniomachado\/wp-json\/wp\/v2\/posts\/22056\/revisions\/22059"}],"wp:featuredmedia":[{"embeddable":true,"href":"https:\/\/agora.xtec.cat\/esc-antoniomachado\/wp-json\/wp\/v2\/media\/22057"}],"wp:attachment":[{"href":"https:\/\/agora.xtec.cat\/esc-antoniomachado\/wp-json\/wp\/v2\/media?parent=22056"}],"wp:term":[{"taxonomy":"category","embeddable":true,"href":"https:\/\/agora.xtec.cat\/esc-antoniomachado\/wp-json\/wp\/v2\/categories?post=22056"},{"taxonomy":"post_tag","embeddable":true,"href":"https:\/\/agora.xtec.cat\/esc-antoniomachado\/wp-json\/wp\/v2\/tags?post=22056"}],"curies":[{"name":"wp","href":"https:\/\/api.w.org\/{rel}","templated":true}]}}