{"id":22052,"date":"2024-01-18T15:52:48","date_gmt":"2024-01-18T14:52:48","guid":{"rendered":"https:\/\/agora.xtec.cat\/esc-antoniomachado\/?p=22052"},"modified":"2024-01-18T15:52:48","modified_gmt":"2024-01-18T14:52:48","slug":"ens-organitzem-en-lespai","status":"publish","type":"post","link":"https:\/\/agora.xtec.cat\/esc-antoniomachado\/noticies\/ens-organitzem-en-lespai\/","title":{"rendered":"ENS ORGANITZEM EN L&#8217;ESPAI"},"content":{"rendered":"<p>A Educaci\u00f3 F\u00edsica, els nens i nenes de 1r de Prim\u00e0ria estem realitzant jocs relacionats amb l&#8217;organitzaci\u00f3 de l&#8217;espai i el temps. Aix\u00f2 ens permet millorar la nostra percepci\u00f3 de l&#8217;espai on juguem, segons la nostra posici\u00f3 i la del nostre objectiu, i del temps que necessitem per fer-ho, que implicar\u00e0 anar m\u00e9s r\u00e0pid o amb m\u00e9s calma. Ens hem adonat que cal estar ben concentrats i concentrades per pensar la millor opci\u00f3. Seguim jugant!<\/p>\n<p><img loading=\"lazy\" decoding=\"async\" class=\"alignright size-full wp-image-22053\" src=\"https:\/\/agora.xtec.cat\/esc-antoniomachado\/wp-content\/uploads\/usu1670\/2024\/01\/WhatsApp-Image-2024-01-18-at-15.31.01.jpeg\" alt=\"\" width=\"2048\" height=\"2048\" srcset=\"https:\/\/agora.xtec.cat\/esc-antoniomachado\/wp-content\/uploads\/usu1670\/2024\/01\/WhatsApp-Image-2024-01-18-at-15.31.01.jpeg 2048w, https:\/\/agora.xtec.cat\/esc-antoniomachado\/wp-content\/uploads\/usu1670\/2024\/01\/WhatsApp-Image-2024-01-18-at-15.31.01-300x300.jpeg 300w, https:\/\/agora.xtec.cat\/esc-antoniomachado\/wp-content\/uploads\/usu1670\/2024\/01\/WhatsApp-Image-2024-01-18-at-15.31.01-1024x1024.jpeg 1024w, https:\/\/agora.xtec.cat\/esc-antoniomachado\/wp-content\/uploads\/usu1670\/2024\/01\/WhatsApp-Image-2024-01-18-at-15.31.01-150x150.jpeg 150w, https:\/\/agora.xtec.cat\/esc-antoniomachado\/wp-content\/uploads\/usu1670\/2024\/01\/WhatsApp-Image-2024-01-18-at-15.31.01-768x768.jpeg 768w, https:\/\/agora.xtec.cat\/esc-antoniomachado\/wp-content\/uploads\/usu1670\/2024\/01\/WhatsApp-Image-2024-01-18-at-15.31.01-1536x1536.jpeg 1536w\" sizes=\"auto, (max-width: 2048px) 100vw, 2048px\" \/><\/p>\n","protected":false},"excerpt":{"rendered":"<p>A Educaci\u00f3 F\u00edsica, els nens i nenes de 1r de Prim\u00e0ria estem realitzant jocs relacionats amb l&#8217;organitzaci\u00f3 de l&#8217;espai i el temps. Aix\u00f2 ens permet millorar la nostra percepci\u00f3 de l&#8217;espai on juguem, segons la nostra posici\u00f3 i la del nostre objectiu, i del temps que necessitem per fer-ho, que implicar\u00e0 anar m\u00e9s r\u00e0pid o [&hellip;]<\/p>\n","protected":false},"author":4,"featured_media":22053,"comment_status":"open","ping_status":"closed","sticky":false,"template":"","format":"standard","meta":{"_bbp_topic_count":0,"_bbp_reply_count":0,"_bbp_total_topic_count":0,"_bbp_total_reply_count":0,"_bbp_voice_count":0,"_bbp_anonymous_reply_count":0,"_bbp_topic_count_hidden":0,"_bbp_reply_count_hidden":0,"_bbp_forum_subforum_count":0,"site-sidebar-layout":"default","site-content-layout":"","ast-site-content-layout":"","site-content-style":"default","site-sidebar-style":"default","ast-global-header-display":"","ast-banner-title-visibility":"","ast-main-header-display":"","ast-hfb-above-header-display":"","ast-hfb-below-header-display":"","ast-hfb-mobile-header-display":"","site-post-title":"","ast-breadcrumbs-content":"","ast-featured-img":"","footer-sml-layout":"","theme-transparent-header-meta":"","adv-header-id-meta":"","stick-header-meta":"","header-above-stick-meta":"","header-main-stick-meta":"","header-below-stick-meta":"","astra-migrate-meta-layouts":"default","ast-page-background-enabled":"default","ast-page-background-meta":{"desktop":{"background-color":"var(--ast-global-color-4)","background-image":"","background-repeat":"repeat","background-position":"center center","background-size":"auto","background-attachment":"scroll","background-type":"","background-media":"","overlay-type":"","overlay-color":"","overlay-opacity":"","overlay-gradient":""},"tablet":{"background-color":"","background-image":"","background-repeat":"repeat","background-position":"center center","background-size":"auto","background-attachment":"scroll","background-type":"","background-media":"","overlay-type":"","overlay-color":"","overlay-opacity":"","overlay-gradient":""},"mobile":{"background-color":"","background-image":"","background-repeat":"repeat","background-position":"center center","background-size":"auto","background-attachment":"scroll","background-type":"","background-media":"","overlay-type":"","overlay-color":"","overlay-opacity":"","overlay-gradient":""}},"ast-content-background-meta":{"desktop":{"background-color":"var(--ast-global-color-5)","background-image":"","background-repeat":"repeat","background-position":"center center","background-size":"auto","background-attachment":"scroll","background-type":"","background-media":"","overlay-type":"","overlay-color":"","overlay-opacity":"","overlay-gradient":""},"tablet":{"background-color":"var(--ast-global-color-5)","background-image":"","background-repeat":"repeat","background-position":"center center","background-size":"auto","background-attachment":"scroll","background-type":"","background-media":"","overlay-type":"","overlay-color":"","overlay-opacity":"","overlay-gradient":""},"mobile":{"background-color":"var(--ast-global-color-5)","background-image":"","background-repeat":"repeat","background-position":"center center","background-size":"auto","background-attachment":"scroll","background-type":"","background-media":"","overlay-type":"","overlay-color":"","overlay-opacity":"","overlay-gradient":""}},"footnotes":""},"categories":[1],"tags":[198,199,451,1325],"class_list":["post-22052","post","type-post","status-publish","format-standard","has-post-thumbnail","hentry","category-noticies","tag-1r","tag-educacio-fisica","tag-jocs","tag-organitzacio-espai-i-temps"],"post_mailing_queue_ids":[],"_links":{"self":[{"href":"https:\/\/agora.xtec.cat\/esc-antoniomachado\/wp-json\/wp\/v2\/posts\/22052","targetHints":{"allow":["GET"]}}],"collection":[{"href":"https:\/\/agora.xtec.cat\/esc-antoniomachado\/wp-json\/wp\/v2\/posts"}],"about":[{"href":"https:\/\/agora.xtec.cat\/esc-antoniomachado\/wp-json\/wp\/v2\/types\/post"}],"author":[{"embeddable":true,"href":"https:\/\/agora.xtec.cat\/esc-antoniomachado\/wp-json\/wp\/v2\/users\/4"}],"replies":[{"embeddable":true,"href":"https:\/\/agora.xtec.cat\/esc-antoniomachado\/wp-json\/wp\/v2\/comments?post=22052"}],"version-history":[{"count":2,"href":"https:\/\/agora.xtec.cat\/esc-antoniomachado\/wp-json\/wp\/v2\/posts\/22052\/revisions"}],"predecessor-version":[{"id":22055,"href":"https:\/\/agora.xtec.cat\/esc-antoniomachado\/wp-json\/wp\/v2\/posts\/22052\/revisions\/22055"}],"wp:featuredmedia":[{"embeddable":true,"href":"https:\/\/agora.xtec.cat\/esc-antoniomachado\/wp-json\/wp\/v2\/media\/22053"}],"wp:attachment":[{"href":"https:\/\/agora.xtec.cat\/esc-antoniomachado\/wp-json\/wp\/v2\/media?parent=22052"}],"wp:term":[{"taxonomy":"category","embeddable":true,"href":"https:\/\/agora.xtec.cat\/esc-antoniomachado\/wp-json\/wp\/v2\/categories?post=22052"},{"taxonomy":"post_tag","embeddable":true,"href":"https:\/\/agora.xtec.cat\/esc-antoniomachado\/wp-json\/wp\/v2\/tags?post=22052"}],"curies":[{"name":"wp","href":"https:\/\/api.w.org\/{rel}","templated":true}]}}