{"id":21977,"date":"2023-12-12T21:54:07","date_gmt":"2023-12-12T20:54:07","guid":{"rendered":"https:\/\/agora.xtec.cat\/esc-antoniomachado\/?p=21977"},"modified":"2023-12-12T22:03:52","modified_gmt":"2023-12-12T21:03:52","slug":"2na-treballa-la-nocio-del-temps","status":"publish","type":"post","link":"https:\/\/agora.xtec.cat\/esc-antoniomachado\/noticies\/2na-treballa-la-nocio-del-temps\/","title":{"rendered":"2nA TREBALLA LA NOCI\u00d3 DEL TEMPS"},"content":{"rendered":"<p>A 2nA hem estat treballant i experimentant amb les magnituds de longitud, capacitat, massa i temps. I concretament, per poder ser m\u00e9s conscients de la noci\u00f3 del temps, hem estat conversant sobre qu\u00e8 podr\u00edem fer en diferents per\u00edodes de temps.<\/p>\n<p>A la pregunta \u201cQu\u00e8 podem fer en un segon?\u201d Algunes de les nostres respostes van ser parpellejar, donar un petit salt&#8230; per\u00f2 qu\u00e8 podem fer en dos segons? I en un minut? I en una hora?<\/p>\n<p>Moltes de les accions les vam poder comprovar com, per exemple, la seg\u00fcent:<\/p>\n<p>Un dels nostres companys va dir que en un minut donava temps de fer una volta a la classe i ens va sobrar temps. Vam estar reflexionant sobre els segons que hav\u00edem trigat en fer una \u00fanica volta (10 segons) i, seguidament, vam raonar sobre les possibles voltes que pod\u00edem fer en un minut i ho vam comprovar! D\u2019aqu\u00ed va sorgir una altre pregunta&#8230; si en un minut podem fer 6 voltes, quantes voltes podem fer en dos minuts?<\/p>\n<p>Com veieu a la foto, hem fet relleus per tal de comprovar les nostres prediccions.<\/p>\n<p><strong>Quantes voltes creieu que hem pogut fer en 2 minuts?<\/strong><\/p>\n<p><strong><img loading=\"lazy\" decoding=\"async\" class=\"wp-image-21979 aligncenter\" src=\"https:\/\/agora.xtec.cat\/esc-antoniomachado\/wp-content\/uploads\/usu1670\/2023\/12\/Nocio-temps-1.jpg\" alt=\"\" width=\"354\" height=\"472\" srcset=\"https:\/\/agora.xtec.cat\/esc-antoniomachado\/wp-content\/uploads\/usu1670\/2023\/12\/Nocio-temps-1.jpg 1071w, https:\/\/agora.xtec.cat\/esc-antoniomachado\/wp-content\/uploads\/usu1670\/2023\/12\/Nocio-temps-1-225x300.jpg 225w, https:\/\/agora.xtec.cat\/esc-antoniomachado\/wp-content\/uploads\/usu1670\/2023\/12\/Nocio-temps-1-768x1024.jpg 768w\" sizes=\"auto, (max-width: 354px) 100vw, 354px\" \/><\/strong><\/p>\n<p>&nbsp;<\/p>\n<p>&nbsp;<\/p>\n","protected":false},"excerpt":{"rendered":"<p>A 2nA hem estat treballant i experimentant amb les magnituds de longitud, capacitat, massa i temps. I concretament, per poder ser m\u00e9s conscients de la noci\u00f3 del temps, hem estat conversant sobre qu\u00e8 podr\u00edem fer en diferents per\u00edodes de temps. A la pregunta \u201cQu\u00e8 podem fer en un segon?\u201d Algunes de les nostres respostes van [&hellip;]<\/p>\n","protected":false},"author":4,"featured_media":21979,"comment_status":"open","ping_status":"closed","sticky":false,"template":"","format":"standard","meta":{"_bbp_topic_count":0,"_bbp_reply_count":0,"_bbp_total_topic_count":0,"_bbp_total_reply_count":0,"_bbp_voice_count":0,"_bbp_anonymous_reply_count":0,"_bbp_topic_count_hidden":0,"_bbp_reply_count_hidden":0,"_bbp_forum_subforum_count":0,"site-sidebar-layout":"default","site-content-layout":"","ast-site-content-layout":"","site-content-style":"default","site-sidebar-style":"default","ast-global-header-display":"","ast-banner-title-visibility":"","ast-main-header-display":"","ast-hfb-above-header-display":"","ast-hfb-below-header-display":"","ast-hfb-mobile-header-display":"","site-post-title":"","ast-breadcrumbs-content":"","ast-featured-img":"","footer-sml-layout":"","theme-transparent-header-meta":"","adv-header-id-meta":"","stick-header-meta":"","header-above-stick-meta":"","header-main-stick-meta":"","header-below-stick-meta":"","astra-migrate-meta-layouts":"default","ast-page-background-enabled":"default","ast-page-background-meta":{"desktop":{"background-color":"var(--ast-global-color-4)","background-image":"","background-repeat":"repeat","background-position":"center center","background-size":"auto","background-attachment":"scroll","background-type":"","background-media":"","overlay-type":"","overlay-color":"","overlay-opacity":"","overlay-gradient":""},"tablet":{"background-color":"","background-image":"","background-repeat":"repeat","background-position":"center center","background-size":"auto","background-attachment":"scroll","background-type":"","background-media":"","overlay-type":"","overlay-color":"","overlay-opacity":"","overlay-gradient":""},"mobile":{"background-color":"","background-image":"","background-repeat":"repeat","background-position":"center center","background-size":"auto","background-attachment":"scroll","background-type":"","background-media":"","overlay-type":"","overlay-color":"","overlay-opacity":"","overlay-gradient":""}},"ast-content-background-meta":{"desktop":{"background-color":"var(--ast-global-color-5)","background-image":"","background-repeat":"repeat","background-position":"center center","background-size":"auto","background-attachment":"scroll","background-type":"","background-media":"","overlay-type":"","overlay-color":"","overlay-opacity":"","overlay-gradient":""},"tablet":{"background-color":"var(--ast-global-color-5)","background-image":"","background-repeat":"repeat","background-position":"center center","background-size":"auto","background-attachment":"scroll","background-type":"","background-media":"","overlay-type":"","overlay-color":"","overlay-opacity":"","overlay-gradient":""},"mobile":{"background-color":"var(--ast-global-color-5)","background-image":"","background-repeat":"repeat","background-position":"center center","background-size":"auto","background-attachment":"scroll","background-type":"","background-media":"","overlay-type":"","overlay-color":"","overlay-opacity":"","overlay-gradient":""}},"footnotes":""},"categories":[1],"tags":[922,416],"class_list":["post-21977","post","type-post","status-publish","format-standard","has-post-thumbnail","hentry","category-noticies","tag-2n-a","tag-temps"],"post_mailing_queue_ids":[],"_links":{"self":[{"href":"https:\/\/agora.xtec.cat\/esc-antoniomachado\/wp-json\/wp\/v2\/posts\/21977","targetHints":{"allow":["GET"]}}],"collection":[{"href":"https:\/\/agora.xtec.cat\/esc-antoniomachado\/wp-json\/wp\/v2\/posts"}],"about":[{"href":"https:\/\/agora.xtec.cat\/esc-antoniomachado\/wp-json\/wp\/v2\/types\/post"}],"author":[{"embeddable":true,"href":"https:\/\/agora.xtec.cat\/esc-antoniomachado\/wp-json\/wp\/v2\/users\/4"}],"replies":[{"embeddable":true,"href":"https:\/\/agora.xtec.cat\/esc-antoniomachado\/wp-json\/wp\/v2\/comments?post=21977"}],"version-history":[{"count":3,"href":"https:\/\/agora.xtec.cat\/esc-antoniomachado\/wp-json\/wp\/v2\/posts\/21977\/revisions"}],"predecessor-version":[{"id":21982,"href":"https:\/\/agora.xtec.cat\/esc-antoniomachado\/wp-json\/wp\/v2\/posts\/21977\/revisions\/21982"}],"wp:featuredmedia":[{"embeddable":true,"href":"https:\/\/agora.xtec.cat\/esc-antoniomachado\/wp-json\/wp\/v2\/media\/21979"}],"wp:attachment":[{"href":"https:\/\/agora.xtec.cat\/esc-antoniomachado\/wp-json\/wp\/v2\/media?parent=21977"}],"wp:term":[{"taxonomy":"category","embeddable":true,"href":"https:\/\/agora.xtec.cat\/esc-antoniomachado\/wp-json\/wp\/v2\/categories?post=21977"},{"taxonomy":"post_tag","embeddable":true,"href":"https:\/\/agora.xtec.cat\/esc-antoniomachado\/wp-json\/wp\/v2\/tags?post=21977"}],"curies":[{"name":"wp","href":"https:\/\/api.w.org\/{rel}","templated":true}]}}