{"id":21827,"date":"2023-11-03T12:53:30","date_gmt":"2023-11-03T11:53:30","guid":{"rendered":"https:\/\/agora.xtec.cat\/esc-antoniomachado\/?p=21827"},"modified":"2023-11-03T16:13:27","modified_gmt":"2023-11-03T15:13:27","slug":"practiquem-ritmes-de-la-castanyada-i-de-halloween","status":"publish","type":"post","link":"https:\/\/agora.xtec.cat\/esc-antoniomachado\/noticies\/practiquem-ritmes-de-la-castanyada-i-de-halloween\/","title":{"rendered":"PRACTIQUEM RITMES DE LA CASTANYADA I DE HALLOWEEN"},"content":{"rendered":"<p>Aquesta setmana, els alumnes de 2n i de 5\u00e8 han posat en pr\u00e0ctica els ritmes de tardor, aprofitant una dita catalana i la festivitat de Halloween. Ha estat molt divertit !!<\/p>\n<p>Per altra banda, des de m\u00fasica, felicitar a tot l&#8217;alumnat d&#8217;Infantil i de Prim\u00e0ria per les fant\u00e0stiques danses que van ballar el passat 31 d&#8217;octubre. Van ser tot un \u00e8xit, enhorabona!<\/p>\n<p>Aviat us ensenyarem m\u00e9s propostes,<\/p>\n<p>Seguim!<\/p>\n<p><img loading=\"lazy\" decoding=\"async\" class=\" wp-image-21828 aligncenter\" src=\"https:\/\/agora.xtec.cat\/esc-antoniomachado\/wp-content\/uploads\/usu1670\/2023\/11\/IMG-20231103-WA0000-300x300.jpg\" alt=\"\" width=\"357\" height=\"357\" srcset=\"https:\/\/agora.xtec.cat\/esc-antoniomachado\/wp-content\/uploads\/usu1670\/2023\/11\/IMG-20231103-WA0000-300x300.jpg 300w, https:\/\/agora.xtec.cat\/esc-antoniomachado\/wp-content\/uploads\/usu1670\/2023\/11\/IMG-20231103-WA0000-1024x1024.jpg 1024w, https:\/\/agora.xtec.cat\/esc-antoniomachado\/wp-content\/uploads\/usu1670\/2023\/11\/IMG-20231103-WA0000-150x150.jpg 150w, https:\/\/agora.xtec.cat\/esc-antoniomachado\/wp-content\/uploads\/usu1670\/2023\/11\/IMG-20231103-WA0000-768x768.jpg 768w, https:\/\/agora.xtec.cat\/esc-antoniomachado\/wp-content\/uploads\/usu1670\/2023\/11\/IMG-20231103-WA0000-1536x1536.jpg 1536w, https:\/\/agora.xtec.cat\/esc-antoniomachado\/wp-content\/uploads\/usu1670\/2023\/11\/IMG-20231103-WA0000.jpg 2048w\" sizes=\"auto, (max-width: 357px) 100vw, 357px\" \/><\/p>\n","protected":false},"excerpt":{"rendered":"<p>Aquesta setmana, els alumnes de 2n i de 5\u00e8 han posat en pr\u00e0ctica els ritmes de tardor, aprofitant una dita catalana i la festivitat de Halloween. Ha estat molt divertit !! Per altra banda, des de m\u00fasica, felicitar a tot l&#8217;alumnat d&#8217;Infantil i de Prim\u00e0ria per les fant\u00e0stiques danses que van ballar el passat 31 [&hellip;]<\/p>\n","protected":false},"author":4,"featured_media":21828,"comment_status":"open","ping_status":"closed","sticky":false,"template":"","format":"standard","meta":{"_bbp_topic_count":0,"_bbp_reply_count":0,"_bbp_total_topic_count":0,"_bbp_total_reply_count":0,"_bbp_voice_count":0,"_bbp_anonymous_reply_count":0,"_bbp_topic_count_hidden":0,"_bbp_reply_count_hidden":0,"_bbp_forum_subforum_count":0,"site-sidebar-layout":"default","site-content-layout":"","ast-site-content-layout":"","site-content-style":"default","site-sidebar-style":"default","ast-global-header-display":"","ast-banner-title-visibility":"","ast-main-header-display":"","ast-hfb-above-header-display":"","ast-hfb-below-header-display":"","ast-hfb-mobile-header-display":"","site-post-title":"","ast-breadcrumbs-content":"","ast-featured-img":"","footer-sml-layout":"","theme-transparent-header-meta":"","adv-header-id-meta":"","stick-header-meta":"","header-above-stick-meta":"","header-main-stick-meta":"","header-below-stick-meta":"","astra-migrate-meta-layouts":"default","ast-page-background-enabled":"default","ast-page-background-meta":{"desktop":{"background-color":"var(--ast-global-color-4)","background-image":"","background-repeat":"repeat","background-position":"center center","background-size":"auto","background-attachment":"scroll","background-type":"","background-media":"","overlay-type":"","overlay-color":"","overlay-opacity":"","overlay-gradient":""},"tablet":{"background-color":"","background-image":"","background-repeat":"repeat","background-position":"center center","background-size":"auto","background-attachment":"scroll","background-type":"","background-media":"","overlay-type":"","overlay-color":"","overlay-opacity":"","overlay-gradient":""},"mobile":{"background-color":"","background-image":"","background-repeat":"repeat","background-position":"center center","background-size":"auto","background-attachment":"scroll","background-type":"","background-media":"","overlay-type":"","overlay-color":"","overlay-opacity":"","overlay-gradient":""}},"ast-content-background-meta":{"desktop":{"background-color":"var(--ast-global-color-5)","background-image":"","background-repeat":"repeat","background-position":"center center","background-size":"auto","background-attachment":"scroll","background-type":"","background-media":"","overlay-type":"","overlay-color":"","overlay-opacity":"","overlay-gradient":""},"tablet":{"background-color":"var(--ast-global-color-5)","background-image":"","background-repeat":"repeat","background-position":"center center","background-size":"auto","background-attachment":"scroll","background-type":"","background-media":"","overlay-type":"","overlay-color":"","overlay-opacity":"","overlay-gradient":""},"mobile":{"background-color":"var(--ast-global-color-5)","background-image":"","background-repeat":"repeat","background-position":"center center","background-size":"auto","background-attachment":"scroll","background-type":"","background-media":"","overlay-type":"","overlay-color":"","overlay-opacity":"","overlay-gradient":""}},"footnotes":""},"categories":[1217,1],"tags":[1293,1292,1294,1299,272],"class_list":["post-21827","post","type-post","status-publish","format-standard","has-post-thumbnail","hentry","category-festa","category-noticies","tag-1r-cicle","tag-2n-cicle","tag-3r-cicle","tag-castanyada-2023","tag-musica"],"post_mailing_queue_ids":[],"_links":{"self":[{"href":"https:\/\/agora.xtec.cat\/esc-antoniomachado\/wp-json\/wp\/v2\/posts\/21827","targetHints":{"allow":["GET"]}}],"collection":[{"href":"https:\/\/agora.xtec.cat\/esc-antoniomachado\/wp-json\/wp\/v2\/posts"}],"about":[{"href":"https:\/\/agora.xtec.cat\/esc-antoniomachado\/wp-json\/wp\/v2\/types\/post"}],"author":[{"embeddable":true,"href":"https:\/\/agora.xtec.cat\/esc-antoniomachado\/wp-json\/wp\/v2\/users\/4"}],"replies":[{"embeddable":true,"href":"https:\/\/agora.xtec.cat\/esc-antoniomachado\/wp-json\/wp\/v2\/comments?post=21827"}],"version-history":[{"count":3,"href":"https:\/\/agora.xtec.cat\/esc-antoniomachado\/wp-json\/wp\/v2\/posts\/21827\/revisions"}],"predecessor-version":[{"id":21832,"href":"https:\/\/agora.xtec.cat\/esc-antoniomachado\/wp-json\/wp\/v2\/posts\/21827\/revisions\/21832"}],"wp:featuredmedia":[{"embeddable":true,"href":"https:\/\/agora.xtec.cat\/esc-antoniomachado\/wp-json\/wp\/v2\/media\/21828"}],"wp:attachment":[{"href":"https:\/\/agora.xtec.cat\/esc-antoniomachado\/wp-json\/wp\/v2\/media?parent=21827"}],"wp:term":[{"taxonomy":"category","embeddable":true,"href":"https:\/\/agora.xtec.cat\/esc-antoniomachado\/wp-json\/wp\/v2\/categories?post=21827"},{"taxonomy":"post_tag","embeddable":true,"href":"https:\/\/agora.xtec.cat\/esc-antoniomachado\/wp-json\/wp\/v2\/tags?post=21827"}],"curies":[{"name":"wp","href":"https:\/\/api.w.org\/{rel}","templated":true}]}}