{"id":21780,"date":"2023-10-24T17:50:04","date_gmt":"2023-10-24T15:50:04","guid":{"rendered":"https:\/\/agora.xtec.cat\/esc-antoniomachado\/?p=21780"},"modified":"2023-10-24T17:52:12","modified_gmt":"2023-10-24T15:52:12","slug":"la-conversa-un-possible-cami-per-arribar-a-un-projecte-en-comu","status":"publish","type":"post","link":"https:\/\/agora.xtec.cat\/esc-antoniomachado\/noticies\/la-conversa-un-possible-cami-per-arribar-a-un-projecte-en-comu\/","title":{"rendered":"LA CONVERSA, UN POSSIBLE CAM\u00cd PER ARRIBAR A UN PROJECTE EN COM\u00da"},"content":{"rendered":"<p><span style=\"text-decoration: underline;\"><span style=\"font-weight: 400;\">La conversa<\/span><\/span><\/p>\n<p><span style=\"font-weight: 400;\">La participaci\u00f3 de cadascun dels membres del grup \u00e9s necess\u00e0ria per decidir col\u00b7lectivament, el \u201cdetall dels aniversaris\u201d dels infants del grup classe (4tB). Les propostes vinculades amb la conversa i l\u2019escolta activa, el di\u00e0leg argumentat i la presa de decisions col\u00b7lectives en les que \u00e9s necess\u00e0ria la implicaci\u00f3 i la participaci\u00f3 individual, impl\u00edcitament, ajuden a assumir la responsabilitat social i democr\u00e0tica. Ser part\u00edcip d\u2019un proc\u00e9s participatiu ajuda tamb\u00e9 a enfortir valors com la toler\u00e0ncia i el respecte. Viure el proc\u00e9s de prendre una decisi\u00f3 col\u00b7lectiva, com \u00e9s, la tria del \u201ddetall dels aniversaris\u201d i el proc\u00e9s de creaci\u00f3, genera en els infants la integraci\u00f3 d\u2019eines i estrat\u00e8gies assemble\u00e0ries que els poden acompanyar en el cam\u00ed de la vida i fer-ne \u00fas en diferents contextos del quotidi\u00e0.\u00a0\u00a0<\/span><\/p>\n<p><span style=\"text-decoration: underline;\"><span style=\"font-weight: 400;\">El proc\u00e9s intern a 4tB<\/span><\/span><\/p>\n<p><span style=\"font-weight: 400;\">El grup d\u2019infants explica oralment els \u201cdetalls dels aniversaris\u201d de cursos anteriors i com a grup decideixen crear-ne un de nou per aquest curs 2023-2024. Individualment pensen i redacten quina podria ser la nova proposta i el material necessari per dur-la a terme. Recopilades les 26 idees es posen en com\u00fa i cada membre del grup explica a la resta la seva proposta personal. En aquest moment de conversa i escolta activa es genera el llistat de les possibles propostes per aquest curs. Despr\u00e9s, amb la llista complerta,\u00a0 es descarten les propostes repetides i algunes propostes similars generen una \u00fanica proposta nova mitjan\u00e7ant el di\u00e0leg i l\u2019argumentaci\u00f3. Una vegada aconseguit el llistat definitiu es pren la decisi\u00f3 col\u00b7lectiva de fer la tria d\u2019una \u00fanica proposta mitjan\u00e7ant votacions, per arribar finalment al \u201cdetall dels aniversaris de 4tB\u201d: <\/span><\/p>\n<p><span style=\"font-weight: 400;\">una llibreta amb il\u00b7lustracions de cadascun dels membres del grup i una portada creada a t\u00edtol individual per cada infant del grup classe.<\/span><\/p>\n<p><img loading=\"lazy\" decoding=\"async\" class=\"size-medium wp-image-21782 aligncenter\" src=\"https:\/\/agora.xtec.cat\/esc-antoniomachado\/wp-content\/uploads\/usu1670\/2023\/10\/Detall-Aniversaris-1-225x300.jpg\" alt=\"\" width=\"225\" height=\"300\" srcset=\"https:\/\/agora.xtec.cat\/esc-antoniomachado\/wp-content\/uploads\/usu1670\/2023\/10\/Detall-Aniversaris-1-225x300.jpg 225w, https:\/\/agora.xtec.cat\/esc-antoniomachado\/wp-content\/uploads\/usu1670\/2023\/10\/Detall-Aniversaris-1-768x1024.jpg 768w, https:\/\/agora.xtec.cat\/esc-antoniomachado\/wp-content\/uploads\/usu1670\/2023\/10\/Detall-Aniversaris-1-1152x1536.jpg 1152w, https:\/\/agora.xtec.cat\/esc-antoniomachado\/wp-content\/uploads\/usu1670\/2023\/10\/Detall-Aniversaris-1-1536x2048.jpg 1536w, https:\/\/agora.xtec.cat\/esc-antoniomachado\/wp-content\/uploads\/usu1670\/2023\/10\/Detall-Aniversaris-1-scaled.jpg 1920w\" sizes=\"auto, (max-width: 225px) 100vw, 225px\" \/><\/p>\n<p>&nbsp;<\/p>\n","protected":false},"excerpt":{"rendered":"<p>La conversa La participaci\u00f3 de cadascun dels membres del grup \u00e9s necess\u00e0ria per decidir col\u00b7lectivament, el \u201cdetall dels aniversaris\u201d dels infants del grup classe (4tB). Les propostes vinculades amb la conversa i l\u2019escolta activa, el di\u00e0leg argumentat i la presa de decisions col\u00b7lectives en les que \u00e9s necess\u00e0ria la implicaci\u00f3 i la participaci\u00f3 individual, impl\u00edcitament, [&hellip;]<\/p>\n","protected":false},"author":4,"featured_media":0,"comment_status":"open","ping_status":"closed","sticky":false,"template":"","format":"standard","meta":{"_bbp_topic_count":0,"_bbp_reply_count":0,"_bbp_total_topic_count":0,"_bbp_total_reply_count":0,"_bbp_voice_count":0,"_bbp_anonymous_reply_count":0,"_bbp_topic_count_hidden":0,"_bbp_reply_count_hidden":0,"_bbp_forum_subforum_count":0,"site-sidebar-layout":"default","site-content-layout":"","ast-site-content-layout":"","site-content-style":"default","site-sidebar-style":"default","ast-global-header-display":"","ast-banner-title-visibility":"","ast-main-header-display":"","ast-hfb-above-header-display":"","ast-hfb-below-header-display":"","ast-hfb-mobile-header-display":"","site-post-title":"","ast-breadcrumbs-content":"","ast-featured-img":"","footer-sml-layout":"","theme-transparent-header-meta":"","adv-header-id-meta":"","stick-header-meta":"","header-above-stick-meta":"","header-main-stick-meta":"","header-below-stick-meta":"","astra-migrate-meta-layouts":"default","ast-page-background-enabled":"default","ast-page-background-meta":{"desktop":{"background-color":"var(--ast-global-color-4)","background-image":"","background-repeat":"repeat","background-position":"center center","background-size":"auto","background-attachment":"scroll","background-type":"","background-media":"","overlay-type":"","overlay-color":"","overlay-opacity":"","overlay-gradient":""},"tablet":{"background-color":"","background-image":"","background-repeat":"repeat","background-position":"center center","background-size":"auto","background-attachment":"scroll","background-type":"","background-media":"","overlay-type":"","overlay-color":"","overlay-opacity":"","overlay-gradient":""},"mobile":{"background-color":"","background-image":"","background-repeat":"repeat","background-position":"center center","background-size":"auto","background-attachment":"scroll","background-type":"","background-media":"","overlay-type":"","overlay-color":"","overlay-opacity":"","overlay-gradient":""}},"ast-content-background-meta":{"desktop":{"background-color":"var(--ast-global-color-5)","background-image":"","background-repeat":"repeat","background-position":"center center","background-size":"auto","background-attachment":"scroll","background-type":"","background-media":"","overlay-type":"","overlay-color":"","overlay-opacity":"","overlay-gradient":""},"tablet":{"background-color":"var(--ast-global-color-5)","background-image":"","background-repeat":"repeat","background-position":"center center","background-size":"auto","background-attachment":"scroll","background-type":"","background-media":"","overlay-type":"","overlay-color":"","overlay-opacity":"","overlay-gradient":""},"mobile":{"background-color":"var(--ast-global-color-5)","background-image":"","background-repeat":"repeat","background-position":"center center","background-size":"auto","background-attachment":"scroll","background-type":"","background-media":"","overlay-type":"","overlay-color":"","overlay-opacity":"","overlay-gradient":""}},"footnotes":""},"categories":[1],"tags":[283,1291],"class_list":["post-21780","post","type-post","status-publish","format-standard","hentry","category-noticies","tag-4tb","tag-la-conversa"],"post_mailing_queue_ids":[],"_links":{"self":[{"href":"https:\/\/agora.xtec.cat\/esc-antoniomachado\/wp-json\/wp\/v2\/posts\/21780","targetHints":{"allow":["GET"]}}],"collection":[{"href":"https:\/\/agora.xtec.cat\/esc-antoniomachado\/wp-json\/wp\/v2\/posts"}],"about":[{"href":"https:\/\/agora.xtec.cat\/esc-antoniomachado\/wp-json\/wp\/v2\/types\/post"}],"author":[{"embeddable":true,"href":"https:\/\/agora.xtec.cat\/esc-antoniomachado\/wp-json\/wp\/v2\/users\/4"}],"replies":[{"embeddable":true,"href":"https:\/\/agora.xtec.cat\/esc-antoniomachado\/wp-json\/wp\/v2\/comments?post=21780"}],"version-history":[{"count":3,"href":"https:\/\/agora.xtec.cat\/esc-antoniomachado\/wp-json\/wp\/v2\/posts\/21780\/revisions"}],"predecessor-version":[{"id":21785,"href":"https:\/\/agora.xtec.cat\/esc-antoniomachado\/wp-json\/wp\/v2\/posts\/21780\/revisions\/21785"}],"wp:attachment":[{"href":"https:\/\/agora.xtec.cat\/esc-antoniomachado\/wp-json\/wp\/v2\/media?parent=21780"}],"wp:term":[{"taxonomy":"category","embeddable":true,"href":"https:\/\/agora.xtec.cat\/esc-antoniomachado\/wp-json\/wp\/v2\/categories?post=21780"},{"taxonomy":"post_tag","embeddable":true,"href":"https:\/\/agora.xtec.cat\/esc-antoniomachado\/wp-json\/wp\/v2\/tags?post=21780"}],"curies":[{"name":"wp","href":"https:\/\/api.w.org\/{rel}","templated":true}]}}