{"id":21671,"date":"2023-10-09T13:00:17","date_gmt":"2023-10-09T11:00:17","guid":{"rendered":"https:\/\/agora.xtec.cat\/esc-antoniomachado\/?p=21671"},"modified":"2023-10-08T20:46:10","modified_gmt":"2023-10-08T18:46:10","slug":"com-esta-el-teu-cor","status":"publish","type":"post","link":"https:\/\/agora.xtec.cat\/esc-antoniomachado\/noticies\/com-esta-el-teu-cor\/","title":{"rendered":"COM EST\u00c0 EL TEU COR?"},"content":{"rendered":"<p>Us heu fet mai la pregunta: <em>Com est\u00e0 el teu cor?<\/em> Al grup d&#8217;educaci\u00f3 infantil Warhol s\u00ed! Hem conversat sobre els sons del cos, entre ells el so del cor, i hem pogut expressar amb paraules i dibuixos com se sent el nostre cor aqu\u00ed i ara. Emocions i maneres de ser molt presents en la conversa que va derivar d&#8217;aquesta pregunta:<\/p>\n<p><em>El meu cor est\u00e0 mirant la tele; el meu est\u00e0 jugant a b\u00e0squet i es cansa; el meu est\u00e0 fent carreres; &#8220;el m\u00edo no hace nada porqu\u00e9 el coraz\u00f3n no tiene piernas y no se mueve&#8221;; el cor sempre fa el que nosaltres fem, si estem esverats ell tamb\u00e9; el meu est\u00e0 plorant; el meu est\u00e0 nervi\u00f3s; el meu est\u00e0 tranquil i dormint; el meu est\u00e0 fent tik-toks; &#8220;el coraz\u00f3n es una cosa que te hace vivir&#8221;&#8230;<\/em><\/p>\n<p>\u00c9s un bonic punt d&#8217;inici per a un possible context. Seguirem cap a on ens portin els nostres cors&#8230;<\/p>\n<p><img loading=\"lazy\" decoding=\"async\" class=\"aligncenter wp-image-21673 size-thumbnail\" src=\"https:\/\/agora.xtec.cat\/esc-antoniomachado\/wp-content\/uploads\/usu1670\/2023\/10\/cor1-150x150.jpg\" alt=\"\" width=\"150\" height=\"150\" srcset=\"https:\/\/agora.xtec.cat\/esc-antoniomachado\/wp-content\/uploads\/usu1670\/2023\/10\/cor1-150x150.jpg 150w, https:\/\/agora.xtec.cat\/esc-antoniomachado\/wp-content\/uploads\/usu1670\/2023\/10\/cor1-300x300.jpg 300w, https:\/\/agora.xtec.cat\/esc-antoniomachado\/wp-content\/uploads\/usu1670\/2023\/10\/cor1.jpg 615w\" sizes=\"auto, (max-width: 150px) 100vw, 150px\" \/><\/p>\n","protected":false},"excerpt":{"rendered":"<p>Us heu fet mai la pregunta: Com est\u00e0 el teu cor? Al grup d&#8217;educaci\u00f3 infantil Warhol s\u00ed! Hem conversat sobre els sons del cos, entre ells el so del cor, i hem pogut expressar amb paraules i dibuixos com se sent el nostre cor aqu\u00ed i ara. Emocions i maneres de ser molt presents en [&hellip;]<\/p>\n","protected":false},"author":4,"featured_media":21673,"comment_status":"open","ping_status":"closed","sticky":false,"template":"","format":"standard","meta":{"_bbp_topic_count":0,"_bbp_reply_count":0,"_bbp_total_topic_count":0,"_bbp_total_reply_count":0,"_bbp_voice_count":0,"_bbp_anonymous_reply_count":0,"_bbp_topic_count_hidden":0,"_bbp_reply_count_hidden":0,"_bbp_forum_subforum_count":0,"site-sidebar-layout":"default","site-content-layout":"","ast-site-content-layout":"","site-content-style":"default","site-sidebar-style":"default","ast-global-header-display":"","ast-banner-title-visibility":"","ast-main-header-display":"","ast-hfb-above-header-display":"","ast-hfb-below-header-display":"","ast-hfb-mobile-header-display":"","site-post-title":"","ast-breadcrumbs-content":"","ast-featured-img":"","footer-sml-layout":"","theme-transparent-header-meta":"","adv-header-id-meta":"","stick-header-meta":"","header-above-stick-meta":"","header-main-stick-meta":"","header-below-stick-meta":"","astra-migrate-meta-layouts":"default","ast-page-background-enabled":"default","ast-page-background-meta":{"desktop":{"background-color":"var(--ast-global-color-4)","background-image":"","background-repeat":"repeat","background-position":"center center","background-size":"auto","background-attachment":"scroll","background-type":"","background-media":"","overlay-type":"","overlay-color":"","overlay-opacity":"","overlay-gradient":""},"tablet":{"background-color":"","background-image":"","background-repeat":"repeat","background-position":"center center","background-size":"auto","background-attachment":"scroll","background-type":"","background-media":"","overlay-type":"","overlay-color":"","overlay-opacity":"","overlay-gradient":""},"mobile":{"background-color":"","background-image":"","background-repeat":"repeat","background-position":"center center","background-size":"auto","background-attachment":"scroll","background-type":"","background-media":"","overlay-type":"","overlay-color":"","overlay-opacity":"","overlay-gradient":""}},"ast-content-background-meta":{"desktop":{"background-color":"var(--ast-global-color-5)","background-image":"","background-repeat":"repeat","background-position":"center center","background-size":"auto","background-attachment":"scroll","background-type":"","background-media":"","overlay-type":"","overlay-color":"","overlay-opacity":"","overlay-gradient":""},"tablet":{"background-color":"var(--ast-global-color-5)","background-image":"","background-repeat":"repeat","background-position":"center center","background-size":"auto","background-attachment":"scroll","background-type":"","background-media":"","overlay-type":"","overlay-color":"","overlay-opacity":"","overlay-gradient":""},"mobile":{"background-color":"var(--ast-global-color-5)","background-image":"","background-repeat":"repeat","background-position":"center center","background-size":"auto","background-attachment":"scroll","background-type":"","background-media":"","overlay-type":"","overlay-color":"","overlay-opacity":"","overlay-gradient":""}},"footnotes":""},"categories":[1],"tags":[1273,1272,1274],"class_list":["post-21671","post","type-post","status-publish","format-standard","has-post-thumbnail","hentry","category-noticies","tag-2023-24","tag-cor","tag-warhol"],"post_mailing_queue_ids":[],"_links":{"self":[{"href":"https:\/\/agora.xtec.cat\/esc-antoniomachado\/wp-json\/wp\/v2\/posts\/21671","targetHints":{"allow":["GET"]}}],"collection":[{"href":"https:\/\/agora.xtec.cat\/esc-antoniomachado\/wp-json\/wp\/v2\/posts"}],"about":[{"href":"https:\/\/agora.xtec.cat\/esc-antoniomachado\/wp-json\/wp\/v2\/types\/post"}],"author":[{"embeddable":true,"href":"https:\/\/agora.xtec.cat\/esc-antoniomachado\/wp-json\/wp\/v2\/users\/4"}],"replies":[{"embeddable":true,"href":"https:\/\/agora.xtec.cat\/esc-antoniomachado\/wp-json\/wp\/v2\/comments?post=21671"}],"version-history":[{"count":4,"href":"https:\/\/agora.xtec.cat\/esc-antoniomachado\/wp-json\/wp\/v2\/posts\/21671\/revisions"}],"predecessor-version":[{"id":21676,"href":"https:\/\/agora.xtec.cat\/esc-antoniomachado\/wp-json\/wp\/v2\/posts\/21671\/revisions\/21676"}],"wp:featuredmedia":[{"embeddable":true,"href":"https:\/\/agora.xtec.cat\/esc-antoniomachado\/wp-json\/wp\/v2\/media\/21673"}],"wp:attachment":[{"href":"https:\/\/agora.xtec.cat\/esc-antoniomachado\/wp-json\/wp\/v2\/media?parent=21671"}],"wp:term":[{"taxonomy":"category","embeddable":true,"href":"https:\/\/agora.xtec.cat\/esc-antoniomachado\/wp-json\/wp\/v2\/categories?post=21671"},{"taxonomy":"post_tag","embeddable":true,"href":"https:\/\/agora.xtec.cat\/esc-antoniomachado\/wp-json\/wp\/v2\/tags?post=21671"}],"curies":[{"name":"wp","href":"https:\/\/api.w.org\/{rel}","templated":true}]}}