{"id":21242,"date":"2023-03-15T08:00:58","date_gmt":"2023-03-15T07:00:58","guid":{"rendered":"https:\/\/agora.xtec.cat\/esc-antoniomachado\/?p=21242"},"modified":"2023-03-15T23:22:29","modified_gmt":"2023-03-15T22:22:29","slug":"aps-juguem-juntes","status":"publish","type":"post","link":"https:\/\/agora.xtec.cat\/esc-antoniomachado\/noticies\/aps-juguem-juntes\/","title":{"rendered":"APS JUGUEM JUNTES"},"content":{"rendered":"<p><img loading=\"lazy\" decoding=\"async\" class=\"alignleft wp-image-21248 size-full\" src=\"https:\/\/agora.xtec.cat\/esc-antoniomachado\/wp-content\/uploads\/usu1670\/2023\/03\/JUGUEM-JUNTES-1.png\" alt=\"\" width=\"625\" height=\"656\" srcset=\"https:\/\/agora.xtec.cat\/esc-antoniomachado\/wp-content\/uploads\/usu1670\/2023\/03\/JUGUEM-JUNTES-1.png 625w, https:\/\/agora.xtec.cat\/esc-antoniomachado\/wp-content\/uploads\/usu1670\/2023\/03\/JUGUEM-JUNTES-1-286x300.png 286w\" sizes=\"auto, (max-width: 625px) 100vw, 625px\" \/><\/p>\n<p style=\"text-align: left;\">Ahir, dimecres 15 de mar\u00e7 vam iniciar el projecte amb entrevistes, observacions a les aules i estones de pati que ens van ocupar tot el mat\u00ed. Hi van participar fam\u00edlies, mestres, personal de l&#8217;escola i alumnes de 5\u00e8 i 6\u00e8.<\/p>\n<p>Tota aquesta feina d&#8217;observaci\u00f3 i recollida d&#8217;informaci\u00f3 valuosa va anar a c\u00e0rrec de les i els alumnes de 1r de carrera de la universitat Blanquerna de Barcelona que van poder entrevistar-se amb un nombre for\u00e7a important de persones que convivim a l&#8217;escola cadaa dia.<\/p>\n<p><strong>Aprofitem aquesta publicaci\u00f3 per agra\u00efr la gesti\u00f3 i coordinaci\u00f3 de la jornada d&#8217;observaci\u00f3 a totes les persones involucrades de la Universitat Blanquerna i l&#8217;institut Guttmann, aix\u00ed com a la participaci\u00f3 de les fam\u00edlies de l&#8217;escola, com tamb\u00e9 a les i els mestres i personal no docent del centre i a tot l&#8217;alumnat de 5\u00e8 i 6\u00e8 de prim\u00e0ria.\u00a0<\/strong><\/p>\n<p>Ara \u00e9s moment de reflexionar i traduir la informaci\u00f3 recollida per comen\u00e7ar a preparar la jornada esportiva del proper dimecres 10 de maig.<\/p>\n","protected":false},"excerpt":{"rendered":"<p>Ahir, dimecres 15 de mar\u00e7 vam iniciar el projecte amb entrevistes, observacions a les aules i estones de pati que ens van ocupar tot el mat\u00ed. Hi van participar fam\u00edlies, mestres, personal de l&#8217;escola i alumnes de 5\u00e8 i 6\u00e8. Tota aquesta feina d&#8217;observaci\u00f3 i recollida d&#8217;informaci\u00f3 valuosa va anar a c\u00e0rrec de les i [&hellip;]<\/p>\n","protected":false},"author":1,"featured_media":0,"comment_status":"open","ping_status":"closed","sticky":false,"template":"","format":"standard","meta":{"_bbp_topic_count":0,"_bbp_reply_count":0,"_bbp_total_topic_count":0,"_bbp_total_reply_count":0,"_bbp_voice_count":0,"_bbp_anonymous_reply_count":0,"_bbp_topic_count_hidden":0,"_bbp_reply_count_hidden":0,"_bbp_forum_subforum_count":0,"site-sidebar-layout":"default","site-content-layout":"","ast-site-content-layout":"","site-content-style":"default","site-sidebar-style":"default","ast-global-header-display":"","ast-banner-title-visibility":"","ast-main-header-display":"","ast-hfb-above-header-display":"","ast-hfb-below-header-display":"","ast-hfb-mobile-header-display":"","site-post-title":"","ast-breadcrumbs-content":"","ast-featured-img":"","footer-sml-layout":"","theme-transparent-header-meta":"","adv-header-id-meta":"","stick-header-meta":"","header-above-stick-meta":"","header-main-stick-meta":"","header-below-stick-meta":"","astra-migrate-meta-layouts":"default","ast-page-background-enabled":"default","ast-page-background-meta":{"desktop":{"background-color":"var(--ast-global-color-4)","background-image":"","background-repeat":"repeat","background-position":"center center","background-size":"auto","background-attachment":"scroll","background-type":"","background-media":"","overlay-type":"","overlay-color":"","overlay-opacity":"","overlay-gradient":""},"tablet":{"background-color":"","background-image":"","background-repeat":"repeat","background-position":"center center","background-size":"auto","background-attachment":"scroll","background-type":"","background-media":"","overlay-type":"","overlay-color":"","overlay-opacity":"","overlay-gradient":""},"mobile":{"background-color":"","background-image":"","background-repeat":"repeat","background-position":"center center","background-size":"auto","background-attachment":"scroll","background-type":"","background-media":"","overlay-type":"","overlay-color":"","overlay-opacity":"","overlay-gradient":""}},"ast-content-background-meta":{"desktop":{"background-color":"var(--ast-global-color-5)","background-image":"","background-repeat":"repeat","background-position":"center center","background-size":"auto","background-attachment":"scroll","background-type":"","background-media":"","overlay-type":"","overlay-color":"","overlay-opacity":"","overlay-gradient":""},"tablet":{"background-color":"var(--ast-global-color-5)","background-image":"","background-repeat":"repeat","background-position":"center center","background-size":"auto","background-attachment":"scroll","background-type":"","background-media":"","overlay-type":"","overlay-color":"","overlay-opacity":"","overlay-gradient":""},"mobile":{"background-color":"var(--ast-global-color-5)","background-image":"","background-repeat":"repeat","background-position":"center center","background-size":"auto","background-attachment":"scroll","background-type":"","background-media":"","overlay-type":"","overlay-color":"","overlay-opacity":"","overlay-gradient":""}},"footnotes":""},"categories":[1],"tags":[],"class_list":["post-21242","post","type-post","status-publish","format-standard","hentry","category-noticies"],"post_mailing_queue_ids":[],"_links":{"self":[{"href":"https:\/\/agora.xtec.cat\/esc-antoniomachado\/wp-json\/wp\/v2\/posts\/21242","targetHints":{"allow":["GET"]}}],"collection":[{"href":"https:\/\/agora.xtec.cat\/esc-antoniomachado\/wp-json\/wp\/v2\/posts"}],"about":[{"href":"https:\/\/agora.xtec.cat\/esc-antoniomachado\/wp-json\/wp\/v2\/types\/post"}],"author":[{"embeddable":true,"href":"https:\/\/agora.xtec.cat\/esc-antoniomachado\/wp-json\/wp\/v2\/users\/1"}],"replies":[{"embeddable":true,"href":"https:\/\/agora.xtec.cat\/esc-antoniomachado\/wp-json\/wp\/v2\/comments?post=21242"}],"version-history":[{"count":3,"href":"https:\/\/agora.xtec.cat\/esc-antoniomachado\/wp-json\/wp\/v2\/posts\/21242\/revisions"}],"predecessor-version":[{"id":21256,"href":"https:\/\/agora.xtec.cat\/esc-antoniomachado\/wp-json\/wp\/v2\/posts\/21242\/revisions\/21256"}],"wp:attachment":[{"href":"https:\/\/agora.xtec.cat\/esc-antoniomachado\/wp-json\/wp\/v2\/media?parent=21242"}],"wp:term":[{"taxonomy":"category","embeddable":true,"href":"https:\/\/agora.xtec.cat\/esc-antoniomachado\/wp-json\/wp\/v2\/categories?post=21242"},{"taxonomy":"post_tag","embeddable":true,"href":"https:\/\/agora.xtec.cat\/esc-antoniomachado\/wp-json\/wp\/v2\/tags?post=21242"}],"curies":[{"name":"wp","href":"https:\/\/api.w.org\/{rel}","templated":true}]}}