{"id":20758,"date":"2022-11-28T17:16:41","date_gmt":"2022-11-28T16:16:41","guid":{"rendered":"https:\/\/agora.xtec.cat\/esc-antoniomachado\/?p=20758"},"modified":"2022-11-28T09:21:28","modified_gmt":"2022-11-28T08:21:28","slug":"constitucio-del-consell-dinfants-2022-2023","status":"publish","type":"post","link":"https:\/\/agora.xtec.cat\/esc-antoniomachado\/noticies\/constitucio-del-consell-dinfants-2022-2023\/","title":{"rendered":"CONSTITUCI\u00d3 DEL CONSELL D&#8217;INFANTS 2022-2023"},"content":{"rendered":"<p style=\"text-align: justify;\"><strong>Avui hem constitu\u00eft el Consell d&#8217;Infants del Machado 22-23!<\/strong><\/p>\n<p style=\"text-align: justify;\">A l&#8217;escola ja \u00e9s el 2n any que ens trobem amb les conselleres i consellers representants des de 3r fins a 6\u00e8. Aquestes i aquests alumnes han estat triats a partir d&#8217;un proc\u00e9s participatiu i democr\u00e0tic a cadascuna de les aules d&#8217;aquests cursos.<\/p>\n<p style=\"text-align: justify;\"><strong>Iniciem doncs un treball que durar\u00e0 tot el curs 22-23 i que es centra principalment en la ressoluci\u00f3 de conflictes a l&#8217;escola.<\/strong> Durant la primera sessi\u00f3 de constituci\u00f3 d&#8217;ahir, dijous 17 de novembre, cada consellera i conseller va poder presentar-se a la resta de consellers i membres de l&#8217;equip directiu (directora i secretari) que participen i dinamitzen les sessions. Tanmateix vam poder comen\u00e7ar a posar fil a l&#8217;agulla i posar en com\u00fa les diferents visions que cada aula havia treballat pr\u00e8viament amb cada grup-aula.<\/p>\n<p style=\"text-align: justify;\">Seguim treballant &#8230;<\/p>\n<p><a href=\"https:\/\/agora.xtec.cat\/esc-antoniomachado\/general\/constitucio-del-consell-dinfants-2022-2023\/attachment\/ressolucio-de-conflictes\/\" rel=\"attachment wp-att-20759\"><img loading=\"lazy\" decoding=\"async\" class=\"aligncenter size-medium wp-image-20759\" src=\"https:\/\/agora.xtec.cat\/esc-antoniomachado\/wp-content\/uploads\/usu1670\/2022\/11\/ressolucio-de-conflictes-300x271.png\" alt=\"\" width=\"300\" height=\"271\" srcset=\"https:\/\/agora.xtec.cat\/esc-antoniomachado\/wp-content\/uploads\/usu1670\/2022\/11\/ressolucio-de-conflictes-300x271.png 300w, https:\/\/agora.xtec.cat\/esc-antoniomachado\/wp-content\/uploads\/usu1670\/2022\/11\/ressolucio-de-conflictes.png 458w\" sizes=\"auto, (max-width: 300px) 100vw, 300px\" \/><\/a><\/p>\n","protected":false},"excerpt":{"rendered":"<p>Avui hem constitu\u00eft el Consell d&#8217;Infants del Machado 22-23! A l&#8217;escola ja \u00e9s el 2n any que ens trobem amb les conselleres i consellers representants des de 3r fins a 6\u00e8. Aquestes i aquests alumnes han estat triats a partir d&#8217;un proc\u00e9s participatiu i democr\u00e0tic a cadascuna de les aules d&#8217;aquests cursos. Iniciem doncs un [&hellip;]<\/p>\n","protected":false},"author":1,"featured_media":0,"comment_status":"open","ping_status":"closed","sticky":false,"template":"","format":"standard","meta":{"_bbp_topic_count":0,"_bbp_reply_count":0,"_bbp_total_topic_count":0,"_bbp_total_reply_count":0,"_bbp_voice_count":0,"_bbp_anonymous_reply_count":0,"_bbp_topic_count_hidden":0,"_bbp_reply_count_hidden":0,"_bbp_forum_subforum_count":0,"site-sidebar-layout":"default","site-content-layout":"","ast-site-content-layout":"","site-content-style":"default","site-sidebar-style":"default","ast-global-header-display":"","ast-banner-title-visibility":"","ast-main-header-display":"","ast-hfb-above-header-display":"","ast-hfb-below-header-display":"","ast-hfb-mobile-header-display":"","site-post-title":"","ast-breadcrumbs-content":"","ast-featured-img":"","footer-sml-layout":"","theme-transparent-header-meta":"","adv-header-id-meta":"","stick-header-meta":"","header-above-stick-meta":"","header-main-stick-meta":"","header-below-stick-meta":"","astra-migrate-meta-layouts":"default","ast-page-background-enabled":"default","ast-page-background-meta":{"desktop":{"background-color":"var(--ast-global-color-4)","background-image":"","background-repeat":"repeat","background-position":"center center","background-size":"auto","background-attachment":"scroll","background-type":"","background-media":"","overlay-type":"","overlay-color":"","overlay-opacity":"","overlay-gradient":""},"tablet":{"background-color":"","background-image":"","background-repeat":"repeat","background-position":"center center","background-size":"auto","background-attachment":"scroll","background-type":"","background-media":"","overlay-type":"","overlay-color":"","overlay-opacity":"","overlay-gradient":""},"mobile":{"background-color":"","background-image":"","background-repeat":"repeat","background-position":"center center","background-size":"auto","background-attachment":"scroll","background-type":"","background-media":"","overlay-type":"","overlay-color":"","overlay-opacity":"","overlay-gradient":""}},"ast-content-background-meta":{"desktop":{"background-color":"var(--ast-global-color-5)","background-image":"","background-repeat":"repeat","background-position":"center center","background-size":"auto","background-attachment":"scroll","background-type":"","background-media":"","overlay-type":"","overlay-color":"","overlay-opacity":"","overlay-gradient":""},"tablet":{"background-color":"var(--ast-global-color-5)","background-image":"","background-repeat":"repeat","background-position":"center center","background-size":"auto","background-attachment":"scroll","background-type":"","background-media":"","overlay-type":"","overlay-color":"","overlay-opacity":"","overlay-gradient":""},"mobile":{"background-color":"var(--ast-global-color-5)","background-image":"","background-repeat":"repeat","background-position":"center center","background-size":"auto","background-attachment":"scroll","background-type":"","background-media":"","overlay-type":"","overlay-color":"","overlay-opacity":"","overlay-gradient":""}},"footnotes":""},"categories":[1],"tags":[],"class_list":["post-20758","post","type-post","status-publish","format-standard","hentry","category-noticies"],"post_mailing_queue_ids":[],"_links":{"self":[{"href":"https:\/\/agora.xtec.cat\/esc-antoniomachado\/wp-json\/wp\/v2\/posts\/20758","targetHints":{"allow":["GET"]}}],"collection":[{"href":"https:\/\/agora.xtec.cat\/esc-antoniomachado\/wp-json\/wp\/v2\/posts"}],"about":[{"href":"https:\/\/agora.xtec.cat\/esc-antoniomachado\/wp-json\/wp\/v2\/types\/post"}],"author":[{"embeddable":true,"href":"https:\/\/agora.xtec.cat\/esc-antoniomachado\/wp-json\/wp\/v2\/users\/1"}],"replies":[{"embeddable":true,"href":"https:\/\/agora.xtec.cat\/esc-antoniomachado\/wp-json\/wp\/v2\/comments?post=20758"}],"version-history":[{"count":3,"href":"https:\/\/agora.xtec.cat\/esc-antoniomachado\/wp-json\/wp\/v2\/posts\/20758\/revisions"}],"predecessor-version":[{"id":20763,"href":"https:\/\/agora.xtec.cat\/esc-antoniomachado\/wp-json\/wp\/v2\/posts\/20758\/revisions\/20763"}],"wp:attachment":[{"href":"https:\/\/agora.xtec.cat\/esc-antoniomachado\/wp-json\/wp\/v2\/media?parent=20758"}],"wp:term":[{"taxonomy":"category","embeddable":true,"href":"https:\/\/agora.xtec.cat\/esc-antoniomachado\/wp-json\/wp\/v2\/categories?post=20758"},{"taxonomy":"post_tag","embeddable":true,"href":"https:\/\/agora.xtec.cat\/esc-antoniomachado\/wp-json\/wp\/v2\/tags?post=20758"}],"curies":[{"name":"wp","href":"https:\/\/api.w.org\/{rel}","templated":true}]}}