{"id":20731,"date":"2022-11-19T10:30:38","date_gmt":"2022-11-19T09:30:38","guid":{"rendered":"https:\/\/agora.xtec.cat\/esc-antoniomachado\/?p=20731"},"modified":"2022-11-18T20:33:36","modified_gmt":"2022-11-18T19:33:36","slug":"setmana-de-reflexio","status":"publish","type":"post","link":"https:\/\/agora.xtec.cat\/esc-antoniomachado\/noticies\/setmana-de-reflexio\/","title":{"rendered":"Setmana de reflexi\u00f3"},"content":{"rendered":"<p>Durant aquesta setmana ens hem centrat molt en posar consci\u00e8ncia i en trobar solucions a aquelles situacions que ens s\u00f3n inc\u00f2modes, tant dins com fora de l&#8217;escola, per aix\u00f2 la paraula de la setmana ha estat CONFLICTE. Ha estat un bon punt de partida per posar nom a aquelles sensacions i actuacions que no ens agraden, per\u00f2 sempre des d&#8217;una vessant constructiva. La paraula ha vingut donada perqu\u00e8 s&#8217;ha inaugurat el primer Consell d&#8217;Infants d&#8217;aquest curs i es centraran justament en aquest tema: la resoluci\u00f3 de conflictes.<\/p>\n<p>Hem mirat d&#8217;organitzar totes les paraules que ens havien sorgit a partir de la pregunta \u00bfC\u00f3mo est\u00e1 organizado el mundo? i cadasc\u00fa ha creat el seu mapa mental amb tots ells. Veient que la paraula comarca ens sonava, per\u00f2 no sab\u00edem gaire on situar-la, hem comen\u00e7at a familiaritzar-nos amb les de Catalunya endre\u00e7ant-les segons el nombre d&#8217;habitants i comen\u00e7ant a analitzar aspectes que ens xocaven com: perqu\u00e8 el Barcelon\u00e8s t\u00e9 m\u00e9s de 2 milions d&#8217;habitants si \u00e9s tan petit i en canvi la Terra Alta (on hi caben 6 comarques com el Barcelon\u00e8s) gaireb\u00e9 no passa dels 10 mil&#8230; Hem aprofitat tot plegat per ordenar i llegir n\u00fameros grans, per cercar maneres productives d&#8217;organitzaci\u00f3 en grup, per anar localitzant diferents comarques en el mapa, per pensar sobre les possibles causes de la distribuci\u00f3 de les persones.<\/p>\n<p>Ha estat una intensa setmana de reflexi\u00f3 a partir de la que seguirem teixint idees i descobrint relacions. <a href=\"https:\/\/photos.app.goo.gl\/H12zqMfvxn1skyMo9\">Mireu.<\/a><\/p>\n<p>&nbsp;<\/p>\n","protected":false},"excerpt":{"rendered":"<p>Durant aquesta setmana ens hem centrat molt en posar consci\u00e8ncia i en trobar solucions a aquelles situacions que ens s\u00f3n inc\u00f2modes, tant dins com fora de l&#8217;escola, per aix\u00f2 la paraula de la setmana ha estat CONFLICTE. Ha estat un bon punt de partida per posar nom a aquelles sensacions i actuacions que no ens [&hellip;]<\/p>\n","protected":false},"author":4,"featured_media":0,"comment_status":"open","ping_status":"closed","sticky":false,"template":"","format":"standard","meta":{"_bbp_topic_count":0,"_bbp_reply_count":0,"_bbp_total_topic_count":0,"_bbp_total_reply_count":0,"_bbp_voice_count":0,"_bbp_anonymous_reply_count":0,"_bbp_topic_count_hidden":0,"_bbp_reply_count_hidden":0,"_bbp_forum_subforum_count":0,"site-sidebar-layout":"default","site-content-layout":"","ast-site-content-layout":"","site-content-style":"default","site-sidebar-style":"default","ast-global-header-display":"","ast-banner-title-visibility":"","ast-main-header-display":"","ast-hfb-above-header-display":"","ast-hfb-below-header-display":"","ast-hfb-mobile-header-display":"","site-post-title":"","ast-breadcrumbs-content":"","ast-featured-img":"","footer-sml-layout":"","theme-transparent-header-meta":"","adv-header-id-meta":"","stick-header-meta":"","header-above-stick-meta":"","header-main-stick-meta":"","header-below-stick-meta":"","astra-migrate-meta-layouts":"default","ast-page-background-enabled":"default","ast-page-background-meta":{"desktop":{"background-color":"var(--ast-global-color-4)","background-image":"","background-repeat":"repeat","background-position":"center center","background-size":"auto","background-attachment":"scroll","background-type":"","background-media":"","overlay-type":"","overlay-color":"","overlay-opacity":"","overlay-gradient":""},"tablet":{"background-color":"","background-image":"","background-repeat":"repeat","background-position":"center center","background-size":"auto","background-attachment":"scroll","background-type":"","background-media":"","overlay-type":"","overlay-color":"","overlay-opacity":"","overlay-gradient":""},"mobile":{"background-color":"","background-image":"","background-repeat":"repeat","background-position":"center center","background-size":"auto","background-attachment":"scroll","background-type":"","background-media":"","overlay-type":"","overlay-color":"","overlay-opacity":"","overlay-gradient":""}},"ast-content-background-meta":{"desktop":{"background-color":"var(--ast-global-color-5)","background-image":"","background-repeat":"repeat","background-position":"center center","background-size":"auto","background-attachment":"scroll","background-type":"","background-media":"","overlay-type":"","overlay-color":"","overlay-opacity":"","overlay-gradient":""},"tablet":{"background-color":"var(--ast-global-color-5)","background-image":"","background-repeat":"repeat","background-position":"center center","background-size":"auto","background-attachment":"scroll","background-type":"","background-media":"","overlay-type":"","overlay-color":"","overlay-opacity":"","overlay-gradient":""},"mobile":{"background-color":"var(--ast-global-color-5)","background-image":"","background-repeat":"repeat","background-position":"center center","background-size":"auto","background-attachment":"scroll","background-type":"","background-media":"","overlay-type":"","overlay-color":"","overlay-opacity":"","overlay-gradient":""}},"footnotes":""},"categories":[1],"tags":[],"class_list":["post-20731","post","type-post","status-publish","format-standard","hentry","category-noticies"],"post_mailing_queue_ids":[],"_links":{"self":[{"href":"https:\/\/agora.xtec.cat\/esc-antoniomachado\/wp-json\/wp\/v2\/posts\/20731","targetHints":{"allow":["GET"]}}],"collection":[{"href":"https:\/\/agora.xtec.cat\/esc-antoniomachado\/wp-json\/wp\/v2\/posts"}],"about":[{"href":"https:\/\/agora.xtec.cat\/esc-antoniomachado\/wp-json\/wp\/v2\/types\/post"}],"author":[{"embeddable":true,"href":"https:\/\/agora.xtec.cat\/esc-antoniomachado\/wp-json\/wp\/v2\/users\/4"}],"replies":[{"embeddable":true,"href":"https:\/\/agora.xtec.cat\/esc-antoniomachado\/wp-json\/wp\/v2\/comments?post=20731"}],"version-history":[{"count":2,"href":"https:\/\/agora.xtec.cat\/esc-antoniomachado\/wp-json\/wp\/v2\/posts\/20731\/revisions"}],"predecessor-version":[{"id":20794,"href":"https:\/\/agora.xtec.cat\/esc-antoniomachado\/wp-json\/wp\/v2\/posts\/20731\/revisions\/20794"}],"wp:attachment":[{"href":"https:\/\/agora.xtec.cat\/esc-antoniomachado\/wp-json\/wp\/v2\/media?parent=20731"}],"wp:term":[{"taxonomy":"category","embeddable":true,"href":"https:\/\/agora.xtec.cat\/esc-antoniomachado\/wp-json\/wp\/v2\/categories?post=20731"},{"taxonomy":"post_tag","embeddable":true,"href":"https:\/\/agora.xtec.cat\/esc-antoniomachado\/wp-json\/wp\/v2\/tags?post=20731"}],"curies":[{"name":"wp","href":"https:\/\/api.w.org\/{rel}","templated":true}]}}