{"id":19965,"date":"2022-06-08T15:44:15","date_gmt":"2022-06-08T13:44:15","guid":{"rendered":"https:\/\/agora.xtec.cat\/esc-antoniomachado\/?p=19965"},"modified":"2022-06-08T15:45:01","modified_gmt":"2022-06-08T13:45:01","slug":"muma-museu-machado","status":"publish","type":"post","link":"https:\/\/agora.xtec.cat\/esc-antoniomachado\/noticies\/muma-museu-machado\/","title":{"rendered":"MUMA &#8211; MUSEU MACHADO"},"content":{"rendered":"<p style=\"text-align: center;\"><b>Benvolgut visitant,<\/b><\/p>\n<p style=\"text-align: center;\">el MUMA \u00e9s un museu orgull\u00f3s de ser independent, ubicat a Matar\u00f3.<\/p>\n<p style=\"text-align: center;\">El museu MUMA exposa espec\u00edficament artistes moderns i contemporanis amb una visi\u00f3 \u00fanica, sense deixar de banda la part m\u00e9s cl\u00e0ssica que trobarem a la planta 0 de l&#8217;escola.<\/p>\n<p style=\"text-align: center;\">Artistes de la classe de 4tB i amb la col\u00b7laboraci\u00f3 de 1rB, 4tA, 5\u00e8B, 6\u00e8A i 6\u00e8B.<\/p>\n<p style=\"text-align: center;\">MUMA ofereix una col\u00b7lecci\u00f3 inigualable, i una experi\u00e8ncia inoblidable.<\/p>\n<p style=\"text-align: center;\">Creiem en el poder de l&#8217;art per augmentar el volum i comunicar les nostres hist\u00f2ries individuals i compartides.<\/p>\n<p style=\"text-align: center;\">Una visita al MUMA t&#8217;obrir\u00e0 els ulls i la ment.<\/p>\n<p style=\"text-align: center;\"><a href=\"https:\/\/youtu.be\/0XU-jigt9kQ\" target=\"_blank\" rel=\"noopener\">Sorpr\u00e8n-te, descobreix i explora.<\/a><\/p>\n<p><a href=\"https:\/\/agora.xtec.cat\/esc-antoniomachado\/general\/muma-museu-machado\/attachment\/muma\/\" rel=\"attachment wp-att-19966\"><img loading=\"lazy\" decoding=\"async\" class=\"aligncenter size-medium wp-image-19966\" src=\"https:\/\/agora.xtec.cat\/esc-antoniomachado\/wp-content\/uploads\/usu1670\/2022\/06\/MUMA-300x300.png\" alt=\"\" width=\"300\" height=\"300\" srcset=\"https:\/\/agora.xtec.cat\/esc-antoniomachado\/wp-content\/uploads\/usu1670\/2022\/06\/MUMA-300x300.png 300w, https:\/\/agora.xtec.cat\/esc-antoniomachado\/wp-content\/uploads\/usu1670\/2022\/06\/MUMA-150x150.png 150w, https:\/\/agora.xtec.cat\/esc-antoniomachado\/wp-content\/uploads\/usu1670\/2022\/06\/MUMA.png 500w\" sizes=\"auto, (max-width: 300px) 100vw, 300px\" \/><\/a><\/p>\n","protected":false},"excerpt":{"rendered":"<p>Benvolgut visitant, el MUMA \u00e9s un museu orgull\u00f3s de ser independent, ubicat a Matar\u00f3. El museu MUMA exposa espec\u00edficament artistes moderns i contemporanis amb una visi\u00f3 \u00fanica, sense deixar de banda la part m\u00e9s cl\u00e0ssica que trobarem a la planta 0 de l&#8217;escola. Artistes de la classe de 4tB i amb la col\u00b7laboraci\u00f3 de 1rB, [&hellip;]<\/p>\n","protected":false},"author":1,"featured_media":0,"comment_status":"open","ping_status":"closed","sticky":false,"template":"","format":"standard","meta":{"_bbp_topic_count":0,"_bbp_reply_count":0,"_bbp_total_topic_count":0,"_bbp_total_reply_count":0,"_bbp_voice_count":0,"_bbp_anonymous_reply_count":0,"_bbp_topic_count_hidden":0,"_bbp_reply_count_hidden":0,"_bbp_forum_subforum_count":0,"site-sidebar-layout":"default","site-content-layout":"","ast-site-content-layout":"","site-content-style":"default","site-sidebar-style":"default","ast-global-header-display":"","ast-banner-title-visibility":"","ast-main-header-display":"","ast-hfb-above-header-display":"","ast-hfb-below-header-display":"","ast-hfb-mobile-header-display":"","site-post-title":"","ast-breadcrumbs-content":"","ast-featured-img":"","footer-sml-layout":"","theme-transparent-header-meta":"","adv-header-id-meta":"","stick-header-meta":"","header-above-stick-meta":"","header-main-stick-meta":"","header-below-stick-meta":"","astra-migrate-meta-layouts":"default","ast-page-background-enabled":"default","ast-page-background-meta":{"desktop":{"background-color":"var(--ast-global-color-4)","background-image":"","background-repeat":"repeat","background-position":"center center","background-size":"auto","background-attachment":"scroll","background-type":"","background-media":"","overlay-type":"","overlay-color":"","overlay-opacity":"","overlay-gradient":""},"tablet":{"background-color":"","background-image":"","background-repeat":"repeat","background-position":"center center","background-size":"auto","background-attachment":"scroll","background-type":"","background-media":"","overlay-type":"","overlay-color":"","overlay-opacity":"","overlay-gradient":""},"mobile":{"background-color":"","background-image":"","background-repeat":"repeat","background-position":"center center","background-size":"auto","background-attachment":"scroll","background-type":"","background-media":"","overlay-type":"","overlay-color":"","overlay-opacity":"","overlay-gradient":""}},"ast-content-background-meta":{"desktop":{"background-color":"var(--ast-global-color-5)","background-image":"","background-repeat":"repeat","background-position":"center center","background-size":"auto","background-attachment":"scroll","background-type":"","background-media":"","overlay-type":"","overlay-color":"","overlay-opacity":"","overlay-gradient":""},"tablet":{"background-color":"var(--ast-global-color-5)","background-image":"","background-repeat":"repeat","background-position":"center center","background-size":"auto","background-attachment":"scroll","background-type":"","background-media":"","overlay-type":"","overlay-color":"","overlay-opacity":"","overlay-gradient":""},"mobile":{"background-color":"var(--ast-global-color-5)","background-image":"","background-repeat":"repeat","background-position":"center center","background-size":"auto","background-attachment":"scroll","background-type":"","background-media":"","overlay-type":"","overlay-color":"","overlay-opacity":"","overlay-gradient":""}},"footnotes":""},"categories":[1],"tags":[],"class_list":["post-19965","post","type-post","status-publish","format-standard","hentry","category-noticies"],"post_mailing_queue_ids":[],"_links":{"self":[{"href":"https:\/\/agora.xtec.cat\/esc-antoniomachado\/wp-json\/wp\/v2\/posts\/19965","targetHints":{"allow":["GET"]}}],"collection":[{"href":"https:\/\/agora.xtec.cat\/esc-antoniomachado\/wp-json\/wp\/v2\/posts"}],"about":[{"href":"https:\/\/agora.xtec.cat\/esc-antoniomachado\/wp-json\/wp\/v2\/types\/post"}],"author":[{"embeddable":true,"href":"https:\/\/agora.xtec.cat\/esc-antoniomachado\/wp-json\/wp\/v2\/users\/1"}],"replies":[{"embeddable":true,"href":"https:\/\/agora.xtec.cat\/esc-antoniomachado\/wp-json\/wp\/v2\/comments?post=19965"}],"version-history":[{"count":3,"href":"https:\/\/agora.xtec.cat\/esc-antoniomachado\/wp-json\/wp\/v2\/posts\/19965\/revisions"}],"predecessor-version":[{"id":19969,"href":"https:\/\/agora.xtec.cat\/esc-antoniomachado\/wp-json\/wp\/v2\/posts\/19965\/revisions\/19969"}],"wp:attachment":[{"href":"https:\/\/agora.xtec.cat\/esc-antoniomachado\/wp-json\/wp\/v2\/media?parent=19965"}],"wp:term":[{"taxonomy":"category","embeddable":true,"href":"https:\/\/agora.xtec.cat\/esc-antoniomachado\/wp-json\/wp\/v2\/categories?post=19965"},{"taxonomy":"post_tag","embeddable":true,"href":"https:\/\/agora.xtec.cat\/esc-antoniomachado\/wp-json\/wp\/v2\/tags?post=19965"}],"curies":[{"name":"wp","href":"https:\/\/api.w.org\/{rel}","templated":true}]}}