{"id":19642,"date":"2022-04-21T15:54:31","date_gmt":"2022-04-21T13:54:31","guid":{"rendered":"https:\/\/agora.xtec.cat\/esc-antoniomachado\/?p=19642"},"modified":"2022-04-22T15:58:09","modified_gmt":"2022-04-22T13:58:09","slug":"lescola-a-la-televisio-de-mataro","status":"publish","type":"post","link":"https:\/\/agora.xtec.cat\/esc-antoniomachado\/noticies\/lescola-a-la-televisio-de-mataro\/","title":{"rendered":"L&#8217;ESCOLA A LA TELEVISI\u00d3 DE MATAR\u00d3"},"content":{"rendered":"<h1 class=\"pane-title\">L&#8217;escola Antonio Machado s&#8217;avan\u00e7a a Sant Jordi<\/h1>\n<div class=\"pane-content\">\n<article id=\"node-13315\" class=\"node node-article clearfix\">\n<h4 class=\"subtitle\">Tots els alumnes del centre participen a la celebraci\u00f3 de la Diada del llibre i la rosa amb activitats adaptades a cada etapa educativa.<\/h4>\n<p>L\u2019Escola Antonio Machado porta tota la setmana treballant per preparar-se per celebrar Sant Jordi. Totes les aules del centre han estat fent diferents activitats a l\u2019entorn de la Diada del Llibre i la Rosa. Els nois i noies de sis\u00e8 han fet des de la lectura de contes als m\u00e9s petits, la creaci\u00f3 de textos, a l\u2019estudi de diferents tipus d\u2019escriptura: publicit\u00e0ria, period\u00edstica, etc\u00e8tera.<\/p>\n<blockquote><p>Cada classe de l&#8217;escola escull un tipus d&#8217;escriptura en la que treballem i ens fem experts i despr\u00e9s ho expliquem a altres companys.\u00a0<strong>Sara i Laia de 6\u00e8B<\/strong><\/p><\/blockquote>\n<blockquote><p>Els alumnes de sis\u00e8 expliquem contes als m\u00e9s petits per Sant Jordi. \u00c9s una tradici\u00f3 a l&#8217;escola.\u00a0<strong>Soundous de 6\u00e8A<\/strong><\/p><\/blockquote>\n<p>Per\u00f2 no \u00e9s aquesta l\u2019\u00fanica activitat, perqu\u00e8 els m\u00e9s grans de l\u2019escola Antonio Machado estan preparant el seu viatge de final de curs a Tarragona. Un viatge que volen finan\u00e7ar amb la venda de roses i punts de llibre, aquest Sant Jordi. Per aix\u00f2, dem\u00e0 dia 23 estaran a una parada a la pla\u00e7a Granollers on vendran roses amb un embolcall fet de pl\u00e0stic biodegradable i, a m\u00e9s a m\u00e9s, punts de llibre que han creat amb diferents t\u00e8cniques.<\/p>\n<blockquote><p>Dem\u00e0 instal\u00b7lem una parada a la pla\u00e7a Granollers per vendre roses i recaptar diners per anar al viatge de final de curs.\u00a0<strong>Aisatu de 6\u00e8A<\/strong><\/p><\/blockquote>\n<blockquote><p>Fem punts de llibre de diferents maneres i amb t\u00e8cniques diferents.\u00a0<strong>Ritaj i Gerard de 6\u00e8 B<\/strong><\/p><\/blockquote>\n<p>Tota aquesta activitat no seria igual sense l\u2019ajuda de les mestres que s\u2019impliquen en el foment de la lectura i la creaci\u00f3 d\u2019activitats pels alumnes. Totes les etapes d\u2019aquesta escola de prim\u00e0ria col\u00b7laboren amb la Xarxa de Biblioteques i fan activitats de lectura amb llibres que cedeixen des d\u2019aquests equipaments.<\/p>\n<blockquote><p>Abans de la pand\u00e8mia an\u00e0vem a veure una teatralitzaci\u00f3 de la llegenda de Sant Jordi a la biblioteca. Ara, ho fem des de l&#8217;escola\u00a0<strong>Marta G\u00f3mez, mestra de cicle mtj\u00e0<\/strong><\/p><\/blockquote>\n<blockquote><p>Com la resta de l&#8217;escola nosaltres tamb\u00e9 fem plafons amb textos adaptats als m\u00e9s petits per treballar tamb\u00e9 la lectura.\u00a0<strong>Mireia Alum, mestra de cicle infantil\u00a0<\/strong><\/p><\/blockquote>\n<p>Una festivitat, la de Sant Jordi, que malgrat cau en dissabte aquest any, les escoles han avan\u00e7at a la setmana lectiva.<\/p>\n<p><strong>Informa: C.Salad \/ M.G\u00f3mez\/A.Ag\u00fcera<\/strong><\/p>\n<\/article>\n<p><a href=\"https:\/\/mataroaudiovisual.cat\/noticia\/educaci\/lescola-antonio-machado-savan-sant-jordi\" target=\"_blank\" rel=\"attachment noopener wp-att-19643\"><img loading=\"lazy\" decoding=\"async\" class=\"aligncenter wp-image-19643\" src=\"https:\/\/agora.xtec.cat\/esc-antoniomachado\/wp-content\/uploads\/usu1670\/2022\/04\/TV-MATARO-_ST-JORDI-300x125.png\" alt=\"\" width=\"494\" height=\"206\" srcset=\"https:\/\/agora.xtec.cat\/esc-antoniomachado\/wp-content\/uploads\/usu1670\/2022\/04\/TV-MATARO-_ST-JORDI-300x125.png 300w, https:\/\/agora.xtec.cat\/esc-antoniomachado\/wp-content\/uploads\/usu1670\/2022\/04\/TV-MATARO-_ST-JORDI-1024x426.png 1024w, https:\/\/agora.xtec.cat\/esc-antoniomachado\/wp-content\/uploads\/usu1670\/2022\/04\/TV-MATARO-_ST-JORDI-768x320.png 768w, https:\/\/agora.xtec.cat\/esc-antoniomachado\/wp-content\/uploads\/usu1670\/2022\/04\/TV-MATARO-_ST-JORDI.png 1117w\" sizes=\"auto, (max-width: 494px) 100vw, 494px\" \/><\/a><\/p>\n<\/div>\n","protected":false},"excerpt":{"rendered":"<p>L&#8217;escola Antonio Machado s&#8217;avan\u00e7a a Sant Jordi Tots els alumnes del centre participen a la celebraci\u00f3 de la Diada del llibre i la rosa amb activitats adaptades a cada etapa educativa. L\u2019Escola Antonio Machado porta tota la setmana treballant per preparar-se per celebrar Sant Jordi. Totes les aules del centre han estat fent diferents activitats [&hellip;]<\/p>\n","protected":false},"author":1,"featured_media":0,"comment_status":"open","ping_status":"closed","sticky":false,"template":"","format":"standard","meta":{"_bbp_topic_count":0,"_bbp_reply_count":0,"_bbp_total_topic_count":0,"_bbp_total_reply_count":0,"_bbp_voice_count":0,"_bbp_anonymous_reply_count":0,"_bbp_topic_count_hidden":0,"_bbp_reply_count_hidden":0,"_bbp_forum_subforum_count":0,"site-sidebar-layout":"default","site-content-layout":"","ast-site-content-layout":"","site-content-style":"default","site-sidebar-style":"default","ast-global-header-display":"","ast-banner-title-visibility":"","ast-main-header-display":"","ast-hfb-above-header-display":"","ast-hfb-below-header-display":"","ast-hfb-mobile-header-display":"","site-post-title":"","ast-breadcrumbs-content":"","ast-featured-img":"","footer-sml-layout":"","theme-transparent-header-meta":"","adv-header-id-meta":"","stick-header-meta":"","header-above-stick-meta":"","header-main-stick-meta":"","header-below-stick-meta":"","astra-migrate-meta-layouts":"default","ast-page-background-enabled":"default","ast-page-background-meta":{"desktop":{"background-color":"var(--ast-global-color-4)","background-image":"","background-repeat":"repeat","background-position":"center center","background-size":"auto","background-attachment":"scroll","background-type":"","background-media":"","overlay-type":"","overlay-color":"","overlay-opacity":"","overlay-gradient":""},"tablet":{"background-color":"","background-image":"","background-repeat":"repeat","background-position":"center center","background-size":"auto","background-attachment":"scroll","background-type":"","background-media":"","overlay-type":"","overlay-color":"","overlay-opacity":"","overlay-gradient":""},"mobile":{"background-color":"","background-image":"","background-repeat":"repeat","background-position":"center center","background-size":"auto","background-attachment":"scroll","background-type":"","background-media":"","overlay-type":"","overlay-color":"","overlay-opacity":"","overlay-gradient":""}},"ast-content-background-meta":{"desktop":{"background-color":"var(--ast-global-color-5)","background-image":"","background-repeat":"repeat","background-position":"center center","background-size":"auto","background-attachment":"scroll","background-type":"","background-media":"","overlay-type":"","overlay-color":"","overlay-opacity":"","overlay-gradient":""},"tablet":{"background-color":"var(--ast-global-color-5)","background-image":"","background-repeat":"repeat","background-position":"center center","background-size":"auto","background-attachment":"scroll","background-type":"","background-media":"","overlay-type":"","overlay-color":"","overlay-opacity":"","overlay-gradient":""},"mobile":{"background-color":"var(--ast-global-color-5)","background-image":"","background-repeat":"repeat","background-position":"center center","background-size":"auto","background-attachment":"scroll","background-type":"","background-media":"","overlay-type":"","overlay-color":"","overlay-opacity":"","overlay-gradient":""}},"footnotes":""},"categories":[1],"tags":[],"class_list":["post-19642","post","type-post","status-publish","format-standard","hentry","category-noticies"],"post_mailing_queue_ids":[],"_links":{"self":[{"href":"https:\/\/agora.xtec.cat\/esc-antoniomachado\/wp-json\/wp\/v2\/posts\/19642","targetHints":{"allow":["GET"]}}],"collection":[{"href":"https:\/\/agora.xtec.cat\/esc-antoniomachado\/wp-json\/wp\/v2\/posts"}],"about":[{"href":"https:\/\/agora.xtec.cat\/esc-antoniomachado\/wp-json\/wp\/v2\/types\/post"}],"author":[{"embeddable":true,"href":"https:\/\/agora.xtec.cat\/esc-antoniomachado\/wp-json\/wp\/v2\/users\/1"}],"replies":[{"embeddable":true,"href":"https:\/\/agora.xtec.cat\/esc-antoniomachado\/wp-json\/wp\/v2\/comments?post=19642"}],"version-history":[{"count":1,"href":"https:\/\/agora.xtec.cat\/esc-antoniomachado\/wp-json\/wp\/v2\/posts\/19642\/revisions"}],"predecessor-version":[{"id":19644,"href":"https:\/\/agora.xtec.cat\/esc-antoniomachado\/wp-json\/wp\/v2\/posts\/19642\/revisions\/19644"}],"wp:attachment":[{"href":"https:\/\/agora.xtec.cat\/esc-antoniomachado\/wp-json\/wp\/v2\/media?parent=19642"}],"wp:term":[{"taxonomy":"category","embeddable":true,"href":"https:\/\/agora.xtec.cat\/esc-antoniomachado\/wp-json\/wp\/v2\/categories?post=19642"},{"taxonomy":"post_tag","embeddable":true,"href":"https:\/\/agora.xtec.cat\/esc-antoniomachado\/wp-json\/wp\/v2\/tags?post=19642"}],"curies":[{"name":"wp","href":"https:\/\/api.w.org\/{rel}","templated":true}]}}