{"id":18198,"date":"2021-11-02T16:51:51","date_gmt":"2021-11-02T15:51:51","guid":{"rendered":"https:\/\/agora.xtec.cat\/esc-antoniomachado\/?p=18198"},"modified":"2021-11-02T16:51:51","modified_gmt":"2021-11-02T15:51:51","slug":"eleccions-al-consell-escolar-2021","status":"publish","type":"post","link":"https:\/\/agora.xtec.cat\/esc-antoniomachado\/noticies\/eleccions-al-consell-escolar-2021\/","title":{"rendered":"ELECCIONS AL CONSELL ESCOLAR 2021"},"content":{"rendered":"<p><img loading=\"lazy\" decoding=\"async\" class=\"aligncenter\" src=\"http:\/\/santvicenc.salesians.cat\/wp-content\/uploads\/2016\/11\/ELECCIONSCONSELL-ESCOLAR.jpg\" alt=\"ELECCIONS AL CONSELL ESCOLAR. ET NECESSITEM! \u2013 Salesians Sant Vicen\u00e7 dels  Horts\" width=\"347\" height=\"291\" \/><\/p>\n<div dir=\"ltr\">\n<p>Benvolgudes fam\u00edlies,<\/p>\n<p>Aquesta setmana comen\u00e7a la <strong><u>renovaci\u00f3 dels membres del Consell Escolar.<\/u><\/strong><br \/>\nEl Consell Escolar de centre \u00e9s l&#8217;\u00f2rgan de govern participatiu on hi estan representats tots els sectors de la comunitat escolar i que us detallem a continuaci\u00f3:<\/p>\n<p>&#8211; 6 representants del sector pares i mares d&#8217;alumnes.<br \/>\n&#8211; 6 representants del sector de mestres.<br \/>\n&#8211; 1 representant de l\u2019AFA (Associaci\u00f3 de fam\u00edlies d\u2019alumnes).<br \/>\n&#8211; 1 representant de l&#8217;Ajuntament.<br \/>\n&#8211; 1 representant del PAS (Personal d&#8217;Administraci\u00f3 i Serveis).<br \/>\n&#8211; La directora del centre que exerceix com a presidenta del consell.<br \/>\n&#8211; La cap d&#8217;Estudis del centre.<br \/>\n&#8211; El secretari del centre no \u00e9s membre del consell per\u00f2 hi assisteix amb veu per\u00f2 sense vot i n\u2019exerceix la secretaria del consell.<\/p>\n<p>La participaci\u00f3 dels representants \u00e9s de quatre anys, renovant la meitat dels seus membres cada dos anys.<\/p>\n<p>En el sector de pares i mares d&#8217;alumnes hi ha\u00a0<u>6 vacants<\/u>, 4 entraran a formar part del consell i 2 quedaran com a suplents (en cas de que es produeixi alguna baixa pugui ser substituida), tal i com queda reflectit a les NOFC del centre.<\/p>\n<p>Si voleu presentar la vostra candidatura cal que utilitzeu els fulls proporcionats per l&#8217;escola que trobareu a consergeria o b\u00e9 enviar-nos un correu electr\u00f2nic a\u00a0<a href=\"mailto:a8063874@xtec.cat\">a8063874@xtec.cat<\/a>\u00a0 i us els facilitarem i, una vegada omplert, caldr\u00e0 que el feu arribar a la secretaria del centre.<\/p>\n<p>El proc\u00e9s comen\u00e7a avui dia 2 de novembre i finalitza el 12 d&#8217;aquest mateix mes.<\/p>\n<p>Si el nombre de candidatures del sector de pares i mares d&#8217;alumnes \u00e9s inferior al nombre de representants a escollir, tots els pares i mares de l&#8217;escola passen a ser elegibles.<\/p>\n<p>El vot \u00e9s secret i cal portar el DNI el dia de les votacions.<\/p>\n<p>Des de l\u2019escola considerem molt valuosa la vostra participaci\u00f3 ja que \u00e9s un gran enriquiment per tota la comunitat escolar.<\/p>\n<\/div>\n","protected":false},"excerpt":{"rendered":"<p>Benvolgudes fam\u00edlies, Aquesta setmana comen\u00e7a la renovaci\u00f3 dels membres del Consell Escolar. El Consell Escolar de centre \u00e9s l&#8217;\u00f2rgan de govern participatiu on hi estan representats tots els sectors de la comunitat escolar i que us detallem a continuaci\u00f3: &#8211; 6 representants del sector pares i mares d&#8217;alumnes. &#8211; 6 representants del sector de mestres. [&hellip;]<\/p>\n","protected":false},"author":1,"featured_media":0,"comment_status":"open","ping_status":"closed","sticky":false,"template":"","format":"standard","meta":{"_bbp_topic_count":0,"_bbp_reply_count":0,"_bbp_total_topic_count":0,"_bbp_total_reply_count":0,"_bbp_voice_count":0,"_bbp_anonymous_reply_count":0,"_bbp_topic_count_hidden":0,"_bbp_reply_count_hidden":0,"_bbp_forum_subforum_count":0,"site-sidebar-layout":"default","site-content-layout":"","ast-site-content-layout":"","site-content-style":"default","site-sidebar-style":"default","ast-global-header-display":"","ast-banner-title-visibility":"","ast-main-header-display":"","ast-hfb-above-header-display":"","ast-hfb-below-header-display":"","ast-hfb-mobile-header-display":"","site-post-title":"","ast-breadcrumbs-content":"","ast-featured-img":"","footer-sml-layout":"","theme-transparent-header-meta":"","adv-header-id-meta":"","stick-header-meta":"","header-above-stick-meta":"","header-main-stick-meta":"","header-below-stick-meta":"","astra-migrate-meta-layouts":"default","ast-page-background-enabled":"default","ast-page-background-meta":{"desktop":{"background-color":"var(--ast-global-color-4)","background-image":"","background-repeat":"repeat","background-position":"center center","background-size":"auto","background-attachment":"scroll","background-type":"","background-media":"","overlay-type":"","overlay-color":"","overlay-opacity":"","overlay-gradient":""},"tablet":{"background-color":"","background-image":"","background-repeat":"repeat","background-position":"center center","background-size":"auto","background-attachment":"scroll","background-type":"","background-media":"","overlay-type":"","overlay-color":"","overlay-opacity":"","overlay-gradient":""},"mobile":{"background-color":"","background-image":"","background-repeat":"repeat","background-position":"center center","background-size":"auto","background-attachment":"scroll","background-type":"","background-media":"","overlay-type":"","overlay-color":"","overlay-opacity":"","overlay-gradient":""}},"ast-content-background-meta":{"desktop":{"background-color":"var(--ast-global-color-5)","background-image":"","background-repeat":"repeat","background-position":"center center","background-size":"auto","background-attachment":"scroll","background-type":"","background-media":"","overlay-type":"","overlay-color":"","overlay-opacity":"","overlay-gradient":""},"tablet":{"background-color":"var(--ast-global-color-5)","background-image":"","background-repeat":"repeat","background-position":"center center","background-size":"auto","background-attachment":"scroll","background-type":"","background-media":"","overlay-type":"","overlay-color":"","overlay-opacity":"","overlay-gradient":""},"mobile":{"background-color":"var(--ast-global-color-5)","background-image":"","background-repeat":"repeat","background-position":"center center","background-size":"auto","background-attachment":"scroll","background-type":"","background-media":"","overlay-type":"","overlay-color":"","overlay-opacity":"","overlay-gradient":""}},"footnotes":""},"categories":[1],"tags":[],"class_list":["post-18198","post","type-post","status-publish","format-standard","hentry","category-noticies"],"post_mailing_queue_ids":[],"_links":{"self":[{"href":"https:\/\/agora.xtec.cat\/esc-antoniomachado\/wp-json\/wp\/v2\/posts\/18198","targetHints":{"allow":["GET"]}}],"collection":[{"href":"https:\/\/agora.xtec.cat\/esc-antoniomachado\/wp-json\/wp\/v2\/posts"}],"about":[{"href":"https:\/\/agora.xtec.cat\/esc-antoniomachado\/wp-json\/wp\/v2\/types\/post"}],"author":[{"embeddable":true,"href":"https:\/\/agora.xtec.cat\/esc-antoniomachado\/wp-json\/wp\/v2\/users\/1"}],"replies":[{"embeddable":true,"href":"https:\/\/agora.xtec.cat\/esc-antoniomachado\/wp-json\/wp\/v2\/comments?post=18198"}],"version-history":[{"count":1,"href":"https:\/\/agora.xtec.cat\/esc-antoniomachado\/wp-json\/wp\/v2\/posts\/18198\/revisions"}],"predecessor-version":[{"id":18199,"href":"https:\/\/agora.xtec.cat\/esc-antoniomachado\/wp-json\/wp\/v2\/posts\/18198\/revisions\/18199"}],"wp:attachment":[{"href":"https:\/\/agora.xtec.cat\/esc-antoniomachado\/wp-json\/wp\/v2\/media?parent=18198"}],"wp:term":[{"taxonomy":"category","embeddable":true,"href":"https:\/\/agora.xtec.cat\/esc-antoniomachado\/wp-json\/wp\/v2\/categories?post=18198"},{"taxonomy":"post_tag","embeddable":true,"href":"https:\/\/agora.xtec.cat\/esc-antoniomachado\/wp-json\/wp\/v2\/tags?post=18198"}],"curies":[{"name":"wp","href":"https:\/\/api.w.org\/{rel}","templated":true}]}}