{"id":14320,"date":"2020-06-23T15:34:06","date_gmt":"2020-06-23T13:34:06","guid":{"rendered":"http:\/\/agora.xtec.cat\/esc-antoniomachado\/?p=14320"},"modified":"2020-06-23T15:34:06","modified_gmt":"2020-06-23T13:34:06","slug":"la-maleta-den-toni","status":"publish","type":"post","link":"https:\/\/agora.xtec.cat\/esc-antoniomachado\/noticies\/la-maleta-den-toni\/","title":{"rendered":"La maleta d&#8217;en Toni"},"content":{"rendered":"<p><a href=\"https:\/\/agora.xtec.cat\/esc-antoniomachado\/wp-content\/uploads\/usu1670\/2020\/06\/revista2020v2.0-1_compressed-1.pdf\"><img loading=\"lazy\" decoding=\"async\" class=\"alignleft wp-image-14323 size-medium\" src=\"https:\/\/agora.xtec.cat\/esc-antoniomachado\/wp-content\/uploads\/usu1670\/2020\/06\/maleta-225x300.jpg\" alt=\"\" width=\"225\" height=\"300\" srcset=\"https:\/\/agora.xtec.cat\/esc-antoniomachado\/wp-content\/uploads\/usu1670\/2020\/06\/maleta-225x300.jpg 225w, https:\/\/agora.xtec.cat\/esc-antoniomachado\/wp-content\/uploads\/usu1670\/2020\/06\/maleta.jpg 590w\" sizes=\"auto, (max-width: 225px) 100vw, 225px\" \/><\/a>Ja la tenim aqu\u00ed! <strong>La maleta d&#8217;en Toni <\/strong>est\u00e0 llesta per les vacances d&#8217;estiu.<\/p>\n<p>Donades les circumst\u00e0ncies, aquest curs no hem fet entrega en m\u00e0 de la revista anual de l&#8217;escola, per\u00f2 podeu llegir-la i descarregar-la clicant a sobre la imatge o <a href=\"https:\/\/agora.xtec.cat\/esc-antoniomachado\/wp-content\/uploads\/usu1670\/2020\/06\/revista2020v2.0-1_compressed-1.pdf\"> des d&#8217;aqu\u00ed<\/a><a href=\"https:\/\/agora.xtec.cat\/esc-antoniomachado\/wp-content\/uploads\/usu1670\/2020\/06\/revista2020v2.0-1_compressed-1.pdf\">.<\/a><\/p>\n<p>En l&#8217;edici\u00f3 del curs 2019-2020 hi trobareu un munt d&#8217;an\u00e8cdotes divertides d&#8217;aquest curs, articles de cadascuna de les aules i les especialitats, una carta de les mestres del Machado i una entretinguda entrevista a la directora Eli Terr\u00e9.<\/p>\n<p>Us desitgem un bon estiu!<\/p>\n<p>&nbsp;<\/p>\n<p>&nbsp;<\/p>\n","protected":false},"excerpt":{"rendered":"<p>Ja la tenim aqu\u00ed! La maleta d&#8217;en Toni est\u00e0 llesta per les vacances d&#8217;estiu. Donades les circumst\u00e0ncies, aquest curs no hem fet entrega en m\u00e0 de la revista anual de l&#8217;escola, per\u00f2 podeu llegir-la i descarregar-la clicant a sobre la imatge o des d&#8217;aqu\u00ed. En l&#8217;edici\u00f3 del curs 2019-2020 hi trobareu un munt d&#8217;an\u00e8cdotes divertides [&hellip;]<\/p>\n","protected":false},"author":3,"featured_media":8387,"comment_status":"open","ping_status":"closed","sticky":false,"template":"","format":"standard","meta":{"_bbp_topic_count":0,"_bbp_reply_count":0,"_bbp_total_topic_count":0,"_bbp_total_reply_count":0,"_bbp_voice_count":0,"_bbp_anonymous_reply_count":0,"_bbp_topic_count_hidden":0,"_bbp_reply_count_hidden":0,"_bbp_forum_subforum_count":0,"site-sidebar-layout":"default","site-content-layout":"","ast-site-content-layout":"","site-content-style":"default","site-sidebar-style":"default","ast-global-header-display":"","ast-banner-title-visibility":"","ast-main-header-display":"","ast-hfb-above-header-display":"","ast-hfb-below-header-display":"","ast-hfb-mobile-header-display":"","site-post-title":"","ast-breadcrumbs-content":"","ast-featured-img":"","footer-sml-layout":"","theme-transparent-header-meta":"","adv-header-id-meta":"","stick-header-meta":"","header-above-stick-meta":"","header-main-stick-meta":"","header-below-stick-meta":"","astra-migrate-meta-layouts":"default","ast-page-background-enabled":"default","ast-page-background-meta":{"desktop":{"background-color":"var(--ast-global-color-4)","background-image":"","background-repeat":"repeat","background-position":"center center","background-size":"auto","background-attachment":"scroll","background-type":"","background-media":"","overlay-type":"","overlay-color":"","overlay-opacity":"","overlay-gradient":""},"tablet":{"background-color":"","background-image":"","background-repeat":"repeat","background-position":"center center","background-size":"auto","background-attachment":"scroll","background-type":"","background-media":"","overlay-type":"","overlay-color":"","overlay-opacity":"","overlay-gradient":""},"mobile":{"background-color":"","background-image":"","background-repeat":"repeat","background-position":"center center","background-size":"auto","background-attachment":"scroll","background-type":"","background-media":"","overlay-type":"","overlay-color":"","overlay-opacity":"","overlay-gradient":""}},"ast-content-background-meta":{"desktop":{"background-color":"var(--ast-global-color-5)","background-image":"","background-repeat":"repeat","background-position":"center center","background-size":"auto","background-attachment":"scroll","background-type":"","background-media":"","overlay-type":"","overlay-color":"","overlay-opacity":"","overlay-gradient":""},"tablet":{"background-color":"var(--ast-global-color-5)","background-image":"","background-repeat":"repeat","background-position":"center center","background-size":"auto","background-attachment":"scroll","background-type":"","background-media":"","overlay-type":"","overlay-color":"","overlay-opacity":"","overlay-gradient":""},"mobile":{"background-color":"var(--ast-global-color-5)","background-image":"","background-repeat":"repeat","background-position":"center center","background-size":"auto","background-attachment":"scroll","background-type":"","background-media":"","overlay-type":"","overlay-color":"","overlay-opacity":"","overlay-gradient":""}},"footnotes":""},"categories":[1],"tags":[],"class_list":["post-14320","post","type-post","status-publish","format-standard","has-post-thumbnail","hentry","category-noticies"],"post_mailing_queue_ids":[],"_links":{"self":[{"href":"https:\/\/agora.xtec.cat\/esc-antoniomachado\/wp-json\/wp\/v2\/posts\/14320","targetHints":{"allow":["GET"]}}],"collection":[{"href":"https:\/\/agora.xtec.cat\/esc-antoniomachado\/wp-json\/wp\/v2\/posts"}],"about":[{"href":"https:\/\/agora.xtec.cat\/esc-antoniomachado\/wp-json\/wp\/v2\/types\/post"}],"author":[{"embeddable":true,"href":"https:\/\/agora.xtec.cat\/esc-antoniomachado\/wp-json\/wp\/v2\/users\/3"}],"replies":[{"embeddable":true,"href":"https:\/\/agora.xtec.cat\/esc-antoniomachado\/wp-json\/wp\/v2\/comments?post=14320"}],"version-history":[{"count":3,"href":"https:\/\/agora.xtec.cat\/esc-antoniomachado\/wp-json\/wp\/v2\/posts\/14320\/revisions"}],"predecessor-version":[{"id":14336,"href":"https:\/\/agora.xtec.cat\/esc-antoniomachado\/wp-json\/wp\/v2\/posts\/14320\/revisions\/14336"}],"wp:featuredmedia":[{"embeddable":true,"href":"https:\/\/agora.xtec.cat\/esc-antoniomachado\/wp-json\/wp\/v2\/media\/8387"}],"wp:attachment":[{"href":"https:\/\/agora.xtec.cat\/esc-antoniomachado\/wp-json\/wp\/v2\/media?parent=14320"}],"wp:term":[{"taxonomy":"category","embeddable":true,"href":"https:\/\/agora.xtec.cat\/esc-antoniomachado\/wp-json\/wp\/v2\/categories?post=14320"},{"taxonomy":"post_tag","embeddable":true,"href":"https:\/\/agora.xtec.cat\/esc-antoniomachado\/wp-json\/wp\/v2\/tags?post=14320"}],"curies":[{"name":"wp","href":"https:\/\/api.w.org\/{rel}","templated":true}]}}