{"id":14073,"date":"2020-07-02T09:03:30","date_gmt":"2020-07-02T07:03:30","guid":{"rendered":"http:\/\/agora.xtec.cat\/esc-antoniomachado\/?p=14073"},"modified":"2020-07-07T12:45:32","modified_gmt":"2020-07-07T10:45:32","slug":"preinscripcio-i-matricula-2020-2021","status":"publish","type":"post","link":"https:\/\/agora.xtec.cat\/esc-antoniomachado\/noticies\/preinscripcio-i-matricula-2020-2021\/","title":{"rendered":"PREINSCRIPCI\u00d3 i MATR\u00cdCULA 2020-2021"},"content":{"rendered":"<h5><\/h5>\n<h5><a href=\"http:\/\/agora.xtec.cat\/esc-antoniomachado\/general\/preinscripcio-i-matricula-2020-2021\/attachment\/6-informe_assignades_informe_assignades\/\" target=\"_blank\" rel=\"noopener noreferrer\"><img loading=\"lazy\" decoding=\"async\" class=\"aligncenter wp-image-14362 size-full\" src=\"https:\/\/agora.xtec.cat\/esc-antoniomachado\/wp-content\/uploads\/usu1670\/2020\/07\/ADMESOS.png\" alt=\"\" width=\"780\" height=\"185\" srcset=\"https:\/\/agora.xtec.cat\/esc-antoniomachado\/wp-content\/uploads\/usu1670\/2020\/07\/ADMESOS.png 780w, https:\/\/agora.xtec.cat\/esc-antoniomachado\/wp-content\/uploads\/usu1670\/2020\/07\/ADMESOS-300x71.png 300w, https:\/\/agora.xtec.cat\/esc-antoniomachado\/wp-content\/uploads\/usu1670\/2020\/07\/ADMESOS-768x182.png 768w\" sizes=\"auto, (max-width: 780px) 100vw, 780px\" \/><\/a><\/h5>\n<h4 style=\"text-align: center;\"><span style=\"color: #000000;\"><strong>LLISTA DEFINITIVA D&#8217;ADMESOS<\/strong><\/span><\/h4>\n<h5 style=\"text-align: center;\"><span style=\"color: #ff0000;\"><em>clica sobre la imatge\u00a0<\/em><\/span><\/h5>\n<h3><\/h3>\n<p><a href=\"http:\/\/agora.xtec.cat\/esc-antoniomachado\/general\/preinscripcio-i-matricula-2020-2021\/attachment\/8-informe_llista_espera_ome_llista_espera\/\" target=\"_blank\" rel=\"noopener noreferrer\"><img loading=\"lazy\" decoding=\"async\" class=\"aligncenter wp-image-14364 size-full\" src=\"https:\/\/agora.xtec.cat\/esc-antoniomachado\/wp-content\/uploads\/usu1670\/2020\/07\/LLISTA-DESPERA.png\" alt=\"\" width=\"777\" height=\"164\" srcset=\"https:\/\/agora.xtec.cat\/esc-antoniomachado\/wp-content\/uploads\/usu1670\/2020\/07\/LLISTA-DESPERA.png 777w, https:\/\/agora.xtec.cat\/esc-antoniomachado\/wp-content\/uploads\/usu1670\/2020\/07\/LLISTA-DESPERA-300x63.png 300w, https:\/\/agora.xtec.cat\/esc-antoniomachado\/wp-content\/uploads\/usu1670\/2020\/07\/LLISTA-DESPERA-768x162.png 768w\" sizes=\"auto, (max-width: 777px) 100vw, 777px\" \/><\/a><\/p>\n<h4 style=\"text-align: center;\"><span style=\"color: #000000;\"><strong>LLISTA D&#8217;ESPERA<\/strong><\/span><\/h4>\n<h5 style=\"text-align: center;\"><span style=\"color: #ff0000;\"><em>clica sobre la imatge\u00a0<\/em><\/span><\/h5>\n<p>&nbsp;<\/p>\n<h3 style=\"text-align: center;\"><span style=\"color: #000000;\"><strong>PER A QUALSEVOL CONSULTA POTS TRUCAR AL TEL\u00c8FON 93 758 90 60 DE 10H A 14H DE DILLUNS A DIVENDRES.<\/strong><\/span><\/h3>\n<p>&nbsp;<\/p>\n<h2 style=\"text-align: center;\"><span style=\"color: #000000;\"><strong>N\u00daMERO DE SORTEIG: 33386<\/strong><\/span><\/h2>\n<p>&nbsp;<\/p>\n<h4><strong><span style=\"color: #000000;\">TAMB\u00c9 POTS CONSULTAR EL <a href=\"http:\/\/mapaescolar.gencat.cat\/\" target=\"_blank\" rel=\"noopener noreferrer\">MAPA ESCOLAR DE CATALUNYA<\/a><\/span><\/strong><\/h4>\n<p>El codi del nostre centre \u00e9s: 08063874<\/p>\n<p>&nbsp;<\/p>\n<h4><span style=\"color: #000000;\"><strong>INFORMACIONS IMPORTANTS I D&#8217;INTER\u00c8S<\/strong><\/span><\/h4>\n<ul>\n<li class=\"gmail_default\" style=\"text-align: justify;\"><span style=\"font-family: verdana, sans-serif;\"><a href=\"https:\/\/agora.xtec.cat\/esc-antoniomachado\/projectepedagogic\/\" target=\"_blank\" rel=\"noopener noreferrer\"><b>Projecte educatiu de centre<\/b><\/a>. <\/span><\/li>\n<li class=\"gmail_default\" style=\"text-align: justify;\"><a href=\"https:\/\/agora.xtec.cat\/esc-antoniomachado\/wp-content\/uploads\/usu1670\/2017\/12\/Carta-de-comprom%c3%ads-A_Machado.pdf\" target=\"_blank\" rel=\"noopener noreferrer\"><span style=\"font-family: verdana, sans-serif;\">La <b>carta de comprom\u00eds educatiu<\/b>.<\/span><\/a><\/li>\n<li class=\"gmail_default\" style=\"text-align: justify;\"><a href=\"http:\/\/queestudiar.gencat.cat\/ca\/preinscripcio\/estudis\/obligatoris\/documentacio\/\" target=\"_blank\" rel=\"noopener noreferrer\"><span style=\"font-family: verdana, sans-serif;\">Els <b>criteris d&#8217;admissi\u00f3<\/b> d&#8217;alumnat.<\/span><\/a><\/li>\n<li class=\"gmail_default\" style=\"text-align: justify;\"><span style=\"font-family: verdana, sans-serif;\">L&#8217;<b>\u00e0rea de proximitat<\/b><\/span>\n<ul>\n<li dir=\"ltr\">\n<div dir=\"ltr\">L\u2019escola no t\u00e9 cap adscripci\u00f3 de centre amb cap IES espec\u00edfic.<\/div>\n<\/li>\n<li dir=\"ltr\">\n<div dir=\"ltr\">Matar\u00f3 \u00e9s zona \u00fanica.<\/div>\n<\/li>\n<\/ul>\n<\/li>\n<li class=\"gmail_default\" style=\"text-align: justify;\"><span style=\"font-family: verdana, sans-serif;\">Oferta de\u00a0<a href=\"https:\/\/agora.xtec.cat\/esc-antoniomachado\/serveis\/menjador2\/\" target=\"_blank\" rel=\"noopener noreferrer\"><b>men\u00fas especials per a malalties cr\u00f2niques<\/b>.<\/a><\/span><\/li>\n<li class=\"gmail_default\" style=\"text-align: justify;\"><span style=\"font-family: verdana, sans-serif;\">Oferta d&#8217;<a href=\"https:\/\/agora.xtec.cat\/esc-antoniomachado\/serveis\/activitats-extraescolars\/\" target=\"_blank\" rel=\"noopener noreferrer\"><b>activitats complement\u00e0ries<\/b><\/a>, d&#8217;activitats\u00a0<b>extraescolars<\/b>\u00a0i de\u00a0<b>serveis escolars<\/b>, i els\u00a0<b>preus corresponents<\/b>.<\/span><\/li>\n<li class=\"gmail_default\" style=\"text-align: justify;\"><span style=\"font-family: verdana, sans-serif;\">Les <b>mesures i suports previstes per a l&#8217;atenci\u00f3 educativa de l&#8217;alumnat<\/b> en el marc d&#8217;un sistema educatiu inclusiu.<\/span><\/li>\n<li class=\"gmail_default\" style=\"text-align: justify;\"><span style=\"font-family: verdana, sans-serif;\">Les <a href=\"https:\/\/agora.xtec.cat\/esc-antoniomachado\/families\/la-quota\/\" target=\"_blank\" rel=\"noopener noreferrer\"><b>quotes d&#8217;inscripci\u00f3 a les associacions de mares i pares d&#8217;alumnes<\/b>.<\/a><br \/>\n<\/span><\/li>\n<\/ul>\n<div><\/div>\n<h4 dir=\"ltr\" style=\"text-align: justify;\"><strong><span style=\"color: #000000;\">MITJANS PER ADAPTAR-SE A DETERMINADES DISCAPACITATS<\/span><\/strong><\/h4>\n<ul>\n<li dir=\"ltr\" style=\"text-align: justify;\">\n<div dir=\"ltr\">T\u00e9 un ascensor que comunica totes les plantes de l\u2019edifici.<\/div>\n<\/li>\n<li dir=\"ltr\">\n<div dir=\"ltr\" style=\"text-align: justify;\">Disposa de tres rampes:<\/div>\n<ul>\n<li dir=\"ltr\" style=\"text-align: justify;\">\n<div dir=\"ltr\">1 que comunica el Carrer Maria Ribas amb el pati de Prim\u00e0ria.<\/div>\n<\/li>\n<li dir=\"ltr\" style=\"text-align: justify;\">\n<div dir=\"ltr\">1 que comunica els patis d\u2019Ed. Infantil i Prim\u00e0ria.<\/div>\n<\/li>\n<li dir=\"ltr\">\n<div dir=\"ltr\" style=\"text-align: justify;\">1 que d\u00f3na acc\u00e9s des del pati d\u2019Infantil a les aules d\u2019Infantil.<\/div>\n<\/li>\n<\/ul>\n<\/li>\n<\/ul>\n","protected":false},"excerpt":{"rendered":"<p>LLISTA DEFINITIVA D&#8217;ADMESOS clica sobre la imatge\u00a0 LLISTA D&#8217;ESPERA clica sobre la imatge\u00a0 &nbsp; PER A QUALSEVOL CONSULTA POTS TRUCAR AL TEL\u00c8FON 93 758 90 60 DE 10H A 14H DE DILLUNS A DIVENDRES. &nbsp; N\u00daMERO DE SORTEIG: 33386 &nbsp; TAMB\u00c9 POTS CONSULTAR EL MAPA ESCOLAR DE CATALUNYA El codi del nostre centre \u00e9s: 08063874 [&hellip;]<\/p>\n","protected":false},"author":1,"featured_media":0,"comment_status":"open","ping_status":"closed","sticky":false,"template":"","format":"standard","meta":{"_bbp_topic_count":0,"_bbp_reply_count":0,"_bbp_total_topic_count":0,"_bbp_total_reply_count":0,"_bbp_voice_count":0,"_bbp_anonymous_reply_count":0,"_bbp_topic_count_hidden":0,"_bbp_reply_count_hidden":0,"_bbp_forum_subforum_count":0,"site-sidebar-layout":"default","site-content-layout":"","ast-site-content-layout":"","site-content-style":"default","site-sidebar-style":"default","ast-global-header-display":"","ast-banner-title-visibility":"","ast-main-header-display":"","ast-hfb-above-header-display":"","ast-hfb-below-header-display":"","ast-hfb-mobile-header-display":"","site-post-title":"","ast-breadcrumbs-content":"","ast-featured-img":"","footer-sml-layout":"","theme-transparent-header-meta":"","adv-header-id-meta":"","stick-header-meta":"","header-above-stick-meta":"","header-main-stick-meta":"","header-below-stick-meta":"","astra-migrate-meta-layouts":"default","ast-page-background-enabled":"default","ast-page-background-meta":{"desktop":{"background-color":"var(--ast-global-color-4)","background-image":"","background-repeat":"repeat","background-position":"center center","background-size":"auto","background-attachment":"scroll","background-type":"","background-media":"","overlay-type":"","overlay-color":"","overlay-opacity":"","overlay-gradient":""},"tablet":{"background-color":"","background-image":"","background-repeat":"repeat","background-position":"center center","background-size":"auto","background-attachment":"scroll","background-type":"","background-media":"","overlay-type":"","overlay-color":"","overlay-opacity":"","overlay-gradient":""},"mobile":{"background-color":"","background-image":"","background-repeat":"repeat","background-position":"center center","background-size":"auto","background-attachment":"scroll","background-type":"","background-media":"","overlay-type":"","overlay-color":"","overlay-opacity":"","overlay-gradient":""}},"ast-content-background-meta":{"desktop":{"background-color":"var(--ast-global-color-5)","background-image":"","background-repeat":"repeat","background-position":"center center","background-size":"auto","background-attachment":"scroll","background-type":"","background-media":"","overlay-type":"","overlay-color":"","overlay-opacity":"","overlay-gradient":""},"tablet":{"background-color":"var(--ast-global-color-5)","background-image":"","background-repeat":"repeat","background-position":"center center","background-size":"auto","background-attachment":"scroll","background-type":"","background-media":"","overlay-type":"","overlay-color":"","overlay-opacity":"","overlay-gradient":""},"mobile":{"background-color":"var(--ast-global-color-5)","background-image":"","background-repeat":"repeat","background-position":"center center","background-size":"auto","background-attachment":"scroll","background-type":"","background-media":"","overlay-type":"","overlay-color":"","overlay-opacity":"","overlay-gradient":""}},"footnotes":""},"categories":[1],"tags":[],"class_list":["post-14073","post","type-post","status-publish","format-standard","hentry","category-noticies"],"post_mailing_queue_ids":[],"_links":{"self":[{"href":"https:\/\/agora.xtec.cat\/esc-antoniomachado\/wp-json\/wp\/v2\/posts\/14073","targetHints":{"allow":["GET"]}}],"collection":[{"href":"https:\/\/agora.xtec.cat\/esc-antoniomachado\/wp-json\/wp\/v2\/posts"}],"about":[{"href":"https:\/\/agora.xtec.cat\/esc-antoniomachado\/wp-json\/wp\/v2\/types\/post"}],"author":[{"embeddable":true,"href":"https:\/\/agora.xtec.cat\/esc-antoniomachado\/wp-json\/wp\/v2\/users\/1"}],"replies":[{"embeddable":true,"href":"https:\/\/agora.xtec.cat\/esc-antoniomachado\/wp-json\/wp\/v2\/comments?post=14073"}],"version-history":[{"count":3,"href":"https:\/\/agora.xtec.cat\/esc-antoniomachado\/wp-json\/wp\/v2\/posts\/14073\/revisions"}],"predecessor-version":[{"id":14093,"href":"https:\/\/agora.xtec.cat\/esc-antoniomachado\/wp-json\/wp\/v2\/posts\/14073\/revisions\/14093"}],"wp:attachment":[{"href":"https:\/\/agora.xtec.cat\/esc-antoniomachado\/wp-json\/wp\/v2\/media?parent=14073"}],"wp:term":[{"taxonomy":"category","embeddable":true,"href":"https:\/\/agora.xtec.cat\/esc-antoniomachado\/wp-json\/wp\/v2\/categories?post=14073"},{"taxonomy":"post_tag","embeddable":true,"href":"https:\/\/agora.xtec.cat\/esc-antoniomachado\/wp-json\/wp\/v2\/tags?post=14073"}],"curies":[{"name":"wp","href":"https:\/\/api.w.org\/{rel}","templated":true}]}}