{"id":13499,"date":"2020-03-23T15:00:11","date_gmt":"2020-03-23T14:00:11","guid":{"rendered":"http:\/\/agora.xtec.cat\/esc-antoniomachado\/?p=13499"},"modified":"2020-03-23T15:29:19","modified_gmt":"2020-03-23T14:29:19","slug":"proces-de-preinscripcio-matricula-aturat","status":"publish","type":"post","link":"https:\/\/agora.xtec.cat\/esc-antoniomachado\/noticies\/proces-de-preinscripcio-matricula-aturat\/","title":{"rendered":"EDUCACI\u00d3 AJORNA LA PREINSCRIPCI\u00d3 I LA MATR\u00cdCULA DE TOTS ELS ESNENYAMENTS"},"content":{"rendered":"<p><img loading=\"lazy\" decoding=\"async\" class=\"aligncenter wp-image-13500 size-medium\" src=\"https:\/\/agora.xtec.cat\/esc-antoniomachado\/wp-content\/uploads\/usu1670\/2020\/03\/PREINSCRIPCIO-CURS-2021-300x161.png\" alt=\"\" width=\"300\" height=\"161\" srcset=\"https:\/\/agora.xtec.cat\/esc-antoniomachado\/wp-content\/uploads\/usu1670\/2020\/03\/PREINSCRIPCIO-CURS-2021-300x161.png 300w, https:\/\/agora.xtec.cat\/esc-antoniomachado\/wp-content\/uploads\/usu1670\/2020\/03\/PREINSCRIPCIO-CURS-2021-768x412.png 768w, https:\/\/agora.xtec.cat\/esc-antoniomachado\/wp-content\/uploads\/usu1670\/2020\/03\/PREINSCRIPCIO-CURS-2021-1024x550.png 1024w, https:\/\/agora.xtec.cat\/esc-antoniomachado\/wp-content\/uploads\/usu1670\/2020\/03\/PREINSCRIPCIO-CURS-2021.png 1080w\" sizes=\"auto, (max-width: 300px) 100vw, 300px\" \/><\/p>\n<p style=\"text-align: justify;\">Amb motiu de la publicaci\u00f3 del Reial Decret 463\/2020, pel que es declara l&#8217;estat d&#8217;alarma, queden suspeses totes les gestions administratives des del passat 14 de mar\u00e7. \u00c9s per aquest motiu, que <strong>s<\/strong><strong>\u2019ajornen tots els tr\u00e0mits relacionats amb la preinscripci\u00f3 i matr\u00edcula de l\u2019alumnat dels diferents ensenyaments, en totes les etapes<\/strong><strong>.\u00a0<\/strong>Us anirem informant.<\/p>\n<p style=\"text-align: justify;\">El Departament d\u2019Educaci\u00f3 ajorna tots els tr\u00e0mits relacionats amb el procediment de preinscripci\u00f3 i matriculaci\u00f3 de l\u2019alumnat de tots els ensenyaments, en totes les etapes.<\/p>\n<p style=\"text-align: justify;\">El Departament est\u00e0 treballant per tal que els diferents processos de preinscripci\u00f3 i matriculaci\u00f3 es puguin dur a terme amb totes les garanties. Al mateix temps, es treballa per tal d\u2019adequar els tr\u00e0mits pensant en les circumst\u00e0ncies actuals.<\/p>\n<p style=\"text-align: justify;\">S\u2019informar\u00e0 sobre el nou calendari d\u2019actuacions tant aviat com sigui possible.<\/p>\n<p style=\"text-align: center;\"><span style=\"color: #000000;\"><strong><a style=\"color: #000000;\" title=\"V\u00eddeo del conseller Josep Bargall\u00f3, sobre l'ajornament de la preinscripci\u00f3 escolar\" href=\"https:\/\/youtu.be\/fV2NA0idZSw\" target=\"_blank\" rel=\"noopener noreferrer\">V\u00eddeo del conseller Josep Bargall\u00f3, sobre l&#8217;ajornament de la preinscripci\u00f3 escolar<span class=\"sr-only\">.\u00a0<\/span><\/a><\/strong><\/span><\/p>\n<div class=\"bloc-mobil\">\n<div class=\"descripcio\" style=\"text-align: center;\"><span style=\"font-family: inherit; font-size: 1em;\">&#8220;El que \u00e9s important \u00e9s garantir que totes les fam\u00edlies pugueu exercir el dret de demanar pla\u00e7a per als vostres fills i filles. No patiu. Ning\u00fa no es quedar\u00e0 sense poder-ho fer&#8221;.<\/span><\/div>\n<\/div>\n<p>&nbsp;<\/p>\n<p><span style=\"color: #ff0000;\"><strong><em>darrera actualitzaci\u00f3: 18 de mar\u00e7 de 2020<\/em><\/strong><\/span><\/p>\n<p style=\"text-align: justify;\">A la p\u00e0gina web del<span style=\"color: #ff0000;\"> <a style=\"color: #ff0000;\" href=\"http:\/\/ensenyament.gencat.cat\/ca\/inici\/nota-premsa\/?id=383993\" target=\"_blank\" rel=\"noopener noreferrer\">Departament d&#8217;Educaci\u00f3<\/a>,<\/span> podreu trobar les \u00faltimes novetats i actualitzacions.<\/p>\n","protected":false},"excerpt":{"rendered":"<p>Amb motiu de la publicaci\u00f3 del Reial Decret 463\/2020, pel que es declara l&#8217;estat d&#8217;alarma, queden suspeses totes les gestions administratives des del passat 14 de mar\u00e7. \u00c9s per aquest motiu, que s\u2019ajornen tots els tr\u00e0mits relacionats amb la preinscripci\u00f3 i matr\u00edcula de l\u2019alumnat dels diferents ensenyaments, en totes les etapes.\u00a0Us anirem informant. El Departament [&hellip;]<\/p>\n","protected":false},"author":1,"featured_media":0,"comment_status":"open","ping_status":"closed","sticky":false,"template":"","format":"standard","meta":{"_bbp_topic_count":0,"_bbp_reply_count":0,"_bbp_total_topic_count":0,"_bbp_total_reply_count":0,"_bbp_voice_count":0,"_bbp_anonymous_reply_count":0,"_bbp_topic_count_hidden":0,"_bbp_reply_count_hidden":0,"_bbp_forum_subforum_count":0,"site-sidebar-layout":"default","site-content-layout":"","ast-site-content-layout":"","site-content-style":"default","site-sidebar-style":"default","ast-global-header-display":"","ast-banner-title-visibility":"","ast-main-header-display":"","ast-hfb-above-header-display":"","ast-hfb-below-header-display":"","ast-hfb-mobile-header-display":"","site-post-title":"","ast-breadcrumbs-content":"","ast-featured-img":"","footer-sml-layout":"","theme-transparent-header-meta":"","adv-header-id-meta":"","stick-header-meta":"","header-above-stick-meta":"","header-main-stick-meta":"","header-below-stick-meta":"","astra-migrate-meta-layouts":"default","ast-page-background-enabled":"default","ast-page-background-meta":{"desktop":{"background-color":"var(--ast-global-color-4)","background-image":"","background-repeat":"repeat","background-position":"center center","background-size":"auto","background-attachment":"scroll","background-type":"","background-media":"","overlay-type":"","overlay-color":"","overlay-opacity":"","overlay-gradient":""},"tablet":{"background-color":"","background-image":"","background-repeat":"repeat","background-position":"center center","background-size":"auto","background-attachment":"scroll","background-type":"","background-media":"","overlay-type":"","overlay-color":"","overlay-opacity":"","overlay-gradient":""},"mobile":{"background-color":"","background-image":"","background-repeat":"repeat","background-position":"center center","background-size":"auto","background-attachment":"scroll","background-type":"","background-media":"","overlay-type":"","overlay-color":"","overlay-opacity":"","overlay-gradient":""}},"ast-content-background-meta":{"desktop":{"background-color":"var(--ast-global-color-5)","background-image":"","background-repeat":"repeat","background-position":"center center","background-size":"auto","background-attachment":"scroll","background-type":"","background-media":"","overlay-type":"","overlay-color":"","overlay-opacity":"","overlay-gradient":""},"tablet":{"background-color":"var(--ast-global-color-5)","background-image":"","background-repeat":"repeat","background-position":"center center","background-size":"auto","background-attachment":"scroll","background-type":"","background-media":"","overlay-type":"","overlay-color":"","overlay-opacity":"","overlay-gradient":""},"mobile":{"background-color":"var(--ast-global-color-5)","background-image":"","background-repeat":"repeat","background-position":"center center","background-size":"auto","background-attachment":"scroll","background-type":"","background-media":"","overlay-type":"","overlay-color":"","overlay-opacity":"","overlay-gradient":""}},"footnotes":""},"categories":[1],"tags":[],"class_list":["post-13499","post","type-post","status-publish","format-standard","hentry","category-noticies"],"post_mailing_queue_ids":[],"_links":{"self":[{"href":"https:\/\/agora.xtec.cat\/esc-antoniomachado\/wp-json\/wp\/v2\/posts\/13499","targetHints":{"allow":["GET"]}}],"collection":[{"href":"https:\/\/agora.xtec.cat\/esc-antoniomachado\/wp-json\/wp\/v2\/posts"}],"about":[{"href":"https:\/\/agora.xtec.cat\/esc-antoniomachado\/wp-json\/wp\/v2\/types\/post"}],"author":[{"embeddable":true,"href":"https:\/\/agora.xtec.cat\/esc-antoniomachado\/wp-json\/wp\/v2\/users\/1"}],"replies":[{"embeddable":true,"href":"https:\/\/agora.xtec.cat\/esc-antoniomachado\/wp-json\/wp\/v2\/comments?post=13499"}],"version-history":[{"count":4,"href":"https:\/\/agora.xtec.cat\/esc-antoniomachado\/wp-json\/wp\/v2\/posts\/13499\/revisions"}],"predecessor-version":[{"id":16618,"href":"https:\/\/agora.xtec.cat\/esc-antoniomachado\/wp-json\/wp\/v2\/posts\/13499\/revisions\/16618"}],"wp:attachment":[{"href":"https:\/\/agora.xtec.cat\/esc-antoniomachado\/wp-json\/wp\/v2\/media?parent=13499"}],"wp:term":[{"taxonomy":"category","embeddable":true,"href":"https:\/\/agora.xtec.cat\/esc-antoniomachado\/wp-json\/wp\/v2\/categories?post=13499"},{"taxonomy":"post_tag","embeddable":true,"href":"https:\/\/agora.xtec.cat\/esc-antoniomachado\/wp-json\/wp\/v2\/tags?post=13499"}],"curies":[{"name":"wp","href":"https:\/\/api.w.org\/{rel}","templated":true}]}}