{"id":13185,"date":"2020-02-01T16:03:01","date_gmt":"2020-02-01T15:03:01","guid":{"rendered":"http:\/\/agora.xtec.cat\/esc-antoniomachado\/?p=13185"},"modified":"2020-02-10T16:28:29","modified_gmt":"2020-02-10T15:28:29","slug":"consell-dinfants-3","status":"publish","type":"post","link":"https:\/\/agora.xtec.cat\/esc-antoniomachado\/noticies\/consell-dinfants-3\/","title":{"rendered":"CONSELL D&#8217;INFANTS"},"content":{"rendered":"<p style=\"text-align: justify;\">El passat 20 novembre de 2019 es va constituir el <a href=\"https:\/\/www.mataro.cat\/ca\/temes\/educacio\/altres\/consel-dinfants\" target=\"_blank\" rel=\"noopener noreferrer\"><span style=\"color: #000080;\">Consell d\u2019Infants de Matar\u00f3<\/span><\/a> per aquest curs 2019 &#8211; 2020. Els nostres representants de 5\u00e8 i 6\u00e8 s\u00f3n <strong>l&#8217;Unai Campos alumne de 5\u00e8A<\/strong>\u00a0que estrena candidatura i la\u00a0<strong>Bruna Estrada, alumna de 6\u00e8B<\/strong> que continua la seva representaci\u00f3 per segon any.<\/p>\n<p style=\"text-align: justify;\"><strong>Qu\u00e8 \u00e9s?<br \/>\n<\/strong>\u00c9s un grup de nens i nenes de Matar\u00f3 que es reuneixen\u00a0per parlar sobre temes relacionats amb la ciutat i donar la seva opini\u00f3. Tamb\u00e9 parlen sobre els drets dels infants i com donar-los a con\u00e8ixer a la ciutadania.<\/p>\n<p style=\"text-align: justify;\"><strong>Sobre quins temes tracta?<br \/>\n<\/strong>Cada any, el Consell d\u2019Infants decideix el tema que vol tractar. <strong><span style=\"color: #800000;\">La tem\u00e0tica triada per aquest curs ha estat el canvi clim\u00e0tic.<img loading=\"lazy\" decoding=\"async\" class=\"aligncenter size-full wp-image-10321\" src=\"https:\/\/agora.xtec.cat\/esc-antoniomachado\/wp-content\/uploads\/usu1670\/2019\/04\/web_654_20170922124452.jpg\" alt=\"\" width=\"298\" height=\"172\" \/>\u00a0\u00a0<\/span><\/strong><\/p>\n","protected":false},"excerpt":{"rendered":"<p>El passat 20 novembre de 2019 es va constituir el Consell d\u2019Infants de Matar\u00f3 per aquest curs 2019 &#8211; 2020. Els nostres representants de 5\u00e8 i 6\u00e8 s\u00f3n l&#8217;Unai Campos alumne de 5\u00e8A\u00a0que estrena candidatura i la\u00a0Bruna Estrada, alumna de 6\u00e8B que continua la seva representaci\u00f3 per segon any. Qu\u00e8 \u00e9s? \u00c9s un grup de [&hellip;]<\/p>\n","protected":false},"author":1,"featured_media":0,"comment_status":"open","ping_status":"closed","sticky":false,"template":"","format":"standard","meta":{"_bbp_topic_count":0,"_bbp_reply_count":0,"_bbp_total_topic_count":0,"_bbp_total_reply_count":0,"_bbp_voice_count":0,"_bbp_anonymous_reply_count":0,"_bbp_topic_count_hidden":0,"_bbp_reply_count_hidden":0,"_bbp_forum_subforum_count":0,"site-sidebar-layout":"default","site-content-layout":"","ast-site-content-layout":"","site-content-style":"default","site-sidebar-style":"default","ast-global-header-display":"","ast-banner-title-visibility":"","ast-main-header-display":"","ast-hfb-above-header-display":"","ast-hfb-below-header-display":"","ast-hfb-mobile-header-display":"","site-post-title":"","ast-breadcrumbs-content":"","ast-featured-img":"","footer-sml-layout":"","theme-transparent-header-meta":"","adv-header-id-meta":"","stick-header-meta":"","header-above-stick-meta":"","header-main-stick-meta":"","header-below-stick-meta":"","astra-migrate-meta-layouts":"default","ast-page-background-enabled":"default","ast-page-background-meta":{"desktop":{"background-color":"var(--ast-global-color-4)","background-image":"","background-repeat":"repeat","background-position":"center center","background-size":"auto","background-attachment":"scroll","background-type":"","background-media":"","overlay-type":"","overlay-color":"","overlay-opacity":"","overlay-gradient":""},"tablet":{"background-color":"","background-image":"","background-repeat":"repeat","background-position":"center center","background-size":"auto","background-attachment":"scroll","background-type":"","background-media":"","overlay-type":"","overlay-color":"","overlay-opacity":"","overlay-gradient":""},"mobile":{"background-color":"","background-image":"","background-repeat":"repeat","background-position":"center center","background-size":"auto","background-attachment":"scroll","background-type":"","background-media":"","overlay-type":"","overlay-color":"","overlay-opacity":"","overlay-gradient":""}},"ast-content-background-meta":{"desktop":{"background-color":"var(--ast-global-color-5)","background-image":"","background-repeat":"repeat","background-position":"center center","background-size":"auto","background-attachment":"scroll","background-type":"","background-media":"","overlay-type":"","overlay-color":"","overlay-opacity":"","overlay-gradient":""},"tablet":{"background-color":"var(--ast-global-color-5)","background-image":"","background-repeat":"repeat","background-position":"center center","background-size":"auto","background-attachment":"scroll","background-type":"","background-media":"","overlay-type":"","overlay-color":"","overlay-opacity":"","overlay-gradient":""},"mobile":{"background-color":"var(--ast-global-color-5)","background-image":"","background-repeat":"repeat","background-position":"center center","background-size":"auto","background-attachment":"scroll","background-type":"","background-media":"","overlay-type":"","overlay-color":"","overlay-opacity":"","overlay-gradient":""}},"footnotes":""},"categories":[1],"tags":[],"class_list":["post-13185","post","type-post","status-publish","format-standard","hentry","category-noticies"],"post_mailing_queue_ids":[],"_links":{"self":[{"href":"https:\/\/agora.xtec.cat\/esc-antoniomachado\/wp-json\/wp\/v2\/posts\/13185","targetHints":{"allow":["GET"]}}],"collection":[{"href":"https:\/\/agora.xtec.cat\/esc-antoniomachado\/wp-json\/wp\/v2\/posts"}],"about":[{"href":"https:\/\/agora.xtec.cat\/esc-antoniomachado\/wp-json\/wp\/v2\/types\/post"}],"author":[{"embeddable":true,"href":"https:\/\/agora.xtec.cat\/esc-antoniomachado\/wp-json\/wp\/v2\/users\/1"}],"replies":[{"embeddable":true,"href":"https:\/\/agora.xtec.cat\/esc-antoniomachado\/wp-json\/wp\/v2\/comments?post=13185"}],"version-history":[{"count":1,"href":"https:\/\/agora.xtec.cat\/esc-antoniomachado\/wp-json\/wp\/v2\/posts\/13185\/revisions"}],"predecessor-version":[{"id":13186,"href":"https:\/\/agora.xtec.cat\/esc-antoniomachado\/wp-json\/wp\/v2\/posts\/13185\/revisions\/13186"}],"wp:attachment":[{"href":"https:\/\/agora.xtec.cat\/esc-antoniomachado\/wp-json\/wp\/v2\/media?parent=13185"}],"wp:term":[{"taxonomy":"category","embeddable":true,"href":"https:\/\/agora.xtec.cat\/esc-antoniomachado\/wp-json\/wp\/v2\/categories?post=13185"},{"taxonomy":"post_tag","embeddable":true,"href":"https:\/\/agora.xtec.cat\/esc-antoniomachado\/wp-json\/wp\/v2\/tags?post=13185"}],"curies":[{"name":"wp","href":"https:\/\/api.w.org\/{rel}","templated":true}]}}