{"id":11952,"date":"2019-11-20T14:30:50","date_gmt":"2019-11-20T13:30:50","guid":{"rendered":"http:\/\/agora.xtec.cat\/esc-antoniomachado\/?p=11952"},"modified":"2019-11-26T16:20:10","modified_gmt":"2019-11-26T15:20:10","slug":"herois-sense-capa","status":"publish","type":"post","link":"https:\/\/agora.xtec.cat\/esc-antoniomachado\/noticies\/herois-sense-capa\/","title":{"rendered":"Herois Sense Capa"},"content":{"rendered":"<p><a href=\"https:\/\/agora.xtec.cat\/esc-antoniomachado\/wp-content\/uploads\/usu1670\/2019\/10\/herois-col\u00b7laboradors.jpg\"><img loading=\"lazy\" decoding=\"async\" class=\"alignleft wp-image-11961\" src=\"https:\/\/agora.xtec.cat\/esc-antoniomachado\/wp-content\/uploads\/usu1670\/2019\/10\/herois-col\u00b7laboradors-212x300.jpg\" alt=\"\" width=\"424\" height=\"600\" \/><\/a>Benvolgudes fam\u00edlies,<\/p>\n<p>Aquest any hem comen\u00e7at el curs amb una gran iniciativa solid\u00e0ria compartida entre l&#8217;escola i l&#8217;AFA. Una recollida de fons en benefici de la <a href=\"https:\/\/www.fcarreras.org\/es\" target=\"_blank\" rel=\"noopener noreferrer\">Fundaci\u00f3 Josep Carreras contra la leuc\u00e8mia<\/a> que finalitzar\u00e0 amb un<strong> torneig solidari de p\u00e0del el proper diumenge 24 de novembre.<\/strong><\/p>\n<p><span style=\"font-weight: 400;\">Avui ens complau comunicar-vos les primeres col\u00b7laboracions a la campanya per part d\u2019empreses del nostre entorn, que o b\u00e9 amb aportacions econ\u00f2miques o b\u00e9 com a esp\u00f2nsors, ens ajuden a organitzar aquest gran esdeveniment.<\/span><\/p>\n<p><strong>P\u00e0del Hortes<\/strong>, <strong>Grupo Qualia<\/strong>, <strong>AEILL Cerdanyola<\/strong>, <strong>Aig\u00fces de Matar\u00f3<\/strong>, <strong>Indigo<\/strong>, <strong>Xanascat<\/strong>, <strong>Espinaler<\/strong>, <strong>M\u00f3n P\u00e0del<\/strong>, <strong>Ustrell&amp;Garc\u00eda Cl\u00ednica Dental<\/strong>, <strong>Ke de Ke<\/strong>, <strong>Otto Sports Bar<\/strong>, <strong>Cl\u00ednica dental La Merc\u00e8<\/strong>, <strong>M-pemta<\/strong>, <strong>Coca-cola<\/strong> i <strong>K\u00d2H perruqueria<\/strong> han estat els primers en donar suport al projecte solidari.<!--more--><\/p>\n<p><strong>Suma&#8217;t al repte!<\/strong><\/p>\n<p>Podeu realitzar aportacions individuals al crowdfunding de\u00a0<a href=\"https:\/\/www.migranodearena.org\/reto\/20526\/invencibles-herois-sense-capa\" target=\"_blank\" rel=\"noopener noreferrer\">migranodearena.org<\/a> <span style=\"font-weight: 400;\">on en aquests moments sumem m\u00e9s de 1.000\u20ac recaptats per garantir el millor dels tractaments i estudis contra la leuc\u00e8mia, limfomes i altres c\u00e0ncers de sang.\u00a0\u00a0<\/span><\/p>\n<p><span style=\"font-weight: 400;\">Per a tothom que ho desitgi, les inscripcions al torneig de p\u00e0del estaran obertes fins l\u201911 de novembre a trav\u00e9s del seg\u00fcent formulari: <\/span><a href=\"https:\/\/forms.gle\/8NbH9DfjVjiU4Fo96\"><span style=\"font-weight: 400;\">https:\/\/forms.gle\/8NbH9DfjVjiU4Fo96<\/span><\/a><\/p>\n<p><span style=\"font-weight: 400;\">La participaci\u00f3 en el torneig solidari tindr\u00e0 un cost de 20\u20ac per persona i una part anir\u00e0 directament a la fundaci\u00f3. Es celebrar\u00e0 el 24 de novembre al P\u00e0del Hortes de Matar\u00f3 i ser\u00e0 un torneig obert a tots els nivells, aix\u00ed que si teniu curiositat pel m\u00f3n del p\u00e0del, aquesta \u00e9s la millor ocasi\u00f3 per fer-hi un primer tastet. Pels m\u00e9s experimentats ser\u00e0 l\u2019ocasi\u00f3 de demostrar que sou els reis de la pista i col\u00b7laborar amb aquesta iniciativa solid\u00e0ria.<\/span><\/p>\n<p>Moltes gr\u00e0cies!<\/p>\n<p style=\"text-align: center;\">https:\/\/www.youtube.com\/watch?v=ZI7oZGNmD2A<\/p>\n","protected":false},"excerpt":{"rendered":"<p>Benvolgudes fam\u00edlies, Aquest any hem comen\u00e7at el curs amb una gran iniciativa solid\u00e0ria compartida entre l&#8217;escola i l&#8217;AFA. Una recollida de fons en benefici de la Fundaci\u00f3 Josep Carreras contra la leuc\u00e8mia que finalitzar\u00e0 amb un torneig solidari de p\u00e0del el proper diumenge 24 de novembre. Avui ens complau comunicar-vos les primeres col\u00b7laboracions a la [&hellip;]<\/p>\n","protected":false},"author":3,"featured_media":0,"comment_status":"open","ping_status":"closed","sticky":false,"template":"","format":"standard","meta":{"_bbp_topic_count":0,"_bbp_reply_count":0,"_bbp_total_topic_count":0,"_bbp_total_reply_count":0,"_bbp_voice_count":0,"_bbp_anonymous_reply_count":0,"_bbp_topic_count_hidden":0,"_bbp_reply_count_hidden":0,"_bbp_forum_subforum_count":0,"site-sidebar-layout":"default","site-content-layout":"","ast-site-content-layout":"","site-content-style":"default","site-sidebar-style":"default","ast-global-header-display":"","ast-banner-title-visibility":"","ast-main-header-display":"","ast-hfb-above-header-display":"","ast-hfb-below-header-display":"","ast-hfb-mobile-header-display":"","site-post-title":"","ast-breadcrumbs-content":"","ast-featured-img":"","footer-sml-layout":"","theme-transparent-header-meta":"","adv-header-id-meta":"","stick-header-meta":"","header-above-stick-meta":"","header-main-stick-meta":"","header-below-stick-meta":"","astra-migrate-meta-layouts":"default","ast-page-background-enabled":"default","ast-page-background-meta":{"desktop":{"background-color":"var(--ast-global-color-4)","background-image":"","background-repeat":"repeat","background-position":"center center","background-size":"auto","background-attachment":"scroll","background-type":"","background-media":"","overlay-type":"","overlay-color":"","overlay-opacity":"","overlay-gradient":""},"tablet":{"background-color":"","background-image":"","background-repeat":"repeat","background-position":"center center","background-size":"auto","background-attachment":"scroll","background-type":"","background-media":"","overlay-type":"","overlay-color":"","overlay-opacity":"","overlay-gradient":""},"mobile":{"background-color":"","background-image":"","background-repeat":"repeat","background-position":"center center","background-size":"auto","background-attachment":"scroll","background-type":"","background-media":"","overlay-type":"","overlay-color":"","overlay-opacity":"","overlay-gradient":""}},"ast-content-background-meta":{"desktop":{"background-color":"var(--ast-global-color-5)","background-image":"","background-repeat":"repeat","background-position":"center center","background-size":"auto","background-attachment":"scroll","background-type":"","background-media":"","overlay-type":"","overlay-color":"","overlay-opacity":"","overlay-gradient":""},"tablet":{"background-color":"var(--ast-global-color-5)","background-image":"","background-repeat":"repeat","background-position":"center center","background-size":"auto","background-attachment":"scroll","background-type":"","background-media":"","overlay-type":"","overlay-color":"","overlay-opacity":"","overlay-gradient":""},"mobile":{"background-color":"var(--ast-global-color-5)","background-image":"","background-repeat":"repeat","background-position":"center center","background-size":"auto","background-attachment":"scroll","background-type":"","background-media":"","overlay-type":"","overlay-color":"","overlay-opacity":"","overlay-gradient":""}},"footnotes":""},"categories":[1],"tags":[],"class_list":["post-11952","post","type-post","status-publish","format-standard","hentry","category-noticies"],"post_mailing_queue_ids":[],"_links":{"self":[{"href":"https:\/\/agora.xtec.cat\/esc-antoniomachado\/wp-json\/wp\/v2\/posts\/11952","targetHints":{"allow":["GET"]}}],"collection":[{"href":"https:\/\/agora.xtec.cat\/esc-antoniomachado\/wp-json\/wp\/v2\/posts"}],"about":[{"href":"https:\/\/agora.xtec.cat\/esc-antoniomachado\/wp-json\/wp\/v2\/types\/post"}],"author":[{"embeddable":true,"href":"https:\/\/agora.xtec.cat\/esc-antoniomachado\/wp-json\/wp\/v2\/users\/3"}],"replies":[{"embeddable":true,"href":"https:\/\/agora.xtec.cat\/esc-antoniomachado\/wp-json\/wp\/v2\/comments?post=11952"}],"version-history":[{"count":4,"href":"https:\/\/agora.xtec.cat\/esc-antoniomachado\/wp-json\/wp\/v2\/posts\/11952\/revisions"}],"predecessor-version":[{"id":12467,"href":"https:\/\/agora.xtec.cat\/esc-antoniomachado\/wp-json\/wp\/v2\/posts\/11952\/revisions\/12467"}],"wp:attachment":[{"href":"https:\/\/agora.xtec.cat\/esc-antoniomachado\/wp-json\/wp\/v2\/media?parent=11952"}],"wp:term":[{"taxonomy":"category","embeddable":true,"href":"https:\/\/agora.xtec.cat\/esc-antoniomachado\/wp-json\/wp\/v2\/categories?post=11952"},{"taxonomy":"post_tag","embeddable":true,"href":"https:\/\/agora.xtec.cat\/esc-antoniomachado\/wp-json\/wp\/v2\/tags?post=11952"}],"curies":[{"name":"wp","href":"https:\/\/api.w.org\/{rel}","templated":true}]}}