{"id":10862,"date":"2019-06-04T12:21:42","date_gmt":"2019-06-04T10:21:42","guid":{"rendered":"http:\/\/agora.xtec.cat\/esc-antoniomachado\/?p=10862"},"modified":"2019-06-05T08:55:59","modified_gmt":"2019-06-05T06:55:59","slug":"algunes-informacions","status":"publish","type":"post","link":"https:\/\/agora.xtec.cat\/esc-antoniomachado\/noticies\/algunes-informacions\/","title":{"rendered":"ALGUNES INFORMACIONS &#8230;"},"content":{"rendered":"<p style=\"text-align: justify;\">Fam\u00edlies ja ens trobem al mes de juny&#8230; aix\u00f2 vol dir que s&#8217;acaba el curs, per\u00f2 encara ens queda molta feina! per aix\u00f2 i a mode de recordatori us fem un resum de les dates m\u00e9s importants:<\/p>\n<h5 style=\"text-align: center;\"><span style=\"color: #000000;\"><strong><span style=\"color: #ff0000;\">Dilluns 10 de juny<\/span> <\/strong><\/span><\/h5>\n<p style=\"text-align: center;\"><span style=\"color: #000000;\">Festiu<\/span><\/p>\n<h5 style=\"text-align: center;\"><span style=\"color: #000000;\"><strong>Jornada intensiva<\/strong><\/span><\/h5>\n<p style=\"text-align: center;\"><span style=\"color: #000000;\">De dilluns 11 a divendres 21 de juny de 9h a 13h<\/span><\/p>\n<h5 style=\"text-align: center;\"><span style=\"color: #000000;\"><strong>Xeringada<\/strong><\/span><\/h5>\n<p style=\"text-align: center;\"><span style=\"color: #000000;\">Dijous 20 durant el mat\u00ed<\/span><\/p>\n<h5 style=\"text-align: center;\"><span style=\"color: #000000;\"><strong>Comiat alumnes de 6\u00e8<\/strong><\/span><\/h5>\n<p style=\"text-align: center;\"><span style=\"color: #000000;\">Ens acomiadem del curs i dels i les alumnes de 6\u00e8 (nom\u00e9s les fam\u00edlies de 6\u00e8 poden participar del comiat)<\/span><\/p>\n<h5 style=\"text-align: center;\"><span style=\"color: #ff0000;\"><strong>Dilluns 24 de juny<\/strong><\/span><\/h5>\n<p style=\"text-align: center;\"><span style=\"color: #000000;\"> Festiu<\/span><\/p>\n<h5 style=\"text-align: center;\"><span style=\"color: #000000;\"><strong>Comentar l&#8217;informe<\/strong><\/span><\/h5>\n<p style=\"text-align: center;\"><span style=\"color: #000000;\"> Les fam\u00edlies de P3 a 5\u00e8 durant el dimarts 25 (i les fam\u00edlies de 6\u00e8 durant el dimecres 26) que aix\u00ed ho vulgueu podreu venir a l&#8217;escola de 9h a 11h i de 12h a 14h per parlar amb el\/la tutor\/a.<\/span><\/p>\n","protected":false},"excerpt":{"rendered":"<p>Fam\u00edlies ja ens trobem al mes de juny&#8230; aix\u00f2 vol dir que s&#8217;acaba el curs, per\u00f2 encara ens queda molta feina! per aix\u00f2 i a mode de recordatori us fem un resum de les dates m\u00e9s importants: Dilluns 10 de juny Festiu Jornada intensiva De dilluns 11 a divendres 21 de juny de 9h a [&hellip;]<\/p>\n","protected":false},"author":1,"featured_media":0,"comment_status":"open","ping_status":"closed","sticky":false,"template":"","format":"standard","meta":{"_bbp_topic_count":0,"_bbp_reply_count":0,"_bbp_total_topic_count":0,"_bbp_total_reply_count":0,"_bbp_voice_count":0,"_bbp_anonymous_reply_count":0,"_bbp_topic_count_hidden":0,"_bbp_reply_count_hidden":0,"_bbp_forum_subforum_count":0,"site-sidebar-layout":"default","site-content-layout":"","ast-site-content-layout":"","site-content-style":"default","site-sidebar-style":"default","ast-global-header-display":"","ast-banner-title-visibility":"","ast-main-header-display":"","ast-hfb-above-header-display":"","ast-hfb-below-header-display":"","ast-hfb-mobile-header-display":"","site-post-title":"","ast-breadcrumbs-content":"","ast-featured-img":"","footer-sml-layout":"","theme-transparent-header-meta":"","adv-header-id-meta":"","stick-header-meta":"","header-above-stick-meta":"","header-main-stick-meta":"","header-below-stick-meta":"","astra-migrate-meta-layouts":"default","ast-page-background-enabled":"default","ast-page-background-meta":{"desktop":{"background-color":"var(--ast-global-color-4)","background-image":"","background-repeat":"repeat","background-position":"center center","background-size":"auto","background-attachment":"scroll","background-type":"","background-media":"","overlay-type":"","overlay-color":"","overlay-opacity":"","overlay-gradient":""},"tablet":{"background-color":"","background-image":"","background-repeat":"repeat","background-position":"center center","background-size":"auto","background-attachment":"scroll","background-type":"","background-media":"","overlay-type":"","overlay-color":"","overlay-opacity":"","overlay-gradient":""},"mobile":{"background-color":"","background-image":"","background-repeat":"repeat","background-position":"center center","background-size":"auto","background-attachment":"scroll","background-type":"","background-media":"","overlay-type":"","overlay-color":"","overlay-opacity":"","overlay-gradient":""}},"ast-content-background-meta":{"desktop":{"background-color":"var(--ast-global-color-5)","background-image":"","background-repeat":"repeat","background-position":"center center","background-size":"auto","background-attachment":"scroll","background-type":"","background-media":"","overlay-type":"","overlay-color":"","overlay-opacity":"","overlay-gradient":""},"tablet":{"background-color":"var(--ast-global-color-5)","background-image":"","background-repeat":"repeat","background-position":"center center","background-size":"auto","background-attachment":"scroll","background-type":"","background-media":"","overlay-type":"","overlay-color":"","overlay-opacity":"","overlay-gradient":""},"mobile":{"background-color":"var(--ast-global-color-5)","background-image":"","background-repeat":"repeat","background-position":"center center","background-size":"auto","background-attachment":"scroll","background-type":"","background-media":"","overlay-type":"","overlay-color":"","overlay-opacity":"","overlay-gradient":""}},"footnotes":""},"categories":[1],"tags":[],"class_list":["post-10862","post","type-post","status-publish","format-standard","hentry","category-noticies"],"post_mailing_queue_ids":[],"_links":{"self":[{"href":"https:\/\/agora.xtec.cat\/esc-antoniomachado\/wp-json\/wp\/v2\/posts\/10862","targetHints":{"allow":["GET"]}}],"collection":[{"href":"https:\/\/agora.xtec.cat\/esc-antoniomachado\/wp-json\/wp\/v2\/posts"}],"about":[{"href":"https:\/\/agora.xtec.cat\/esc-antoniomachado\/wp-json\/wp\/v2\/types\/post"}],"author":[{"embeddable":true,"href":"https:\/\/agora.xtec.cat\/esc-antoniomachado\/wp-json\/wp\/v2\/users\/1"}],"replies":[{"embeddable":true,"href":"https:\/\/agora.xtec.cat\/esc-antoniomachado\/wp-json\/wp\/v2\/comments?post=10862"}],"version-history":[{"count":3,"href":"https:\/\/agora.xtec.cat\/esc-antoniomachado\/wp-json\/wp\/v2\/posts\/10862\/revisions"}],"predecessor-version":[{"id":10940,"href":"https:\/\/agora.xtec.cat\/esc-antoniomachado\/wp-json\/wp\/v2\/posts\/10862\/revisions\/10940"}],"wp:attachment":[{"href":"https:\/\/agora.xtec.cat\/esc-antoniomachado\/wp-json\/wp\/v2\/media?parent=10862"}],"wp:term":[{"taxonomy":"category","embeddable":true,"href":"https:\/\/agora.xtec.cat\/esc-antoniomachado\/wp-json\/wp\/v2\/categories?post=10862"},{"taxonomy":"post_tag","embeddable":true,"href":"https:\/\/agora.xtec.cat\/esc-antoniomachado\/wp-json\/wp\/v2\/tags?post=10862"}],"curies":[{"name":"wp","href":"https:\/\/api.w.org\/{rel}","templated":true}]}}