{"id":10320,"date":"2019-04-12T17:00:48","date_gmt":"2019-04-12T15:00:48","guid":{"rendered":"http:\/\/agora.xtec.cat\/esc-antoniomachado\/?p=10320"},"modified":"2019-04-20T00:43:21","modified_gmt":"2019-04-19T22:43:21","slug":"consell-dinfants-2","status":"publish","type":"post","link":"https:\/\/agora.xtec.cat\/esc-antoniomachado\/noticies\/consell-dinfants-2\/","title":{"rendered":"CONSELL D&#8217;INFANTS"},"content":{"rendered":"<p style=\"text-align: justify;\"><img loading=\"lazy\" decoding=\"async\" class=\"size-full wp-image-10321 alignleft\" src=\"https:\/\/agora.xtec.cat\/esc-antoniomachado\/wp-content\/uploads\/usu1670\/2019\/04\/web_654_20170922124452.jpg\" alt=\"\" width=\"298\" height=\"172\" \/>El passat dimecres 21 de novembre es va constituir, a la sala de plens de l\u2019Ajuntament, el <span style=\"color: #000080;\"><a style=\"color: #000080;\" href=\"https:\/\/www.mataro.cat\/ca\/temes\/educacio\/altres\/consel-dinfants\/consell-dinfants\">Consell d\u2019Infants de Matar\u00f3<\/a><\/span> per aquest curs 2018 \u2013 2019, on hi ha representants d\u2019alumnes de 5\u00e8 i 6\u00e8 d\u2019alumnes d\u2019escoles de la ciutat. En el cas de la nostra, s\u00f3n en\u00a0<strong>Marc Fidalgo alumne de 6\u00e8A<\/strong>\u00a0i que ja \u00e9s el seu segon any com a representant, i la\u00a0<strong>Bruna Estrada, alumna de 5\u00e8B<\/strong>\u00a0que estrena candidatura.<\/p>\n<p style=\"text-align: justify;\"><strong>Qu\u00e8 \u00e9s?<br \/>\n<\/strong>\u00c9s un grup de nens i nenes de Matar\u00f3 que es reuneixen\u00a0per parlar sobre temes relacionats amb la ciutat i donar la seva opini\u00f3. Tamb\u00e9 parlen sobre els drets dels infants i com donar-los a con\u00e8ixer a la ciutadania.<\/p>\n<p style=\"text-align: justify;\"><strong>Sobre quins temes tracta?<br \/>\n<\/strong>Cada any, el Consell d\u2019Infants decideix el tema que vol tractar. <strong><span style=\"color: #800000;\">La\u00a0tem\u00e0tica triada per aquest curs 18-19 ha estat dels animals centrant-se en la cura i defensa dels animals en general (des de dom\u00e8stics a salvatges i ex\u00f2tics) i en contra del maltractament.\u00a0\u00a0<\/span><\/strong><\/p>\n","protected":false},"excerpt":{"rendered":"<p>El passat dimecres 21 de novembre es va constituir, a la sala de plens de l\u2019Ajuntament, el Consell d\u2019Infants de Matar\u00f3 per aquest curs 2018 \u2013 2019, on hi ha representants d\u2019alumnes de 5\u00e8 i 6\u00e8 d\u2019alumnes d\u2019escoles de la ciutat. En el cas de la nostra, s\u00f3n en\u00a0Marc Fidalgo alumne de 6\u00e8A\u00a0i que ja [&hellip;]<\/p>\n","protected":false},"author":1,"featured_media":0,"comment_status":"open","ping_status":"closed","sticky":false,"template":"","format":"standard","meta":{"_bbp_topic_count":0,"_bbp_reply_count":0,"_bbp_total_topic_count":0,"_bbp_total_reply_count":0,"_bbp_voice_count":0,"_bbp_anonymous_reply_count":0,"_bbp_topic_count_hidden":0,"_bbp_reply_count_hidden":0,"_bbp_forum_subforum_count":0,"site-sidebar-layout":"default","site-content-layout":"","ast-site-content-layout":"","site-content-style":"default","site-sidebar-style":"default","ast-global-header-display":"","ast-banner-title-visibility":"","ast-main-header-display":"","ast-hfb-above-header-display":"","ast-hfb-below-header-display":"","ast-hfb-mobile-header-display":"","site-post-title":"","ast-breadcrumbs-content":"","ast-featured-img":"","footer-sml-layout":"","theme-transparent-header-meta":"","adv-header-id-meta":"","stick-header-meta":"","header-above-stick-meta":"","header-main-stick-meta":"","header-below-stick-meta":"","astra-migrate-meta-layouts":"default","ast-page-background-enabled":"default","ast-page-background-meta":{"desktop":{"background-color":"var(--ast-global-color-4)","background-image":"","background-repeat":"repeat","background-position":"center center","background-size":"auto","background-attachment":"scroll","background-type":"","background-media":"","overlay-type":"","overlay-color":"","overlay-opacity":"","overlay-gradient":""},"tablet":{"background-color":"","background-image":"","background-repeat":"repeat","background-position":"center center","background-size":"auto","background-attachment":"scroll","background-type":"","background-media":"","overlay-type":"","overlay-color":"","overlay-opacity":"","overlay-gradient":""},"mobile":{"background-color":"","background-image":"","background-repeat":"repeat","background-position":"center center","background-size":"auto","background-attachment":"scroll","background-type":"","background-media":"","overlay-type":"","overlay-color":"","overlay-opacity":"","overlay-gradient":""}},"ast-content-background-meta":{"desktop":{"background-color":"var(--ast-global-color-5)","background-image":"","background-repeat":"repeat","background-position":"center center","background-size":"auto","background-attachment":"scroll","background-type":"","background-media":"","overlay-type":"","overlay-color":"","overlay-opacity":"","overlay-gradient":""},"tablet":{"background-color":"var(--ast-global-color-5)","background-image":"","background-repeat":"repeat","background-position":"center center","background-size":"auto","background-attachment":"scroll","background-type":"","background-media":"","overlay-type":"","overlay-color":"","overlay-opacity":"","overlay-gradient":""},"mobile":{"background-color":"var(--ast-global-color-5)","background-image":"","background-repeat":"repeat","background-position":"center center","background-size":"auto","background-attachment":"scroll","background-type":"","background-media":"","overlay-type":"","overlay-color":"","overlay-opacity":"","overlay-gradient":""}},"footnotes":""},"categories":[1],"tags":[],"class_list":["post-10320","post","type-post","status-publish","format-standard","hentry","category-noticies"],"post_mailing_queue_ids":[],"_links":{"self":[{"href":"https:\/\/agora.xtec.cat\/esc-antoniomachado\/wp-json\/wp\/v2\/posts\/10320","targetHints":{"allow":["GET"]}}],"collection":[{"href":"https:\/\/agora.xtec.cat\/esc-antoniomachado\/wp-json\/wp\/v2\/posts"}],"about":[{"href":"https:\/\/agora.xtec.cat\/esc-antoniomachado\/wp-json\/wp\/v2\/types\/post"}],"author":[{"embeddable":true,"href":"https:\/\/agora.xtec.cat\/esc-antoniomachado\/wp-json\/wp\/v2\/users\/1"}],"replies":[{"embeddable":true,"href":"https:\/\/agora.xtec.cat\/esc-antoniomachado\/wp-json\/wp\/v2\/comments?post=10320"}],"version-history":[{"count":3,"href":"https:\/\/agora.xtec.cat\/esc-antoniomachado\/wp-json\/wp\/v2\/posts\/10320\/revisions"}],"predecessor-version":[{"id":10325,"href":"https:\/\/agora.xtec.cat\/esc-antoniomachado\/wp-json\/wp\/v2\/posts\/10320\/revisions\/10325"}],"wp:attachment":[{"href":"https:\/\/agora.xtec.cat\/esc-antoniomachado\/wp-json\/wp\/v2\/media?parent=10320"}],"wp:term":[{"taxonomy":"category","embeddable":true,"href":"https:\/\/agora.xtec.cat\/esc-antoniomachado\/wp-json\/wp\/v2\/categories?post=10320"},{"taxonomy":"post_tag","embeddable":true,"href":"https:\/\/agora.xtec.cat\/esc-antoniomachado\/wp-json\/wp\/v2\/tags?post=10320"}],"curies":[{"name":"wp","href":"https:\/\/api.w.org\/{rel}","templated":true}]}}