{"id":4954,"date":"2026-04-28T15:51:31","date_gmt":"2026-04-28T13:51:31","guid":{"rendered":"https:\/\/agora.xtec.cat\/esc-almoster\/?p=4954"},"modified":"2026-04-28T16:00:02","modified_gmt":"2026-04-28T14:00:02","slug":"nou-logo-de-lescola","status":"publish","type":"post","link":"https:\/\/agora.xtec.cat\/esc-almoster\/portada\/nou-logo-de-lescola\/","title":{"rendered":"NOU LOGO DE L&#8217;ESCOLA"},"content":{"rendered":"<p>Us informem que una de les activitats en commemoraci\u00f3 del 75\u00e8 aniversari de l&#8217;Escola ha estat\u00a0 el concurs per triar el nou logo del centre. Finalment ha estat triat el dibuix de la J\u00falia Moreno Montserrat de 1r.. Enhorabona J\u00falia!!! Aqu\u00ed teniu fotos del lliurament dels premis el passat dia de Sant Jordi. Un per classe i el dibuix final. Tamb\u00e9 teniu com queda el nou logo. Durant aquest any 2026 utilitzarem el del 75\u00e8 aniversari.<a href=\"https:\/\/agora.xtec.cat\/esc-almoster\/wp-content\/uploads\/usu1705\/2026\/04\/1777036099879.jpg\"><img loading=\"lazy\" decoding=\"async\" class=\"alignleft wp-image-4955\" src=\"https:\/\/agora.xtec.cat\/esc-almoster\/wp-content\/uploads\/usu1705\/2026\/04\/1777036099879.jpg\" alt=\"\" width=\"201\" height=\"268\" srcset=\"https:\/\/agora.xtec.cat\/esc-almoster\/wp-content\/uploads\/usu1705\/2026\/04\/1777036099879.jpg 1086w, https:\/\/agora.xtec.cat\/esc-almoster\/wp-content\/uploads\/usu1705\/2026\/04\/1777036099879-225x300.jpg 225w, https:\/\/agora.xtec.cat\/esc-almoster\/wp-content\/uploads\/usu1705\/2026\/04\/1777036099879-768x1024.jpg 768w\" sizes=\"auto, (max-width: 201px) 100vw, 201px\" \/><\/a><\/p>\n<p><a href=\"https:\/\/agora.xtec.cat\/esc-almoster\/wp-content\/uploads\/usu1705\/2026\/04\/1777036099895.jpg\"><img loading=\"lazy\" decoding=\"async\" class=\"alignleft wp-image-4956\" src=\"https:\/\/agora.xtec.cat\/esc-almoster\/wp-content\/uploads\/usu1705\/2026\/04\/1777036099895.jpg\" alt=\"\" width=\"351\" height=\"263\" srcset=\"https:\/\/agora.xtec.cat\/esc-almoster\/wp-content\/uploads\/usu1705\/2026\/04\/1777036099895.jpg 1448w, https:\/\/agora.xtec.cat\/esc-almoster\/wp-content\/uploads\/usu1705\/2026\/04\/1777036099895-300x225.jpg 300w, https:\/\/agora.xtec.cat\/esc-almoster\/wp-content\/uploads\/usu1705\/2026\/04\/1777036099895-1024x768.jpg 1024w, https:\/\/agora.xtec.cat\/esc-almoster\/wp-content\/uploads\/usu1705\/2026\/04\/1777036099895-768x576.jpg 768w, https:\/\/agora.xtec.cat\/esc-almoster\/wp-content\/uploads\/usu1705\/2026\/04\/1777036099895-200x150.jpg 200w\" sizes=\"auto, (max-width: 351px) 100vw, 351px\" \/><\/a><\/p>\n<p>&nbsp;<\/p>\n<p>&nbsp;<\/p>\n<p>&nbsp;<\/p>\n<p>&nbsp;<\/p>\n<p><a href=\"https:\/\/agora.xtec.cat\/esc-almoster\/wp-content\/uploads\/usu1705\/2026\/04\/Imatge-2-22-dabr.-del-2026-15_45_55.png\"><img loading=\"lazy\" decoding=\"async\" class=\"wp-image-4952 alignnone\" src=\"https:\/\/agora.xtec.cat\/esc-almoster\/wp-content\/uploads\/usu1705\/2026\/04\/Imatge-2-22-dabr.-del-2026-15_45_55.png\" alt=\"\" width=\"330\" height=\"330\" srcset=\"https:\/\/agora.xtec.cat\/esc-almoster\/wp-content\/uploads\/usu1705\/2026\/04\/Imatge-2-22-dabr.-del-2026-15_45_55.png 1254w, https:\/\/agora.xtec.cat\/esc-almoster\/wp-content\/uploads\/usu1705\/2026\/04\/Imatge-2-22-dabr.-del-2026-15_45_55-300x300.png 300w, https:\/\/agora.xtec.cat\/esc-almoster\/wp-content\/uploads\/usu1705\/2026\/04\/Imatge-2-22-dabr.-del-2026-15_45_55-1024x1024.png 1024w, https:\/\/agora.xtec.cat\/esc-almoster\/wp-content\/uploads\/usu1705\/2026\/04\/Imatge-2-22-dabr.-del-2026-15_45_55-150x150.png 150w, https:\/\/agora.xtec.cat\/esc-almoster\/wp-content\/uploads\/usu1705\/2026\/04\/Imatge-2-22-dabr.-del-2026-15_45_55-768x768.png 768w\" sizes=\"auto, (max-width: 330px) 100vw, 330px\" \/><\/a><a href=\"https:\/\/agora.xtec.cat\/esc-almoster\/wp-content\/uploads\/usu1705\/2026\/04\/Imatge1-22-dabr.-del-2026-15_41_38.png\"><img loading=\"lazy\" decoding=\"async\" class=\"alignleft wp-image-4957\" src=\"https:\/\/agora.xtec.cat\/esc-almoster\/wp-content\/uploads\/usu1705\/2026\/04\/Imatge1-22-dabr.-del-2026-15_41_38.png\" alt=\"\" width=\"337\" height=\"337\" srcset=\"https:\/\/agora.xtec.cat\/esc-almoster\/wp-content\/uploads\/usu1705\/2026\/04\/Imatge1-22-dabr.-del-2026-15_41_38.png 1254w, https:\/\/agora.xtec.cat\/esc-almoster\/wp-content\/uploads\/usu1705\/2026\/04\/Imatge1-22-dabr.-del-2026-15_41_38-300x300.png 300w, https:\/\/agora.xtec.cat\/esc-almoster\/wp-content\/uploads\/usu1705\/2026\/04\/Imatge1-22-dabr.-del-2026-15_41_38-1024x1024.png 1024w, https:\/\/agora.xtec.cat\/esc-almoster\/wp-content\/uploads\/usu1705\/2026\/04\/Imatge1-22-dabr.-del-2026-15_41_38-150x150.png 150w, https:\/\/agora.xtec.cat\/esc-almoster\/wp-content\/uploads\/usu1705\/2026\/04\/Imatge1-22-dabr.-del-2026-15_41_38-768x768.png 768w\" sizes=\"auto, (max-width: 337px) 100vw, 337px\" \/><\/a><\/p>\n","protected":false},"excerpt":{"rendered":"<p>Us informem que una de les activitats en commemoraci\u00f3 del 75\u00e8 aniversari de l&#8217;Escola ha estat\u00a0 el concurs per triar el nou logo del centre. Finalment ha estat triat el dibuix de la J\u00falia Moreno Montserrat de 1r.. Enhorabona J\u00falia!!! Aqu\u00ed teniu fotos del lliurament&hellip;  <a href=\"https:\/\/agora.xtec.cat\/esc-almoster\/portada\/nou-logo-de-lescola\/\" title=\"Read NOU LOGO DE L&#8217;ESCOLA\">Llegeix m\u00e9s\u00bb<\/a><\/p>\n","protected":false},"author":1,"featured_media":0,"comment_status":"closed","ping_status":"closed","sticky":false,"template":"","format":"standard","meta":{"_bbp_topic_count":0,"_bbp_reply_count":0,"_bbp_total_topic_count":0,"_bbp_total_reply_count":0,"_bbp_voice_count":0,"_bbp_anonymous_reply_count":0,"_bbp_topic_count_hidden":0,"_bbp_reply_count_hidden":0,"_bbp_forum_subforum_count":0,"footnotes":""},"categories":[4],"tags":[],"class_list":["post-4954","post","type-post","status-publish","format-standard","hentry","category-portada"],"post_mailing_queue_ids":[],"_links":{"self":[{"href":"https:\/\/agora.xtec.cat\/esc-almoster\/wp-json\/wp\/v2\/posts\/4954","targetHints":{"allow":["GET"]}}],"collection":[{"href":"https:\/\/agora.xtec.cat\/esc-almoster\/wp-json\/wp\/v2\/posts"}],"about":[{"href":"https:\/\/agora.xtec.cat\/esc-almoster\/wp-json\/wp\/v2\/types\/post"}],"author":[{"embeddable":true,"href":"https:\/\/agora.xtec.cat\/esc-almoster\/wp-json\/wp\/v2\/users\/1"}],"replies":[{"embeddable":true,"href":"https:\/\/agora.xtec.cat\/esc-almoster\/wp-json\/wp\/v2\/comments?post=4954"}],"version-history":[{"count":5,"href":"https:\/\/agora.xtec.cat\/esc-almoster\/wp-json\/wp\/v2\/posts\/4954\/revisions"}],"predecessor-version":[{"id":4962,"href":"https:\/\/agora.xtec.cat\/esc-almoster\/wp-json\/wp\/v2\/posts\/4954\/revisions\/4962"}],"wp:attachment":[{"href":"https:\/\/agora.xtec.cat\/esc-almoster\/wp-json\/wp\/v2\/media?parent=4954"}],"wp:term":[{"taxonomy":"category","embeddable":true,"href":"https:\/\/agora.xtec.cat\/esc-almoster\/wp-json\/wp\/v2\/categories?post=4954"},{"taxonomy":"post_tag","embeddable":true,"href":"https:\/\/agora.xtec.cat\/esc-almoster\/wp-json\/wp\/v2\/tags?post=4954"}],"curies":[{"name":"wp","href":"https:\/\/api.w.org\/{rel}","templated":true}]}}