{"id":4939,"date":"2026-04-27T15:08:24","date_gmt":"2026-04-27T13:08:24","guid":{"rendered":"https:\/\/agora.xtec.cat\/esc-almoster\/?p=4939"},"modified":"2026-04-27T15:08:24","modified_gmt":"2026-04-27T13:08:24","slug":"la-canco-de-primer","status":"publish","type":"post","link":"https:\/\/agora.xtec.cat\/esc-almoster\/pri\/primer\/la-canco-de-primer\/","title":{"rendered":"La can\u00e7\u00f3 de primer"},"content":{"rendered":"<p style=\"text-align: justify;\"><span style=\"color: #ff0000;\">La teva can\u00e7\u00f3<\/span>\u00a0\u00e9s el t\u00edtol d&#8217;un conte que ens ha servit per inspirar-nos a inventar la lletra i la melodia de La can\u00e7\u00f3 de primer.<\/p>\n<p style=\"text-align: justify;\">Per comen\u00e7ar, vam llegir atentament tot el text, en vam parlar i vam anar fent propostes de com podria ser la lletra. Quan aquesta ja estava a punt, vam anar component melodies amb la veu. El resultat ha estat una can\u00e7\u00f3 que nom\u00e9s \u00e9s nostra, dels de primer, que potser ens acompanyar\u00e0 al llarg del cursos en els moments importants i ens unir\u00e0 sempre que la cantem.<\/p>\n<p style=\"text-align: justify;\">El dia 24 d&#8217;abril, dins de la setmana de <span style=\"color: #ff0000;\">Sant Jordi<\/span>, vam reunir les fam\u00edlies a la classe per explicar-los com havia anat l&#8217;activitat, per llegir el conte davant d&#8217;ells i per cantar junts la nostra can\u00e7\u00f3. Amb ninos en forma d&#8217;animal, amb instruments de percussi\u00f3 i amb coreografies ideades per l&#8217;ocasi\u00f3 vam passar una bona estona junts.<\/p>\n<p><a href=\"https:\/\/agora.xtec.cat\/esc-almoster\/wp-content\/uploads\/usu1705\/2026\/04\/WhatsApp-Image-2026-04-27-at-13.08.37.jpeg\"><img loading=\"lazy\" decoding=\"async\" class=\"wp-image-4947 aligncenter\" src=\"https:\/\/agora.xtec.cat\/esc-almoster\/wp-content\/uploads\/usu1705\/2026\/04\/WhatsApp-Image-2026-04-27-at-13.08.37-1024x576.jpeg\" alt=\"\" width=\"413\" height=\"232\" srcset=\"https:\/\/agora.xtec.cat\/esc-almoster\/wp-content\/uploads\/usu1705\/2026\/04\/WhatsApp-Image-2026-04-27-at-13.08.37-1024x576.jpeg 1024w, https:\/\/agora.xtec.cat\/esc-almoster\/wp-content\/uploads\/usu1705\/2026\/04\/WhatsApp-Image-2026-04-27-at-13.08.37-300x169.jpeg 300w, https:\/\/agora.xtec.cat\/esc-almoster\/wp-content\/uploads\/usu1705\/2026\/04\/WhatsApp-Image-2026-04-27-at-13.08.37-768x432.jpeg 768w, https:\/\/agora.xtec.cat\/esc-almoster\/wp-content\/uploads\/usu1705\/2026\/04\/WhatsApp-Image-2026-04-27-at-13.08.37-1536x864.jpeg 1536w, https:\/\/agora.xtec.cat\/esc-almoster\/wp-content\/uploads\/usu1705\/2026\/04\/WhatsApp-Image-2026-04-27-at-13.08.37.jpeg 2048w\" sizes=\"auto, (max-width: 413px) 100vw, 413px\" \/><\/a><\/p>\n","protected":false},"excerpt":{"rendered":"<p>La teva can\u00e7\u00f3\u00a0\u00e9s el t\u00edtol d&#8217;un conte que ens ha servit per inspirar-nos a inventar la lletra i la melodia de La can\u00e7\u00f3 de primer.<br \/>\nPer comen\u00e7ar, vam llegir atentament tot el text, en vam parlar i vam anar fent propostes de com podria ser la&hellip;  <a href=\"https:\/\/agora.xtec.cat\/esc-almoster\/pri\/primer\/la-canco-de-primer\/\" title=\"Read La can\u00e7\u00f3 de primer\">Llegeix m\u00e9s\u00bb<\/a><\/p>\n","protected":false},"author":14,"featured_media":0,"comment_status":"closed","ping_status":"closed","sticky":false,"template":"","format":"standard","meta":{"_bbp_topic_count":0,"_bbp_reply_count":0,"_bbp_total_topic_count":0,"_bbp_total_reply_count":0,"_bbp_voice_count":0,"_bbp_anonymous_reply_count":0,"_bbp_topic_count_hidden":0,"_bbp_reply_count_hidden":0,"_bbp_forum_subforum_count":0,"footnotes":""},"categories":[70,84],"tags":[],"class_list":["post-4939","post","type-post","status-publish","format-standard","hentry","category-primer","category-musc"],"post_mailing_queue_ids":[],"_links":{"self":[{"href":"https:\/\/agora.xtec.cat\/esc-almoster\/wp-json\/wp\/v2\/posts\/4939","targetHints":{"allow":["GET"]}}],"collection":[{"href":"https:\/\/agora.xtec.cat\/esc-almoster\/wp-json\/wp\/v2\/posts"}],"about":[{"href":"https:\/\/agora.xtec.cat\/esc-almoster\/wp-json\/wp\/v2\/types\/post"}],"author":[{"embeddable":true,"href":"https:\/\/agora.xtec.cat\/esc-almoster\/wp-json\/wp\/v2\/users\/14"}],"replies":[{"embeddable":true,"href":"https:\/\/agora.xtec.cat\/esc-almoster\/wp-json\/wp\/v2\/comments?post=4939"}],"version-history":[{"count":2,"href":"https:\/\/agora.xtec.cat\/esc-almoster\/wp-json\/wp\/v2\/posts\/4939\/revisions"}],"predecessor-version":[{"id":4951,"href":"https:\/\/agora.xtec.cat\/esc-almoster\/wp-json\/wp\/v2\/posts\/4939\/revisions\/4951"}],"wp:attachment":[{"href":"https:\/\/agora.xtec.cat\/esc-almoster\/wp-json\/wp\/v2\/media?parent=4939"}],"wp:term":[{"taxonomy":"category","embeddable":true,"href":"https:\/\/agora.xtec.cat\/esc-almoster\/wp-json\/wp\/v2\/categories?post=4939"},{"taxonomy":"post_tag","embeddable":true,"href":"https:\/\/agora.xtec.cat\/esc-almoster\/wp-json\/wp\/v2\/tags?post=4939"}],"curies":[{"name":"wp","href":"https:\/\/api.w.org\/{rel}","templated":true}]}}