{"id":4926,"date":"2026-04-27T13:02:39","date_gmt":"2026-04-27T11:02:39","guid":{"rendered":"https:\/\/agora.xtec.cat\/esc-almoster\/?p=4926"},"modified":"2026-04-27T13:02:39","modified_gmt":"2026-04-27T11:02:39","slug":"sardanes-per-sant-jordi-2","status":"publish","type":"post","link":"https:\/\/agora.xtec.cat\/esc-almoster\/esp\/musc\/sardanes-per-sant-jordi-2\/","title":{"rendered":"Sardanes per Sant Jordi!"},"content":{"rendered":"<p style=\"text-align: center;\">Com que \u00e9s festa grossa, vam celebrar el sant del patr\u00f3 &#8220;als quatre vents&#8221;!<\/p>\n<p style=\"text-align: center;\">L&#8217;endem\u00e0 de <span style=\"color: #ff0000;\">Sant Jordi<\/span>, vam anar a la pla\u00e7a a ballar <span style=\"color: #ff0000;\">sardanes<\/span>. El <span style=\"color: #ff00ff;\">galop<\/span> va ser la presentaci\u00f3 davant del p\u00fablic per continuar amb <span style=\"color: #ff00ff;\">La sardana de l&#8217;avellana<\/span>: vam <em>xalar<\/em>. Els grans, amb <span style=\"color: #ff00ff;\">La flama de la sardana<\/span>, anaven comptant i ballant com uns experts. Les de Germanor van dir que ho fem molt b\u00e9!<\/p>\n<p style=\"text-align: center;\">Doncs a la nostra escola seguirem intentant que la cultura, la llengua i les tradicions mai no s&#8217;acabin.<\/p>\n<p style=\"text-align: center;\">Gr\u00e0cies a totes i a tots per haver-nos acompanyat!<\/p>\n<p><a href=\"https:\/\/agora.xtec.cat\/esc-almoster\/wp-content\/uploads\/usu1705\/2026\/04\/WhatsApp-Image-2026-04-27-at-09.59.06.jpeg\"><img loading=\"lazy\" decoding=\"async\" class=\"wp-image-4927 alignnone\" src=\"https:\/\/agora.xtec.cat\/esc-almoster\/wp-content\/uploads\/usu1705\/2026\/04\/WhatsApp-Image-2026-04-27-at-09.59.06-1024x1024.jpeg\" alt=\"\" width=\"412\" height=\"412\" srcset=\"https:\/\/agora.xtec.cat\/esc-almoster\/wp-content\/uploads\/usu1705\/2026\/04\/WhatsApp-Image-2026-04-27-at-09.59.06-1024x1024.jpeg 1024w, https:\/\/agora.xtec.cat\/esc-almoster\/wp-content\/uploads\/usu1705\/2026\/04\/WhatsApp-Image-2026-04-27-at-09.59.06-300x300.jpeg 300w, https:\/\/agora.xtec.cat\/esc-almoster\/wp-content\/uploads\/usu1705\/2026\/04\/WhatsApp-Image-2026-04-27-at-09.59.06-150x150.jpeg 150w, https:\/\/agora.xtec.cat\/esc-almoster\/wp-content\/uploads\/usu1705\/2026\/04\/WhatsApp-Image-2026-04-27-at-09.59.06-768x768.jpeg 768w, https:\/\/agora.xtec.cat\/esc-almoster\/wp-content\/uploads\/usu1705\/2026\/04\/WhatsApp-Image-2026-04-27-at-09.59.06-1536x1536.jpeg 1536w, https:\/\/agora.xtec.cat\/esc-almoster\/wp-content\/uploads\/usu1705\/2026\/04\/WhatsApp-Image-2026-04-27-at-09.59.06.jpeg 1600w\" sizes=\"auto, (max-width: 412px) 100vw, 412px\" \/><\/a><a href=\"https:\/\/agora.xtec.cat\/esc-almoster\/wp-content\/uploads\/usu1705\/2026\/04\/SARDANES.png\"><img loading=\"lazy\" decoding=\"async\" class=\"wp-image-4928 alignright\" src=\"https:\/\/agora.xtec.cat\/esc-almoster\/wp-content\/uploads\/usu1705\/2026\/04\/SARDANES-724x1024.png\" alt=\"\" width=\"312\" height=\"441\" srcset=\"https:\/\/agora.xtec.cat\/esc-almoster\/wp-content\/uploads\/usu1705\/2026\/04\/SARDANES-724x1024.png 724w, https:\/\/agora.xtec.cat\/esc-almoster\/wp-content\/uploads\/usu1705\/2026\/04\/SARDANES-212x300.png 212w, https:\/\/agora.xtec.cat\/esc-almoster\/wp-content\/uploads\/usu1705\/2026\/04\/SARDANES-768x1086.png 768w, https:\/\/agora.xtec.cat\/esc-almoster\/wp-content\/uploads\/usu1705\/2026\/04\/SARDANES-1086x1536.png 1086w, https:\/\/agora.xtec.cat\/esc-almoster\/wp-content\/uploads\/usu1705\/2026\/04\/SARDANES.png 1414w\" sizes=\"auto, (max-width: 312px) 100vw, 312px\" \/><\/a><\/p>\n","protected":false},"excerpt":{"rendered":"<p>Com que \u00e9s festa grossa, vam celebrar el sant del patr\u00f3 &#8220;als quatre vents&#8221;!<br \/>\nL&#8217;endem\u00e0 de Sant Jordi, vam anar a la pla\u00e7a a ballar sardanes. El galop va ser la presentaci\u00f3 davant del p\u00fablic per continuar amb La sardana de l&#8217;avellana: vam xalar. Els grans,&hellip;  <a href=\"https:\/\/agora.xtec.cat\/esc-almoster\/esp\/musc\/sardanes-per-sant-jordi-2\/\" title=\"Read Sardanes per Sant Jordi!\">Llegeix m\u00e9s\u00bb<\/a><\/p>\n","protected":false},"author":14,"featured_media":0,"comment_status":"closed","ping_status":"closed","sticky":false,"template":"","format":"standard","meta":{"_bbp_topic_count":0,"_bbp_reply_count":0,"_bbp_total_topic_count":0,"_bbp_total_reply_count":0,"_bbp_voice_count":0,"_bbp_anonymous_reply_count":0,"_bbp_topic_count_hidden":0,"_bbp_reply_count_hidden":0,"_bbp_forum_subforum_count":0,"footnotes":""},"categories":[84],"tags":[],"class_list":["post-4926","post","type-post","status-publish","format-standard","hentry","category-musc"],"post_mailing_queue_ids":[],"_links":{"self":[{"href":"https:\/\/agora.xtec.cat\/esc-almoster\/wp-json\/wp\/v2\/posts\/4926","targetHints":{"allow":["GET"]}}],"collection":[{"href":"https:\/\/agora.xtec.cat\/esc-almoster\/wp-json\/wp\/v2\/posts"}],"about":[{"href":"https:\/\/agora.xtec.cat\/esc-almoster\/wp-json\/wp\/v2\/types\/post"}],"author":[{"embeddable":true,"href":"https:\/\/agora.xtec.cat\/esc-almoster\/wp-json\/wp\/v2\/users\/14"}],"replies":[{"embeddable":true,"href":"https:\/\/agora.xtec.cat\/esc-almoster\/wp-json\/wp\/v2\/comments?post=4926"}],"version-history":[{"count":2,"href":"https:\/\/agora.xtec.cat\/esc-almoster\/wp-json\/wp\/v2\/posts\/4926\/revisions"}],"predecessor-version":[{"id":4940,"href":"https:\/\/agora.xtec.cat\/esc-almoster\/wp-json\/wp\/v2\/posts\/4926\/revisions\/4940"}],"wp:attachment":[{"href":"https:\/\/agora.xtec.cat\/esc-almoster\/wp-json\/wp\/v2\/media?parent=4926"}],"wp:term":[{"taxonomy":"category","embeddable":true,"href":"https:\/\/agora.xtec.cat\/esc-almoster\/wp-json\/wp\/v2\/categories?post=4926"},{"taxonomy":"post_tag","embeddable":true,"href":"https:\/\/agora.xtec.cat\/esc-almoster\/wp-json\/wp\/v2\/tags?post=4926"}],"curies":[{"name":"wp","href":"https:\/\/api.w.org\/{rel}","templated":true}]}}