{"id":4871,"date":"2026-04-15T12:05:03","date_gmt":"2026-04-15T10:05:03","guid":{"rendered":"https:\/\/agora.xtec.cat\/esc-almoster\/?p=4871"},"modified":"2026-04-15T12:14:04","modified_gmt":"2026-04-15T10:14:04","slug":"la-clika-ens-ho-vam-passar-molt-be-a-lescenari","status":"publish","type":"post","link":"https:\/\/agora.xtec.cat\/esc-almoster\/pri\/segon\/la-clika-ens-ho-vam-passar-molt-be-a-lescenari\/","title":{"rendered":"La Clika! Ens ho vam passar molt b\u00e9 a l&#8217;escenari!"},"content":{"rendered":"<p style=\"text-align: justify;\">Ahir dimarts 14 d&#8217;abril a les 9:00h del mat\u00ed, amb les nenes i nens de 2n i 3r de l&#8217;escola Ramon Sugra\u00f1es, vam pujar al bus de l\u00ednia per anar a Reus i poder participar en la cantata de La Clika. Era la segona ocasi\u00f3 en que la nostra escola era a l&#8217;escenari del teatre Bartrina per viure aquesta experi\u00e8ncia en directe.<\/p>\n<p style=\"text-align: justify;\">Despr\u00e9s de baixar a la Pla\u00e7a de les oques, vam caminar pel carrer de Sant Joan, ens vam aturar a la pla\u00e7a del Prim i, seguint carrer Monterols avall, vam arribar a la Pla\u00e7a del Mercadal, on vam poder observar la fa\u00e7ana de la casa Nav\u00e0s i la de l&#8217;ajuntament.<\/p>\n<p style=\"text-align: justify;\">La propera parada ja va ser davant del teatre Bartrina, a la Pla\u00e7a del Teatre, per esmorzar. En acabat, vam fer un assaig, un descans i ja va comen\u00e7ar l&#8217;espectacle. La nostra canalla s&#8217;ho van passar molt b\u00e9, que \u00e9s el m\u00e9s important, les fam\u00edlies ens van acompanyar i van ser la claca perfecte.<\/p>\n<p style=\"text-align: justify;\">En acabar la nostra brillant actuaci\u00f3, tornant davant de la fa\u00e7ana dissenyada per Llu\u00eds Dom\u00e8nech i Montaner, l&#8217;entrep\u00e0 del dinar va ser important per poder caminar cap a la parada i agafar el bus a 1\/4 de 3 direcci\u00f3 a Almoster. A la tarda a l&#8217;escola, vam poder pair aquesta emocionant actuaci\u00f3, plena de can\u00e7ons amb melodies divertides i amb lletres plenes de missatges imprescindibles de tenir en ment: una lli\u00e7\u00f3 musical excepcional!<\/p>\n<p>Gr\u00e0cies a totes i a tots per fer-ho possible!<a href=\"https:\/\/agora.xtec.cat\/esc-almoster\/wp-content\/uploads\/usu1705\/2026\/04\/1776242486333-1.jpg\"><img loading=\"lazy\" decoding=\"async\" class=\"alignleft wp-image-4886\" src=\"https:\/\/agora.xtec.cat\/esc-almoster\/wp-content\/uploads\/usu1705\/2026\/04\/1776242486333-1.jpg\" alt=\"\" width=\"501\" height=\"377\" srcset=\"https:\/\/agora.xtec.cat\/esc-almoster\/wp-content\/uploads\/usu1705\/2026\/04\/1776242486333-1.jpg 2040w, https:\/\/agora.xtec.cat\/esc-almoster\/wp-content\/uploads\/usu1705\/2026\/04\/1776242486333-1-300x225.jpg 300w, https:\/\/agora.xtec.cat\/esc-almoster\/wp-content\/uploads\/usu1705\/2026\/04\/1776242486333-1-1024x768.jpg 1024w, https:\/\/agora.xtec.cat\/esc-almoster\/wp-content\/uploads\/usu1705\/2026\/04\/1776242486333-1-768x576.jpg 768w, https:\/\/agora.xtec.cat\/esc-almoster\/wp-content\/uploads\/usu1705\/2026\/04\/1776242486333-1-1536x1152.jpg 1536w, https:\/\/agora.xtec.cat\/esc-almoster\/wp-content\/uploads\/usu1705\/2026\/04\/1776242486333-1-200x150.jpg 200w\" sizes=\"auto, (max-width: 501px) 100vw, 501px\" \/><\/a><\/p>\n<p>&nbsp;<\/p>\n","protected":false},"excerpt":{"rendered":"<p>Ahir dimarts 14 d&#8217;abril a les 9:00h del mat\u00ed, amb les nenes i nens de 2n i 3r de l&#8217;escola Ramon Sugra\u00f1es, vam pujar al bus de l\u00ednia per anar a Reus i poder participar en la cantata de La Clika. Era la segona ocasi\u00f3&hellip;  <a href=\"https:\/\/agora.xtec.cat\/esc-almoster\/pri\/segon\/la-clika-ens-ho-vam-passar-molt-be-a-lescenari\/\" title=\"Read La Clika! Ens ho vam passar molt b\u00e9 a l&#8217;escenari!\">Llegeix m\u00e9s\u00bb<\/a><\/p>\n","protected":false},"author":14,"featured_media":0,"comment_status":"closed","ping_status":"closed","sticky":false,"template":"","format":"standard","meta":{"_bbp_topic_count":0,"_bbp_reply_count":0,"_bbp_total_topic_count":0,"_bbp_total_reply_count":0,"_bbp_voice_count":0,"_bbp_anonymous_reply_count":0,"_bbp_topic_count_hidden":0,"_bbp_reply_count_hidden":0,"_bbp_forum_subforum_count":0,"footnotes":""},"categories":[71,72,84],"tags":[],"class_list":["post-4871","post","type-post","status-publish","format-standard","hentry","category-segon","category-tercer","category-musc"],"post_mailing_queue_ids":[],"_links":{"self":[{"href":"https:\/\/agora.xtec.cat\/esc-almoster\/wp-json\/wp\/v2\/posts\/4871","targetHints":{"allow":["GET"]}}],"collection":[{"href":"https:\/\/agora.xtec.cat\/esc-almoster\/wp-json\/wp\/v2\/posts"}],"about":[{"href":"https:\/\/agora.xtec.cat\/esc-almoster\/wp-json\/wp\/v2\/types\/post"}],"author":[{"embeddable":true,"href":"https:\/\/agora.xtec.cat\/esc-almoster\/wp-json\/wp\/v2\/users\/14"}],"replies":[{"embeddable":true,"href":"https:\/\/agora.xtec.cat\/esc-almoster\/wp-json\/wp\/v2\/comments?post=4871"}],"version-history":[{"count":6,"href":"https:\/\/agora.xtec.cat\/esc-almoster\/wp-json\/wp\/v2\/posts\/4871\/revisions"}],"predecessor-version":[{"id":4889,"href":"https:\/\/agora.xtec.cat\/esc-almoster\/wp-json\/wp\/v2\/posts\/4871\/revisions\/4889"}],"wp:attachment":[{"href":"https:\/\/agora.xtec.cat\/esc-almoster\/wp-json\/wp\/v2\/media?parent=4871"}],"wp:term":[{"taxonomy":"category","embeddable":true,"href":"https:\/\/agora.xtec.cat\/esc-almoster\/wp-json\/wp\/v2\/categories?post=4871"},{"taxonomy":"post_tag","embeddable":true,"href":"https:\/\/agora.xtec.cat\/esc-almoster\/wp-json\/wp\/v2\/tags?post=4871"}],"curies":[{"name":"wp","href":"https:\/\/api.w.org\/{rel}","templated":true}]}}