{"id":4848,"date":"2026-04-13T12:38:34","date_gmt":"2026-04-13T10:38:34","guid":{"rendered":"https:\/\/agora.xtec.cat\/esc-almoster\/?p=4848"},"modified":"2026-04-13T12:40:42","modified_gmt":"2026-04-13T10:40:42","slug":"benvinguda-primavera-i-benvinguda-poesia","status":"publish","type":"post","link":"https:\/\/agora.xtec.cat\/esc-almoster\/portada\/benvinguda-primavera-i-benvinguda-poesia\/","title":{"rendered":"Benvinguda PRIMAVERA i benvinguda POESIA !"},"content":{"rendered":"<p>A l&#8217;escola Ramon Sugra\u00f1es hem volgut donar la benvinguda a la tan desitjada primavera amb un mat\u00eds ben especial i po\u00e8tic, rememorant aix\u00ed el &#8220;Dia Mundial de la Poesia&#8221;.<\/p>\n<p>Ens ha visitat la &#8220;Marieta Enriqueta&#8221; a I1, I2 i I3, ens ha recitat un poema\u00a0 i hem ballat al ritme de la can\u00e7\u00f3 de la Damaris Gelabert &#8220;Marieta vola vola&#8221;. Hem gaudit d&#8217;un joc de falda tradicional, hem anat a buscar insectes al pati i ens ha deixat un mural per estampar. Gr\u00e0cies Marieta Enriqueta ! Ens ho hem passat genial !<\/p>\n<p>Els alumnes de I4, I5 i 1r tamb\u00e9 han\u00a0 rebut la seva visita i han jugat amb els poemes, han sortit a buscar &#8220;paraules bessones&#8221; pel pati. Amb aquestes han pogut inventar rodolins i han passat una estona de rimes, divertida, profitosa i r\u00edtmica&#8230;<\/p>\n<p>A 2n i 3r han gaudit de racons po\u00e8tics : d\u00f2mino de rodolins, capseta d&#8217;objectes per inventar rimes, proposta art\u00edstica a partir d&#8217;un poema, endre\u00e7ar les imatges d&#8217;un poema, joc de mitjons d&#8217;endevinalles que rimen&#8230;<\/p>\n<p>I per finalitzar els alumnes de 4t, 5\u00e8 i 6\u00e8 han inventat haikus de primavera. Si passeu per la biblioteca podreu llegir i veure les seves originals propostes ! Felicitats a tots ! Sou uns poetes molt especials !<br \/>\n<a title=\"dia de la poesia 2026\" href=\"https:\/\/www.flickr.com\/photos\/136122432@N04\/albums\/72177720333065036\" data-flickr-embed=\"true\"><img loading=\"lazy\" decoding=\"async\" class=\"aligncenter\" src=\"https:\/\/live.staticflickr.com\/65535\/55203606287_50899392a7_b.jpg\" alt=\"dia de la poesia 2026\" width=\"347\" height=\"527\" \/><\/a><script async src=\"\/\/embedr.flickr.com\/assets\/client-code.js\" charset=\"utf-8\"><\/script><\/p>\n","protected":false},"excerpt":{"rendered":"<p>A l&#8217;escola Ramon Sugra\u00f1es hem volgut donar la benvinguda a la tan desitjada primavera amb un mat\u00eds ben especial i po\u00e8tic, rememorant aix\u00ed el &#8220;Dia Mundial de la Poesia&#8221;.<br \/>\nEns ha visitat la &#8220;Marieta Enriqueta&#8221; a I1, I2 i I3, ens ha recitat un poema\u00a0 i&hellip;  <a href=\"https:\/\/agora.xtec.cat\/esc-almoster\/portada\/benvinguda-primavera-i-benvinguda-poesia\/\" title=\"Read Benvinguda PRIMAVERA i benvinguda POESIA !\">Llegeix m\u00e9s\u00bb<\/a><\/p>\n","protected":false},"author":8,"featured_media":0,"comment_status":"closed","ping_status":"closed","sticky":false,"template":"","format":"standard","meta":{"_bbp_topic_count":0,"_bbp_reply_count":0,"_bbp_total_topic_count":0,"_bbp_total_reply_count":0,"_bbp_voice_count":0,"_bbp_anonymous_reply_count":0,"_bbp_topic_count_hidden":0,"_bbp_reply_count_hidden":0,"_bbp_forum_subforum_count":0,"footnotes":""},"categories":[4],"tags":[],"class_list":["post-4848","post","type-post","status-publish","format-standard","hentry","category-portada"],"post_mailing_queue_ids":[],"_links":{"self":[{"href":"https:\/\/agora.xtec.cat\/esc-almoster\/wp-json\/wp\/v2\/posts\/4848","targetHints":{"allow":["GET"]}}],"collection":[{"href":"https:\/\/agora.xtec.cat\/esc-almoster\/wp-json\/wp\/v2\/posts"}],"about":[{"href":"https:\/\/agora.xtec.cat\/esc-almoster\/wp-json\/wp\/v2\/types\/post"}],"author":[{"embeddable":true,"href":"https:\/\/agora.xtec.cat\/esc-almoster\/wp-json\/wp\/v2\/users\/8"}],"replies":[{"embeddable":true,"href":"https:\/\/agora.xtec.cat\/esc-almoster\/wp-json\/wp\/v2\/comments?post=4848"}],"version-history":[{"count":6,"href":"https:\/\/agora.xtec.cat\/esc-almoster\/wp-json\/wp\/v2\/posts\/4848\/revisions"}],"predecessor-version":[{"id":4870,"href":"https:\/\/agora.xtec.cat\/esc-almoster\/wp-json\/wp\/v2\/posts\/4848\/revisions\/4870"}],"wp:attachment":[{"href":"https:\/\/agora.xtec.cat\/esc-almoster\/wp-json\/wp\/v2\/media?parent=4848"}],"wp:term":[{"taxonomy":"category","embeddable":true,"href":"https:\/\/agora.xtec.cat\/esc-almoster\/wp-json\/wp\/v2\/categories?post=4848"},{"taxonomy":"post_tag","embeddable":true,"href":"https:\/\/agora.xtec.cat\/esc-almoster\/wp-json\/wp\/v2\/tags?post=4848"}],"curies":[{"name":"wp","href":"https:\/\/api.w.org\/{rel}","templated":true}]}}