{"id":4455,"date":"2025-04-02T11:24:29","date_gmt":"2025-04-02T09:24:29","guid":{"rendered":"https:\/\/agora.xtec.cat\/esc-almoster\/?p=4455"},"modified":"2025-04-02T11:24:29","modified_gmt":"2025-04-02T09:24:29","slug":"excursio-al-cami-del-rec","status":"publish","type":"post","link":"https:\/\/agora.xtec.cat\/esc-almoster\/pri\/primer\/excursio-al-cami-del-rec\/","title":{"rendered":"Excursi\u00f3 al &#8220;Cam\u00ed del Rec&#8221;"},"content":{"rendered":"<p>Els nens de cicle inicial hem anat d\u2019excursi\u00f3 el passat 28 de mar\u00e7 al Cam\u00ed del Rec. Hem arribat<span style=\"font-family: Comic Sans MS, cursive;\"> a Hort Igl\u00e9sies i hem esmorzat . Seguidament hem fet un recorregut per alguns dels carrers del poble de la Selva del Camp, tot observant alguns edificis com l\u2019ajuntament i l\u2019esgl\u00e9sia, la muralla i el pont que es feia servir per fer arribar l\u2019aigua al poble. Ens hem dirigit cap al cam\u00ed del Rec i all\u00e0 hem comen\u00e7at el nostre recorregut principal. <\/span><span style=\"font-family: 'Comic Sans MS', cursive; font-size: 1em;\">Pel cam\u00ed hem observat la flora i la fauna del paisatge bosc\u00f3s i agr\u00edcola . Hem dinat al Pont Alt i ens han ensenyat els sons de les diferents aus tot participant en un joc d\u2019identificaci\u00f3 del cant dels ocells.<a href=\"https:\/\/agora.xtec.cat\/esc-almoster\/wp-content\/uploads\/usu1705\/2025\/04\/Imatge-de-WhatsApp-2025-03-28-a-les-18.08.45_ec4288d1.jpg\"><img loading=\"lazy\" decoding=\"async\" class=\"alignnone size-large wp-image-4456\" src=\"https:\/\/agora.xtec.cat\/esc-almoster\/wp-content\/uploads\/usu1705\/2025\/04\/Imatge-de-WhatsApp-2025-03-28-a-les-18.08.45_ec4288d1-1024x576.jpg\" alt=\"\" width=\"1024\" height=\"576\" srcset=\"https:\/\/agora.xtec.cat\/esc-almoster\/wp-content\/uploads\/usu1705\/2025\/04\/Imatge-de-WhatsApp-2025-03-28-a-les-18.08.45_ec4288d1-1024x576.jpg 1024w, https:\/\/agora.xtec.cat\/esc-almoster\/wp-content\/uploads\/usu1705\/2025\/04\/Imatge-de-WhatsApp-2025-03-28-a-les-18.08.45_ec4288d1-300x169.jpg 300w, https:\/\/agora.xtec.cat\/esc-almoster\/wp-content\/uploads\/usu1705\/2025\/04\/Imatge-de-WhatsApp-2025-03-28-a-les-18.08.45_ec4288d1-768x432.jpg 768w, https:\/\/agora.xtec.cat\/esc-almoster\/wp-content\/uploads\/usu1705\/2025\/04\/Imatge-de-WhatsApp-2025-03-28-a-les-18.08.45_ec4288d1-1536x864.jpg 1536w, https:\/\/agora.xtec.cat\/esc-almoster\/wp-content\/uploads\/usu1705\/2025\/04\/Imatge-de-WhatsApp-2025-03-28-a-les-18.08.45_ec4288d1.jpg 2040w\" sizes=\"auto, (max-width: 1024px) 100vw, 1024px\" \/><\/a><\/span><\/p>\n","protected":false},"excerpt":{"rendered":"<p>Els nens de cicle inicial hem anat d\u2019excursi\u00f3 el passat 28 de mar\u00e7 al Cam\u00ed del Rec. Hem arribat a Hort Igl\u00e9sies i hem esmorzat . Seguidament hem fet un recorregut per alguns dels carrers del poble de la Selva del Camp, tot observant alguns&hellip;  <a href=\"https:\/\/agora.xtec.cat\/esc-almoster\/pri\/primer\/excursio-al-cami-del-rec\/\" title=\"Read Excursi\u00f3 al &#8220;Cam\u00ed del Rec&#8221;\">Llegeix m\u00e9s\u00bb<\/a><\/p>\n","protected":false},"author":8,"featured_media":0,"comment_status":"closed","ping_status":"closed","sticky":false,"template":"","format":"standard","meta":{"_bbp_topic_count":0,"_bbp_reply_count":0,"_bbp_total_topic_count":0,"_bbp_total_reply_count":0,"_bbp_voice_count":0,"_bbp_anonymous_reply_count":0,"_bbp_topic_count_hidden":0,"_bbp_reply_count_hidden":0,"_bbp_forum_subforum_count":0,"footnotes":""},"categories":[70,71,77],"tags":[],"class_list":["post-4455","post","type-post","status-publish","format-standard","hentry","category-primer","category-segon","category-ci"],"post_mailing_queue_ids":[],"_links":{"self":[{"href":"https:\/\/agora.xtec.cat\/esc-almoster\/wp-json\/wp\/v2\/posts\/4455","targetHints":{"allow":["GET"]}}],"collection":[{"href":"https:\/\/agora.xtec.cat\/esc-almoster\/wp-json\/wp\/v2\/posts"}],"about":[{"href":"https:\/\/agora.xtec.cat\/esc-almoster\/wp-json\/wp\/v2\/types\/post"}],"author":[{"embeddable":true,"href":"https:\/\/agora.xtec.cat\/esc-almoster\/wp-json\/wp\/v2\/users\/8"}],"replies":[{"embeddable":true,"href":"https:\/\/agora.xtec.cat\/esc-almoster\/wp-json\/wp\/v2\/comments?post=4455"}],"version-history":[{"count":2,"href":"https:\/\/agora.xtec.cat\/esc-almoster\/wp-json\/wp\/v2\/posts\/4455\/revisions"}],"predecessor-version":[{"id":4461,"href":"https:\/\/agora.xtec.cat\/esc-almoster\/wp-json\/wp\/v2\/posts\/4455\/revisions\/4461"}],"wp:attachment":[{"href":"https:\/\/agora.xtec.cat\/esc-almoster\/wp-json\/wp\/v2\/media?parent=4455"}],"wp:term":[{"taxonomy":"category","embeddable":true,"href":"https:\/\/agora.xtec.cat\/esc-almoster\/wp-json\/wp\/v2\/categories?post=4455"},{"taxonomy":"post_tag","embeddable":true,"href":"https:\/\/agora.xtec.cat\/esc-almoster\/wp-json\/wp\/v2\/tags?post=4455"}],"curies":[{"name":"wp","href":"https:\/\/api.w.org\/{rel}","templated":true}]}}