{"id":4273,"date":"2025-02-07T11:53:58","date_gmt":"2025-02-07T10:53:58","guid":{"rendered":"https:\/\/agora.xtec.cat\/esc-almoster\/?p=4273"},"modified":"2025-02-07T11:53:58","modified_gmt":"2025-02-07T10:53:58","slug":"celebracio-del-dia-de-martin-luther-king","status":"publish","type":"post","link":"https:\/\/agora.xtec.cat\/esc-almoster\/esp\/celebracio-del-dia-de-martin-luther-king\/","title":{"rendered":"Celebraci\u00f3 del Dia de Martin Luther King"},"content":{"rendered":"<p align=\"justify\"><span style=\"color: #222222;\"><span style=\"font-family: Roboto Slab;\"><span style=\"font-size: medium;\">C<\/span><\/span><\/span><span style=\"color: #222222;\"><span style=\"font-family: Roboto Slab;\"><span style=\"font-size: medium;\">ada any,\u00a0<\/span><\/span><\/span><strong><span style=\"color: #222222;\"><span style=\"font-family: Roboto Slab;\"><span style=\"font-size: medium;\">el tercer dilluns de gener<\/span><\/span><\/span><\/strong><span style=\"color: #222222;\">\u00a0<\/span><span style=\"color: #222222;\"><span style=\"font-family: Roboto Slab;\"><span style=\"font-size: medium;\">se celebra el\u00a0<\/span><\/span><\/span><strong><span style=\"color: #222222;\"><span style=\"font-family: Roboto Slab;\"><span style=\"font-size: medium;\">Dia de Martin Luther King <\/span><\/span><\/span><\/strong><strong><span style=\"color: #222222;\"><span style=\"font-family: Roboto Slab;\"><span style=\"font-size: medium;\">als Estats Units. <\/span><\/span><\/span><\/strong><strong><span style=\"color: #222222;\"><span style=\"font-family: Roboto Slab;\"><span style=\"font-size: medium;\">Els nens i nenes de sis\u00e8 h<\/span><\/span><\/span><\/strong><strong><span style=\"color: #222222;\"><span style=\"font-family: Roboto Slab;\"><span style=\"font-size: medium;\">em fet un joc per con\u00e8ixer fets interessants sobre la vida de Martin Luther King i el seu llegat. <\/span><\/span><\/span><\/strong><strong><span style=\"color: #222222;\"><span style=\"font-family: Roboto Slab;\"><span style=\"font-size: medium;\">Hem esbrinat que gr\u00e0cies a les accions no violentes promogudes per persones com ell es van aconseguir<\/span><\/span><\/span><\/strong><span style=\"color: #222222;\"><span style=\"font-family: Roboto Slab;\"><span style=\"font-size: medium;\"> grans avan\u00e7os, com la\u00a0<\/span><\/span><\/span><strong><span style=\"color: #222222;\"><span style=\"font-family: Roboto Slab;\"><span style=\"font-size: medium;\"><b>Llei de Drets Civils<\/b><\/span><\/span><\/span><\/strong><span style=\"color: #222222;\"><span style=\"font-family: Roboto Slab;\"><span style=\"font-size: medium;\">\u00a0(1964) que acabava amb la segregaci\u00f3 racial als espais p\u00fablics o la\u00a0<\/span><\/span><\/span><strong><span style=\"color: #222222;\"><span style=\"font-family: Roboto Slab;\"><span style=\"font-size: medium;\"><b>Llei de Dret a vot<\/b><\/span><\/span><\/span><\/strong><span style=\"color: #222222;\"><span style=\"font-family: Roboto Slab;\"><span style=\"font-size: medium;\">\u00a0(1965) que permetia als negres votar. Com a\u00a0<\/span><\/span><\/span><strong><span style=\"color: #222222;\"><span style=\"font-family: Roboto Slab;\"><span style=\"font-size: medium;\"><b>activista,<\/b><\/span><\/span><\/span><\/strong><span style=\"color: #222222;\"><span style=\"font-family: Roboto Slab;\"><span style=\"font-size: medium;\">\u00a0Luther King no nom\u00e9s defensava els drets de la comunitat afroamericana, sin\u00f3 que\u00a0<\/span><\/span><\/span><strong><span style=\"color: #222222;\"><span style=\"font-family: Roboto Slab;\"><span style=\"font-size: medium;\"><b>s\u2019oposava a la Guerra de Vietnam<\/b><\/span><\/span><\/span><\/strong><span style=\"color: #222222;\"><span style=\"font-family: Roboto Slab;\"><span style=\"font-size: medium;\">\u00a0(1954-1975) i reclamava m\u00e9s recursos del govern nord-americ\u00e0 per\u00a0<\/span><\/span><\/span><strong><span style=\"color: #222222;\"><span style=\"font-family: Roboto Slab;\"><span style=\"font-size: medium;\"><b>ajudar la gent pobra. <\/b><\/span><\/span><\/span><\/strong><span style=\"color: #222222;\"><span style=\"font-family: Roboto Slab;\"><span style=\"font-size: medium;\">Un dels seus discursos m\u00e9s coneguts \u00e9s\u00a0<\/span><\/span><\/span><strong><span style=\"color: #222222;\"><span style=\"font-family: Roboto Slab;\"><span style=\"font-size: medium;\">\u2018<\/span><\/span><\/span><\/strong><strong><span style=\"color: #222222;\"><span style=\"font-family: Roboto Slab;\"><span style=\"font-size: medium;\"><b>I have a dream\u2019<\/b><\/span><\/span><\/span><\/strong><span style=\"color: #222222;\"><span style=\"font-family: Roboto Slab;\"><span style=\"font-size: medium;\"><b>\u00a0[Tinc un somni]<\/b><\/span><\/span><\/span><span style=\"color: #222222;\"><span style=\"font-family: Roboto Slab;\"><span style=\"font-size: medium;\">. El va pronunciar davant m\u00e9s de 250.000 persones que s\u2019havien reunit a Washington, la capital del pa\u00eds, per reivindicar els drets dels ciutadans negres. Al 1964 va rebre el<\/span><\/span><\/span><span style=\"color: #000000;\"><span style=\"font-family: Roboto Slab;\"><span style=\"font-size: medium;\"><b>\u00a0<\/b><\/span><\/span><\/span><a href=\"https:\/\/junior-report.media\/mereix-nobel-pau\/\"><span style=\"color: #000000;\"><span style=\"font-family: Roboto Slab;\"><span style=\"font-size: medium;\"><b>Premi Nobel de la Pau<\/b><\/span><\/span><\/span><\/a><span style=\"color: #c9211e;\"><span style=\"font-family: Roboto Slab;\"><span style=\"font-size: medium;\"><b>\u00a0<\/b><\/span><\/span><\/span><span style=\"color: #222222;\"><span style=\"font-family: Roboto Slab;\"><span style=\"font-size: medium;\">com a reconeixement a la sev<\/span><\/span><\/span><span style=\"color: #222222;\"><span style=\"font-family: Roboto Slab;\"><span style=\"font-size: medium;\">a <\/span><\/span><\/span><span style=\"color: #222222;\"><span style=\"font-family: Roboto Slab;\"><span style=\"font-size: medium;\">lluita\u00a0<\/span><\/span><\/span><strong><span style=\"color: #222222;\"><span style=\"font-family: Roboto Slab;\"><span style=\"font-size: medium;\"><b>per acabar amb les desigualtats<\/b><\/span><\/span><\/span><\/strong><span style=\"color: #222222;\"><span style=\"font-family: Roboto Slab;\"><span style=\"font-size: medium;\">\u00a0i la discriminaci\u00f3 racial. <\/span><\/span><\/span><span style=\"color: #222222;\"><span style=\"font-family: Roboto Slab;\"><span style=\"font-size: medium;\">Com ell, nosaltres tamb\u00e9 seguim somniant que aquest <\/span><\/span><\/span><span style=\"color: #222222;\"><span style=\"font-family: Roboto Slab;\"><span style=\"font-size: medium;\">m\u00f3n<\/span><\/span><\/span><span style=\"color: #222222;\"><span style=\"font-family: Roboto Slab;\"><span style=\"font-size: medium;\"> pot ser un <\/span><\/span><\/span><span style=\"color: #222222;\"><span style=\"font-family: Roboto Slab;\"><span style=\"font-size: medium;\">lloc<\/span><\/span><\/span><span style=\"color: #222222;\"><span style=\"font-family: Roboto Slab;\"><span style=\"font-size: medium;\"> m\u00e9s just s<\/span><\/span><\/span><span style=\"color: #222222;\"><span style=\"font-family: Roboto Slab;\"><span style=\"font-size: medium;\">i <\/span><\/span><\/span><span style=\"color: #222222;\"><span style=\"font-family: Roboto Slab;\"><span style=\"font-size: medium;\">realment <\/span><\/span><\/span><span style=\"color: #222222;\"><span style=\"font-family: Roboto Slab;\"><span style=\"font-size: medium;\">ho desitgem<\/span><\/span><\/span><span style=\"color: #222222;\"><span style=\"font-family: Roboto Slab;\"><span style=\"font-size: medium;\"> i lluitem perqu\u00e8 <\/span><\/span><\/span><span style=\"color: #222222;\"><span style=\"font-family: Roboto Slab;\"><span style=\"font-size: medium;\">aix\u00ed <\/span><\/span><\/span><span style=\"color: #222222;\"><span style=\"font-family: Roboto Slab;\"><span style=\"font-size: medium;\">ho sigui.<\/span><\/span><\/span><\/p>\n<p align=\"justify\"><a href=\"https:\/\/agora.xtec.cat\/esc-almoster\/wp-content\/uploads\/usu1705\/2025\/02\/56d1ce40-47ac-447d-801d-6b5e33f62e91.jpg\"><img loading=\"lazy\" decoding=\"async\" class=\"alignnone size-medium wp-image-4274\" src=\"https:\/\/agora.xtec.cat\/esc-almoster\/wp-content\/uploads\/usu1705\/2025\/02\/56d1ce40-47ac-447d-801d-6b5e33f62e91-300x225.jpg\" alt=\"\" width=\"300\" height=\"225\" srcset=\"https:\/\/agora.xtec.cat\/esc-almoster\/wp-content\/uploads\/usu1705\/2025\/02\/56d1ce40-47ac-447d-801d-6b5e33f62e91-300x225.jpg 300w, https:\/\/agora.xtec.cat\/esc-almoster\/wp-content\/uploads\/usu1705\/2025\/02\/56d1ce40-47ac-447d-801d-6b5e33f62e91-1024x768.jpg 1024w, https:\/\/agora.xtec.cat\/esc-almoster\/wp-content\/uploads\/usu1705\/2025\/02\/56d1ce40-47ac-447d-801d-6b5e33f62e91-768x576.jpg 768w, https:\/\/agora.xtec.cat\/esc-almoster\/wp-content\/uploads\/usu1705\/2025\/02\/56d1ce40-47ac-447d-801d-6b5e33f62e91-1536x1152.jpg 1536w, https:\/\/agora.xtec.cat\/esc-almoster\/wp-content\/uploads\/usu1705\/2025\/02\/56d1ce40-47ac-447d-801d-6b5e33f62e91-200x150.jpg 200w, https:\/\/agora.xtec.cat\/esc-almoster\/wp-content\/uploads\/usu1705\/2025\/02\/56d1ce40-47ac-447d-801d-6b5e33f62e91.jpg 1600w\" sizes=\"auto, (max-width: 300px) 100vw, 300px\" \/><\/a> <a href=\"https:\/\/agora.xtec.cat\/esc-almoster\/wp-content\/uploads\/usu1705\/2025\/02\/839a127e-5358-4edc-8fa0-f5f58ac8a505.jpg\"><img loading=\"lazy\" decoding=\"async\" class=\"alignnone size-medium wp-image-4275\" src=\"https:\/\/agora.xtec.cat\/esc-almoster\/wp-content\/uploads\/usu1705\/2025\/02\/839a127e-5358-4edc-8fa0-f5f58ac8a505-300x225.jpg\" alt=\"\" width=\"300\" height=\"225\" srcset=\"https:\/\/agora.xtec.cat\/esc-almoster\/wp-content\/uploads\/usu1705\/2025\/02\/839a127e-5358-4edc-8fa0-f5f58ac8a505-300x225.jpg 300w, https:\/\/agora.xtec.cat\/esc-almoster\/wp-content\/uploads\/usu1705\/2025\/02\/839a127e-5358-4edc-8fa0-f5f58ac8a505-1024x768.jpg 1024w, https:\/\/agora.xtec.cat\/esc-almoster\/wp-content\/uploads\/usu1705\/2025\/02\/839a127e-5358-4edc-8fa0-f5f58ac8a505-768x576.jpg 768w, https:\/\/agora.xtec.cat\/esc-almoster\/wp-content\/uploads\/usu1705\/2025\/02\/839a127e-5358-4edc-8fa0-f5f58ac8a505-1536x1152.jpg 1536w, https:\/\/agora.xtec.cat\/esc-almoster\/wp-content\/uploads\/usu1705\/2025\/02\/839a127e-5358-4edc-8fa0-f5f58ac8a505-200x150.jpg 200w, https:\/\/agora.xtec.cat\/esc-almoster\/wp-content\/uploads\/usu1705\/2025\/02\/839a127e-5358-4edc-8fa0-f5f58ac8a505.jpg 1600w\" sizes=\"auto, (max-width: 300px) 100vw, 300px\" \/><\/a><\/p>\n<p align=\"justify\"><a href=\"https:\/\/agora.xtec.cat\/esc-almoster\/wp-content\/uploads\/usu1705\/2025\/02\/ab016b61-49f9-4977-9de2-7625981ae02d.jpg\"><img loading=\"lazy\" decoding=\"async\" class=\"alignnone size-medium wp-image-4276\" src=\"https:\/\/agora.xtec.cat\/esc-almoster\/wp-content\/uploads\/usu1705\/2025\/02\/ab016b61-49f9-4977-9de2-7625981ae02d-300x225.jpg\" alt=\"\" width=\"300\" height=\"225\" srcset=\"https:\/\/agora.xtec.cat\/esc-almoster\/wp-content\/uploads\/usu1705\/2025\/02\/ab016b61-49f9-4977-9de2-7625981ae02d-300x225.jpg 300w, https:\/\/agora.xtec.cat\/esc-almoster\/wp-content\/uploads\/usu1705\/2025\/02\/ab016b61-49f9-4977-9de2-7625981ae02d-1024x768.jpg 1024w, https:\/\/agora.xtec.cat\/esc-almoster\/wp-content\/uploads\/usu1705\/2025\/02\/ab016b61-49f9-4977-9de2-7625981ae02d-768x576.jpg 768w, https:\/\/agora.xtec.cat\/esc-almoster\/wp-content\/uploads\/usu1705\/2025\/02\/ab016b61-49f9-4977-9de2-7625981ae02d-1536x1152.jpg 1536w, https:\/\/agora.xtec.cat\/esc-almoster\/wp-content\/uploads\/usu1705\/2025\/02\/ab016b61-49f9-4977-9de2-7625981ae02d-200x150.jpg 200w, https:\/\/agora.xtec.cat\/esc-almoster\/wp-content\/uploads\/usu1705\/2025\/02\/ab016b61-49f9-4977-9de2-7625981ae02d.jpg 1600w\" sizes=\"auto, (max-width: 300px) 100vw, 300px\" \/><\/a> <a href=\"https:\/\/agora.xtec.cat\/esc-almoster\/wp-content\/uploads\/usu1705\/2025\/02\/c16a960a-53f5-40c7-961d-f029c9a93515.jpg\"><img loading=\"lazy\" decoding=\"async\" class=\"alignnone size-medium wp-image-4277\" src=\"https:\/\/agora.xtec.cat\/esc-almoster\/wp-content\/uploads\/usu1705\/2025\/02\/c16a960a-53f5-40c7-961d-f029c9a93515-300x225.jpg\" alt=\"\" width=\"300\" height=\"225\" srcset=\"https:\/\/agora.xtec.cat\/esc-almoster\/wp-content\/uploads\/usu1705\/2025\/02\/c16a960a-53f5-40c7-961d-f029c9a93515-300x225.jpg 300w, https:\/\/agora.xtec.cat\/esc-almoster\/wp-content\/uploads\/usu1705\/2025\/02\/c16a960a-53f5-40c7-961d-f029c9a93515-1024x768.jpg 1024w, https:\/\/agora.xtec.cat\/esc-almoster\/wp-content\/uploads\/usu1705\/2025\/02\/c16a960a-53f5-40c7-961d-f029c9a93515-768x576.jpg 768w, https:\/\/agora.xtec.cat\/esc-almoster\/wp-content\/uploads\/usu1705\/2025\/02\/c16a960a-53f5-40c7-961d-f029c9a93515-1536x1152.jpg 1536w, https:\/\/agora.xtec.cat\/esc-almoster\/wp-content\/uploads\/usu1705\/2025\/02\/c16a960a-53f5-40c7-961d-f029c9a93515-200x150.jpg 200w, https:\/\/agora.xtec.cat\/esc-almoster\/wp-content\/uploads\/usu1705\/2025\/02\/c16a960a-53f5-40c7-961d-f029c9a93515.jpg 1600w\" sizes=\"auto, (max-width: 300px) 100vw, 300px\" \/><\/a><\/p>\n","protected":false},"excerpt":{"rendered":"<p>Cada any,\u00a0el tercer dilluns de gener\u00a0se celebra el\u00a0Dia de Martin Luther King als Estats Units. Els nens i nenes de sis\u00e8 hem fet un joc per con\u00e8ixer fets interessants sobre la vida de Martin Luther King i el seu llegat. Hem esbrinat que gr\u00e0cies a&hellip;  <a href=\"https:\/\/agora.xtec.cat\/esc-almoster\/esp\/celebracio-del-dia-de-martin-luther-king\/\" title=\"Read Celebraci\u00f3 del Dia de Martin Luther King\">Llegeix m\u00e9s\u00bb<\/a><\/p>\n","protected":false},"author":19,"featured_media":0,"comment_status":"closed","ping_status":"closed","sticky":false,"template":"","format":"standard","meta":{"_bbp_topic_count":0,"_bbp_reply_count":0,"_bbp_total_topic_count":0,"_bbp_total_reply_count":0,"_bbp_voice_count":0,"_bbp_anonymous_reply_count":0,"_bbp_topic_count_hidden":0,"_bbp_reply_count_hidden":0,"_bbp_forum_subforum_count":0,"footnotes":""},"categories":[81,80],"tags":[],"class_list":["post-4273","post","type-post","status-publish","format-standard","hentry","category-ang","category-esp"],"post_mailing_queue_ids":[],"_links":{"self":[{"href":"https:\/\/agora.xtec.cat\/esc-almoster\/wp-json\/wp\/v2\/posts\/4273","targetHints":{"allow":["GET"]}}],"collection":[{"href":"https:\/\/agora.xtec.cat\/esc-almoster\/wp-json\/wp\/v2\/posts"}],"about":[{"href":"https:\/\/agora.xtec.cat\/esc-almoster\/wp-json\/wp\/v2\/types\/post"}],"author":[{"embeddable":true,"href":"https:\/\/agora.xtec.cat\/esc-almoster\/wp-json\/wp\/v2\/users\/19"}],"replies":[{"embeddable":true,"href":"https:\/\/agora.xtec.cat\/esc-almoster\/wp-json\/wp\/v2\/comments?post=4273"}],"version-history":[{"count":2,"href":"https:\/\/agora.xtec.cat\/esc-almoster\/wp-json\/wp\/v2\/posts\/4273\/revisions"}],"predecessor-version":[{"id":4281,"href":"https:\/\/agora.xtec.cat\/esc-almoster\/wp-json\/wp\/v2\/posts\/4273\/revisions\/4281"}],"wp:attachment":[{"href":"https:\/\/agora.xtec.cat\/esc-almoster\/wp-json\/wp\/v2\/media?parent=4273"}],"wp:term":[{"taxonomy":"category","embeddable":true,"href":"https:\/\/agora.xtec.cat\/esc-almoster\/wp-json\/wp\/v2\/categories?post=4273"},{"taxonomy":"post_tag","embeddable":true,"href":"https:\/\/agora.xtec.cat\/esc-almoster\/wp-json\/wp\/v2\/tags?post=4273"}],"curies":[{"name":"wp","href":"https:\/\/api.w.org\/{rel}","templated":true}]}}