{"id":3532,"date":"2023-11-27T09:34:29","date_gmt":"2023-11-27T08:34:29","guid":{"rendered":"https:\/\/agora.xtec.cat\/esc-almoster\/?p=3532"},"modified":"2023-11-27T09:34:29","modified_gmt":"2023-11-27T08:34:29","slug":"santa-cecilia","status":"publish","type":"post","link":"https:\/\/agora.xtec.cat\/esc-almoster\/esp\/musc\/santa-cecilia\/","title":{"rendered":"Santa Cec\u00edlia"},"content":{"rendered":"<p style=\"text-align: center;\"><img loading=\"lazy\" decoding=\"async\" class=\"wp-image-3533 alignnone alignright\" src=\"https:\/\/agora.xtec.cat\/esc-almoster\/wp-content\/uploads\/usu1705\/2023\/11\/WhatsApp-Image-2023-11-22-at-16.15.53-1024x768.jpeg\" alt=\"\" width=\"578\" height=\"433\" srcset=\"https:\/\/agora.xtec.cat\/esc-almoster\/wp-content\/uploads\/usu1705\/2023\/11\/WhatsApp-Image-2023-11-22-at-16.15.53-1024x768.jpeg 1024w, https:\/\/agora.xtec.cat\/esc-almoster\/wp-content\/uploads\/usu1705\/2023\/11\/WhatsApp-Image-2023-11-22-at-16.15.53-300x225.jpeg 300w, https:\/\/agora.xtec.cat\/esc-almoster\/wp-content\/uploads\/usu1705\/2023\/11\/WhatsApp-Image-2023-11-22-at-16.15.53-768x576.jpeg 768w, https:\/\/agora.xtec.cat\/esc-almoster\/wp-content\/uploads\/usu1705\/2023\/11\/WhatsApp-Image-2023-11-22-at-16.15.53-1536x1152.jpeg 1536w, https:\/\/agora.xtec.cat\/esc-almoster\/wp-content\/uploads\/usu1705\/2023\/11\/WhatsApp-Image-2023-11-22-at-16.15.53-200x150.jpeg 200w, https:\/\/agora.xtec.cat\/esc-almoster\/wp-content\/uploads\/usu1705\/2023\/11\/WhatsApp-Image-2023-11-22-at-16.15.53.jpeg 2000w\" sizes=\"auto, (max-width: 578px) 100vw, 578px\" \/>El 22 de novembre del 2023, ens vam trobar tota l&#8217;escola al pati del davant per poder celebrar la festa de la m\u00fasica.<\/p>\n<p style=\"text-align: center;\">Enguany, la Rocio, mestra d&#8217;Almoster, ha acompanyat amb el <strong>tromb\u00f3<\/strong> a les nenes i nens de 6\u00e8 mentre han tocat, amb la flauta, &#8220;Al jard\u00ed&#8221; i &#8220;Volta cap aqu\u00ed&#8221; i, a tots i totes, quan hem cantat &#8220;Quinze s\u00f3n quinze&#8221; i &#8220;Pedra, pedreta&#8221;.<\/p>\n<p style=\"text-align: center;\">Cicle mitj\u00e0 i cicle superior han cantat dos c\u00e0nons: &#8220;3 i 3&#8221; i &#8220;Jolik\u00e0&#8221;. Els m\u00e9s petits han ballat i cantat &#8220;Volta cap aqu\u00ed&#8221;.<\/p>\n<p style=\"text-align: center;\">Felicitats!<\/p>\n","protected":false},"excerpt":{"rendered":"<p>El 22 de novembre del 2023, ens vam trobar tota l&#8217;escola al pati del davant per poder celebrar la festa de la m\u00fasica.<br \/>\nEnguany, la Rocio, mestra d&#8217;Almoster, ha acompanyat amb el tromb\u00f3 a les nenes i nens de 6\u00e8 mentre han tocat, amb la flauta,&hellip;  <a href=\"https:\/\/agora.xtec.cat\/esc-almoster\/esp\/musc\/santa-cecilia\/\" title=\"Read Santa Cec\u00edlia\">Llegeix m\u00e9s\u00bb<\/a><\/p>\n","protected":false},"author":14,"featured_media":0,"comment_status":"open","ping_status":"closed","sticky":false,"template":"","format":"standard","meta":{"_bbp_topic_count":0,"_bbp_reply_count":0,"_bbp_total_topic_count":0,"_bbp_total_reply_count":0,"_bbp_voice_count":0,"_bbp_anonymous_reply_count":0,"_bbp_topic_count_hidden":0,"_bbp_reply_count_hidden":0,"_bbp_forum_subforum_count":0,"footnotes":""},"categories":[84],"tags":[],"class_list":["post-3532","post","type-post","status-publish","format-standard","hentry","category-musc"],"post_mailing_queue_ids":[],"_links":{"self":[{"href":"https:\/\/agora.xtec.cat\/esc-almoster\/wp-json\/wp\/v2\/posts\/3532","targetHints":{"allow":["GET"]}}],"collection":[{"href":"https:\/\/agora.xtec.cat\/esc-almoster\/wp-json\/wp\/v2\/posts"}],"about":[{"href":"https:\/\/agora.xtec.cat\/esc-almoster\/wp-json\/wp\/v2\/types\/post"}],"author":[{"embeddable":true,"href":"https:\/\/agora.xtec.cat\/esc-almoster\/wp-json\/wp\/v2\/users\/14"}],"replies":[{"embeddable":true,"href":"https:\/\/agora.xtec.cat\/esc-almoster\/wp-json\/wp\/v2\/comments?post=3532"}],"version-history":[{"count":2,"href":"https:\/\/agora.xtec.cat\/esc-almoster\/wp-json\/wp\/v2\/posts\/3532\/revisions"}],"predecessor-version":[{"id":3535,"href":"https:\/\/agora.xtec.cat\/esc-almoster\/wp-json\/wp\/v2\/posts\/3532\/revisions\/3535"}],"wp:attachment":[{"href":"https:\/\/agora.xtec.cat\/esc-almoster\/wp-json\/wp\/v2\/media?parent=3532"}],"wp:term":[{"taxonomy":"category","embeddable":true,"href":"https:\/\/agora.xtec.cat\/esc-almoster\/wp-json\/wp\/v2\/categories?post=3532"},{"taxonomy":"post_tag","embeddable":true,"href":"https:\/\/agora.xtec.cat\/esc-almoster\/wp-json\/wp\/v2\/tags?post=3532"}],"curies":[{"name":"wp","href":"https:\/\/api.w.org\/{rel}","templated":true}]}}