{"id":2676,"date":"2022-04-07T16:09:44","date_gmt":"2022-04-07T14:09:44","guid":{"rendered":"https:\/\/agora.xtec.cat\/esc-almoster\/?p=2676"},"modified":"2022-11-09T10:43:48","modified_gmt":"2022-11-09T09:43:48","slug":"sortida-tarragona-romana","status":"publish","type":"post","link":"https:\/\/agora.xtec.cat\/esc-almoster\/pri\/cinque\/sortida-tarragona-romana\/","title":{"rendered":"SORTIDA TARRAGONA ROMANA"},"content":{"rendered":"<p style=\"text-align: left;\">El divendres passat, Cicle Superior vam anar a veure la Tarragona Romana. Vam poder visitar la muralla, el circ, i l&#8217;amfiteatre. Vam poder descobrir espais hist\u00f2rics i com eren antigament. Despr\u00e9s vam anar al Pont del Diable i all\u00ed vam dinar. <a href=\"https:\/\/agora.xtec.cat\/esc-almoster\/wp-content\/uploads\/usu1705\/2022\/04\/tarraco-romana-min.png\"><img loading=\"lazy\" decoding=\"async\" class=\"wp-image-2677 aligncenter\" src=\"https:\/\/agora.xtec.cat\/esc-almoster\/wp-content\/uploads\/usu1705\/2022\/04\/tarraco-romana-min-724x1024.png\" alt=\"\" width=\"643\" height=\"909\" srcset=\"https:\/\/agora.xtec.cat\/esc-almoster\/wp-content\/uploads\/usu1705\/2022\/04\/tarraco-romana-min-724x1024.png 724w, https:\/\/agora.xtec.cat\/esc-almoster\/wp-content\/uploads\/usu1705\/2022\/04\/tarraco-romana-min-212x300.png 212w, https:\/\/agora.xtec.cat\/esc-almoster\/wp-content\/uploads\/usu1705\/2022\/04\/tarraco-romana-min-768x1086.png 768w, https:\/\/agora.xtec.cat\/esc-almoster\/wp-content\/uploads\/usu1705\/2022\/04\/tarraco-romana-min-1086x1536.png 1086w, https:\/\/agora.xtec.cat\/esc-almoster\/wp-content\/uploads\/usu1705\/2022\/04\/tarraco-romana-min.png 1414w\" sizes=\"auto, (max-width: 643px) 100vw, 643px\" \/><\/a><\/p>\n<p>&nbsp;<\/p>\n","protected":false},"excerpt":{"rendered":"<p>El divendres passat, Cicle Superior vam anar a veure la Tarragona Romana. Vam poder visitar la muralla, el circ, i l&#8217;amfiteatre. Vam poder descobrir espais hist\u00f2rics i com eren antigament. Despr\u00e9s vam anar al Pont del Diable i all\u00ed vam dinar. <a href=\"https:\/\/agora.xtec.cat\/esc-almoster\/wp-content\/uploads\/usu1705\/2022\/04\/tarraco-romana-min.png\"><\/a><br \/>\n&nbsp;<\/p>\n","protected":false},"author":1,"featured_media":0,"comment_status":"open","ping_status":"closed","sticky":false,"template":"","format":"standard","meta":{"_bbp_topic_count":0,"_bbp_reply_count":0,"_bbp_total_topic_count":0,"_bbp_total_reply_count":0,"_bbp_voice_count":0,"_bbp_anonymous_reply_count":0,"_bbp_topic_count_hidden":0,"_bbp_reply_count_hidden":0,"_bbp_forum_subforum_count":0,"footnotes":""},"categories":[74,75,79],"tags":[],"class_list":["post-2676","post","type-post","status-publish","format-standard","hentry","category-cinque","category-sise","category-cs"],"post_mailing_queue_ids":[],"_links":{"self":[{"href":"https:\/\/agora.xtec.cat\/esc-almoster\/wp-json\/wp\/v2\/posts\/2676","targetHints":{"allow":["GET"]}}],"collection":[{"href":"https:\/\/agora.xtec.cat\/esc-almoster\/wp-json\/wp\/v2\/posts"}],"about":[{"href":"https:\/\/agora.xtec.cat\/esc-almoster\/wp-json\/wp\/v2\/types\/post"}],"author":[{"embeddable":true,"href":"https:\/\/agora.xtec.cat\/esc-almoster\/wp-json\/wp\/v2\/users\/1"}],"replies":[{"embeddable":true,"href":"https:\/\/agora.xtec.cat\/esc-almoster\/wp-json\/wp\/v2\/comments?post=2676"}],"version-history":[{"count":3,"href":"https:\/\/agora.xtec.cat\/esc-almoster\/wp-json\/wp\/v2\/posts\/2676\/revisions"}],"predecessor-version":[{"id":2680,"href":"https:\/\/agora.xtec.cat\/esc-almoster\/wp-json\/wp\/v2\/posts\/2676\/revisions\/2680"}],"wp:attachment":[{"href":"https:\/\/agora.xtec.cat\/esc-almoster\/wp-json\/wp\/v2\/media?parent=2676"}],"wp:term":[{"taxonomy":"category","embeddable":true,"href":"https:\/\/agora.xtec.cat\/esc-almoster\/wp-json\/wp\/v2\/categories?post=2676"},{"taxonomy":"post_tag","embeddable":true,"href":"https:\/\/agora.xtec.cat\/esc-almoster\/wp-json\/wp\/v2\/tags?post=2676"}],"curies":[{"name":"wp","href":"https:\/\/api.w.org\/{rel}","templated":true}]}}