{"id":2100,"date":"2021-11-15T16:40:04","date_gmt":"2021-11-15T15:40:04","guid":{"rendered":"https:\/\/agora.xtec.cat\/esc-almoster\/?p=2100"},"modified":"2021-11-19T10:20:50","modified_gmt":"2021-11-19T09:20:50","slug":"treballem-la-nutricio","status":"publish","type":"post","link":"https:\/\/agora.xtec.cat\/esc-almoster\/pri\/tercer\/treballem-la-nutricio\/","title":{"rendered":"TREBALLEM LA NUTRICI\u00d3"},"content":{"rendered":"<div class=\"gmail_default\"><\/div>\n<div class=\"gmail_default\">\n<div id=\":13t\" class=\"ii gt\">\n<div id=\":13s\" class=\"a3s aiL \">\n<div dir=\"auto\">La darrera setmana els alumnes de 3r vam treballar la funci\u00f3 de nutrici\u00f3 a l&#8217;\u00e0rea de Medi. L&#8217;alumnat va treballar amb plastelina les diferents parts dels aparells treballats.<\/div>\n<\/div>\n<\/div>\n<\/div>\n<div class=\"yj6qo\"><\/div>\n<div><\/div>\n<div class=\"gmail_default\">\n<div id=\":14z\" class=\"hq gt a10\"><a href=\"https:\/\/agora.xtec.cat\/esc-almoster\/wp-content\/uploads\/usu1705\/2021\/11\/20211115_154320-scaled.jpg\"><img loading=\"lazy\" decoding=\"async\" class=\"alignnone  wp-image-2101\" src=\"https:\/\/agora.xtec.cat\/esc-almoster\/wp-content\/uploads\/usu1705\/2021\/11\/20211115_154320-1024x1024.jpg\" alt=\"\" width=\"743\" height=\"743\" srcset=\"https:\/\/agora.xtec.cat\/esc-almoster\/wp-content\/uploads\/usu1705\/2021\/11\/20211115_154320-1024x1024.jpg 1024w, https:\/\/agora.xtec.cat\/esc-almoster\/wp-content\/uploads\/usu1705\/2021\/11\/20211115_154320-300x300.jpg 300w, https:\/\/agora.xtec.cat\/esc-almoster\/wp-content\/uploads\/usu1705\/2021\/11\/20211115_154320-150x150.jpg 150w, https:\/\/agora.xtec.cat\/esc-almoster\/wp-content\/uploads\/usu1705\/2021\/11\/20211115_154320-768x768.jpg 768w, https:\/\/agora.xtec.cat\/esc-almoster\/wp-content\/uploads\/usu1705\/2021\/11\/20211115_154320-1536x1536.jpg 1536w, https:\/\/agora.xtec.cat\/esc-almoster\/wp-content\/uploads\/usu1705\/2021\/11\/20211115_154320-2048x2048.jpg 2048w\" sizes=\"auto, (max-width: 743px) 100vw, 743px\" \/><\/a><\/div>\n<\/div>\n<div class=\"gmail_default\"><\/div>\n","protected":false},"excerpt":{"rendered":"<p>La darrera setmana els alumnes de 3r vam treballar la funci\u00f3 de nutrici\u00f3 a l&#8217;\u00e0rea de Medi. L&#8217;alumnat va treballar amb plastelina les diferents parts dels aparells treballats.<\/p>\n<p><a href=\"https:\/\/agora.xtec.cat\/esc-almoster\/wp-content\/uploads\/usu1705\/2021\/11\/20211115_154320-scaled.jpg\"><\/a><\/p>\n","protected":false},"author":1,"featured_media":0,"comment_status":"open","ping_status":"closed","sticky":false,"template":"","format":"standard","meta":{"_bbp_topic_count":0,"_bbp_reply_count":0,"_bbp_total_topic_count":0,"_bbp_total_reply_count":0,"_bbp_voice_count":0,"_bbp_anonymous_reply_count":0,"_bbp_topic_count_hidden":0,"_bbp_reply_count_hidden":0,"_bbp_forum_subforum_count":0,"footnotes":""},"categories":[72],"tags":[],"class_list":["post-2100","post","type-post","status-publish","format-standard","hentry","category-tercer"],"post_mailing_queue_ids":[],"_links":{"self":[{"href":"https:\/\/agora.xtec.cat\/esc-almoster\/wp-json\/wp\/v2\/posts\/2100","targetHints":{"allow":["GET"]}}],"collection":[{"href":"https:\/\/agora.xtec.cat\/esc-almoster\/wp-json\/wp\/v2\/posts"}],"about":[{"href":"https:\/\/agora.xtec.cat\/esc-almoster\/wp-json\/wp\/v2\/types\/post"}],"author":[{"embeddable":true,"href":"https:\/\/agora.xtec.cat\/esc-almoster\/wp-json\/wp\/v2\/users\/1"}],"replies":[{"embeddable":true,"href":"https:\/\/agora.xtec.cat\/esc-almoster\/wp-json\/wp\/v2\/comments?post=2100"}],"version-history":[{"count":3,"href":"https:\/\/agora.xtec.cat\/esc-almoster\/wp-json\/wp\/v2\/posts\/2100\/revisions"}],"predecessor-version":[{"id":2116,"href":"https:\/\/agora.xtec.cat\/esc-almoster\/wp-json\/wp\/v2\/posts\/2100\/revisions\/2116"}],"wp:attachment":[{"href":"https:\/\/agora.xtec.cat\/esc-almoster\/wp-json\/wp\/v2\/media?parent=2100"}],"wp:term":[{"taxonomy":"category","embeddable":true,"href":"https:\/\/agora.xtec.cat\/esc-almoster\/wp-json\/wp\/v2\/categories?post=2100"},{"taxonomy":"post_tag","embeddable":true,"href":"https:\/\/agora.xtec.cat\/esc-almoster\/wp-json\/wp\/v2\/tags?post=2100"}],"curies":[{"name":"wp","href":"https:\/\/api.w.org\/{rel}","templated":true}]}}