{"id":3161,"date":"2026-04-27T20:27:40","date_gmt":"2026-04-27T18:27:40","guid":{"rendered":"https:\/\/agora.xtec.cat\/ernestlluchhospitalet\/?p=3161"},"modified":"2026-04-27T20:32:39","modified_gmt":"2026-04-27T18:32:39","slug":"us-presentem-a-lernestina","status":"publish","type":"post","link":"https:\/\/agora.xtec.cat\/ernestlluchhospitalet\/portada\/us-presentem-a-lernestina\/","title":{"rendered":"US PRESENTEM L&#8217;ERNESTINA"},"content":{"rendered":"\n<p>Per fi hem finalitzat el proc\u00e9s participatiu de tota la comunitat educativa i hem pogut presentar la nostra geganta, que finalment es diu ERNESTINA.  Divendres 24 d&#8217;abril vam fer la presentaci\u00f3 oficial i per aix\u00f2 vam convidar les fam\u00edlies i diferents personalitats, donat que va ser un moment molt important per nosaltres. Aquesta geganta ens identificar\u00e0 com a comunitat i com a barri de la Torrassa i ser\u00e0 un  s\u00edmbol de cohesi\u00f3 social i arrelament cultural en el marc de la cultura popular catalana<strong>.<\/strong> I com no podia ser d&#8217;una altra manera, un cop presentada i desvetllat el nom, vam ballar una sardana.  Per la tarda, i dintre del festival de m\u00fasics de carrer \u00d2PAL&#8217;HA l&#8217;Ernest Lluch Brass Band ens va oferir una gran actuaci\u00f3 acompanyats de l&#8217;Ernestina.<\/p>\n\n\n\n<div class=\"wp-block-getwid-images-slider has-arrows-inside has-dots-inside has-images-center has-cropped-images\"><div class=\"wp-block-getwid-images-slider__wrapper\" data-effect=\"slide\" data-slides-show=\"1\" data-slides-show-laptop=\"1\" data-slides-show-tablet=\"1\" data-slides-show-mobile=\"1\" data-slides-scroll=\"1\" data-autoplay=\"false\" data-pause-hover=\"false\" data-autoplay-speed=\"6000\" data-infinite=\"true\" data-animation-speed=\"800\" data-center-mode=\"false\" data-variable-width=\"false\" data-arrows=\"inside\" data-dots=\"inside\" data-spacing=\"none\"><div class=\"wp-block-getwid-images-slider__item\"><figure><img loading=\"lazy\" decoding=\"async\" width=\"765\" height=\"685\" src=\"https:\/\/agora.xtec.cat\/ernestlluchhospitalet\/wp-content\/uploads\/usu538\/2026\/04\/IMG-20260424-WA0020-e1777314587989.jpg\" alt=\"Ja tenim aqu\u00ed la nostra geganta!\" data-id=\"3162\" data-link=\"https:\/\/agora.xtec.cat\/ernestlluchhospitalet\/portada\/us-presentem-a-lernestina\/attachment\/img-20260424-wa0020\/\" data-original-link=\"https:\/\/agora.xtec.cat\/ernestlluchhospitalet\/wp-content\/uploads\/usu538\/2026\/04\/IMG-20260424-WA0020-e1777314587989.jpg\" class=\"wp-block-getwid-images-slider__image wp-image-3162\" srcset=\"https:\/\/agora.xtec.cat\/ernestlluchhospitalet\/wp-content\/uploads\/usu538\/2026\/04\/IMG-20260424-WA0020-e1777314587989.jpg 765w, https:\/\/agora.xtec.cat\/ernestlluchhospitalet\/wp-content\/uploads\/usu538\/2026\/04\/IMG-20260424-WA0020-e1777314587989-300x269.jpg 300w\" sizes=\"auto, (max-width: 765px) 100vw, 765px\" \/><\/figure><\/div><div class=\"wp-block-getwid-images-slider__item\"><figure><img loading=\"lazy\" decoding=\"async\" width=\"1500\" height=\"2000\" src=\"https:\/\/agora.xtec.cat\/ernestlluchhospitalet\/wp-content\/uploads\/usu538\/2026\/04\/20260424_112624-rotated.jpg\" data-id=\"3166\" data-link=\"https:\/\/agora.xtec.cat\/ernestlluchhospitalet\/portada\/us-presentem-a-lernestina\/attachment\/20260424_112624\/\" data-original-link=\"https:\/\/agora.xtec.cat\/ernestlluchhospitalet\/wp-content\/uploads\/usu538\/2026\/04\/20260424_112624-rotated.jpg\" class=\"wp-block-getwid-images-slider__image wp-image-3166\" srcset=\"https:\/\/agora.xtec.cat\/ernestlluchhospitalet\/wp-content\/uploads\/usu538\/2026\/04\/20260424_112624-rotated.jpg 1500w, https:\/\/agora.xtec.cat\/ernestlluchhospitalet\/wp-content\/uploads\/usu538\/2026\/04\/20260424_112624-225x300.jpg 225w, https:\/\/agora.xtec.cat\/ernestlluchhospitalet\/wp-content\/uploads\/usu538\/2026\/04\/20260424_112624-768x1024.jpg 768w, https:\/\/agora.xtec.cat\/ernestlluchhospitalet\/wp-content\/uploads\/usu538\/2026\/04\/20260424_112624-1152x1536.jpg 1152w\" sizes=\"auto, (max-width: 1500px) 100vw, 1500px\" \/><\/figure><\/div><div class=\"wp-block-getwid-images-slider__item\"><figure><img loading=\"lazy\" decoding=\"async\" width=\"1500\" height=\"2000\" src=\"https:\/\/agora.xtec.cat\/ernestlluchhospitalet\/wp-content\/uploads\/usu538\/2026\/04\/20260424_110430-rotated.jpg\" data-id=\"3165\" data-link=\"https:\/\/agora.xtec.cat\/ernestlluchhospitalet\/portada\/us-presentem-a-lernestina\/attachment\/20260424_110430\/\" data-original-link=\"https:\/\/agora.xtec.cat\/ernestlluchhospitalet\/wp-content\/uploads\/usu538\/2026\/04\/20260424_110430-rotated.jpg\" class=\"wp-block-getwid-images-slider__image wp-image-3165\" srcset=\"https:\/\/agora.xtec.cat\/ernestlluchhospitalet\/wp-content\/uploads\/usu538\/2026\/04\/20260424_110430-rotated.jpg 1500w, https:\/\/agora.xtec.cat\/ernestlluchhospitalet\/wp-content\/uploads\/usu538\/2026\/04\/20260424_110430-225x300.jpg 225w, https:\/\/agora.xtec.cat\/ernestlluchhospitalet\/wp-content\/uploads\/usu538\/2026\/04\/20260424_110430-768x1024.jpg 768w, https:\/\/agora.xtec.cat\/ernestlluchhospitalet\/wp-content\/uploads\/usu538\/2026\/04\/20260424_110430-1152x1536.jpg 1152w\" sizes=\"auto, (max-width: 1500px) 100vw, 1500px\" \/><\/figure><\/div><div class=\"wp-block-getwid-images-slider__item\"><figure><img loading=\"lazy\" decoding=\"async\" width=\"1500\" height=\"2000\" src=\"https:\/\/agora.xtec.cat\/ernestlluchhospitalet\/wp-content\/uploads\/usu538\/2026\/04\/20260424_112050-rotated.jpg\" data-id=\"3164\" data-link=\"https:\/\/agora.xtec.cat\/ernestlluchhospitalet\/portada\/us-presentem-a-lernestina\/attachment\/20260424_112050\/\" data-original-link=\"https:\/\/agora.xtec.cat\/ernestlluchhospitalet\/wp-content\/uploads\/usu538\/2026\/04\/20260424_112050-rotated.jpg\" class=\"wp-block-getwid-images-slider__image wp-image-3164\" srcset=\"https:\/\/agora.xtec.cat\/ernestlluchhospitalet\/wp-content\/uploads\/usu538\/2026\/04\/20260424_112050-rotated.jpg 1500w, https:\/\/agora.xtec.cat\/ernestlluchhospitalet\/wp-content\/uploads\/usu538\/2026\/04\/20260424_112050-225x300.jpg 225w, https:\/\/agora.xtec.cat\/ernestlluchhospitalet\/wp-content\/uploads\/usu538\/2026\/04\/20260424_112050-768x1024.jpg 768w, https:\/\/agora.xtec.cat\/ernestlluchhospitalet\/wp-content\/uploads\/usu538\/2026\/04\/20260424_112050-1152x1536.jpg 1152w\" sizes=\"auto, (max-width: 1500px) 100vw, 1500px\" \/><\/figure><\/div><div class=\"wp-block-getwid-images-slider__item\"><figure><img loading=\"lazy\" decoding=\"async\" width=\"918\" height=\"689\" src=\"https:\/\/agora.xtec.cat\/ernestlluchhospitalet\/wp-content\/uploads\/usu538\/2026\/04\/IMG-20260424-WA0016.jpg\" data-id=\"3163\" data-link=\"https:\/\/agora.xtec.cat\/ernestlluchhospitalet\/portada\/us-presentem-a-lernestina\/attachment\/img-20260424-wa0016\/\" data-original-link=\"https:\/\/agora.xtec.cat\/ernestlluchhospitalet\/wp-content\/uploads\/usu538\/2026\/04\/IMG-20260424-WA0016.jpg\" class=\"wp-block-getwid-images-slider__image wp-image-3163\" srcset=\"https:\/\/agora.xtec.cat\/ernestlluchhospitalet\/wp-content\/uploads\/usu538\/2026\/04\/IMG-20260424-WA0016.jpg 918w, https:\/\/agora.xtec.cat\/ernestlluchhospitalet\/wp-content\/uploads\/usu538\/2026\/04\/IMG-20260424-WA0016-300x225.jpg 300w, https:\/\/agora.xtec.cat\/ernestlluchhospitalet\/wp-content\/uploads\/usu538\/2026\/04\/IMG-20260424-WA0016-768x576.jpg 768w\" sizes=\"auto, (max-width: 918px) 100vw, 918px\" \/><\/figure><\/div><\/div><\/div>\n","protected":false},"excerpt":{"rendered":"<p>Per fi hem finalitzat el proc\u00e9s participatiu de tota la comunitat educativa i hem pogut presentar la nostra geganta, que [&hellip;]<\/p>\n","protected":false},"author":1,"featured_media":3162,"comment_status":"open","ping_status":"open","sticky":false,"template":"","format":"standard","meta":{"_bbp_topic_count":0,"_bbp_reply_count":0,"_bbp_total_topic_count":0,"_bbp_total_reply_count":0,"_bbp_voice_count":0,"_bbp_anonymous_reply_count":0,"_bbp_topic_count_hidden":0,"_bbp_reply_count_hidden":0,"_bbp_forum_subforum_count":0,"site-sidebar-layout":"default","site-content-layout":"","ast-site-content-layout":"default","site-content-style":"default","site-sidebar-style":"default","ast-global-header-display":"","ast-banner-title-visibility":"","ast-main-header-display":"","ast-hfb-above-header-display":"","ast-hfb-below-header-display":"","ast-hfb-mobile-header-display":"","site-post-title":"","ast-breadcrumbs-content":"","ast-featured-img":"","footer-sml-layout":"","theme-transparent-header-meta":"","adv-header-id-meta":"","stick-header-meta":"","header-above-stick-meta":"","header-main-stick-meta":"","header-below-stick-meta":"","astra-migrate-meta-layouts":"set","ast-page-background-enabled":"default","ast-page-background-meta":{"desktop":{"background-color":"var(--ast-global-color-4)","background-image":"","background-repeat":"repeat","background-position":"center center","background-size":"auto","background-attachment":"scroll","background-type":"","background-media":"","overlay-type":"","overlay-color":"","overlay-opacity":"","overlay-gradient":""},"tablet":{"background-color":"","background-image":"","background-repeat":"repeat","background-position":"center center","background-size":"auto","background-attachment":"scroll","background-type":"","background-media":"","overlay-type":"","overlay-color":"","overlay-opacity":"","overlay-gradient":""},"mobile":{"background-color":"","background-image":"","background-repeat":"repeat","background-position":"center center","background-size":"auto","background-attachment":"scroll","background-type":"","background-media":"","overlay-type":"","overlay-color":"","overlay-opacity":"","overlay-gradient":""}},"ast-content-background-meta":{"desktop":{"background-color":"var(--ast-global-color-5)","background-image":"","background-repeat":"repeat","background-position":"center center","background-size":"auto","background-attachment":"scroll","background-type":"","background-media":"","overlay-type":"","overlay-color":"","overlay-opacity":"","overlay-gradient":""},"tablet":{"background-color":"var(--ast-global-color-5)","background-image":"","background-repeat":"repeat","background-position":"center center","background-size":"auto","background-attachment":"scroll","background-type":"","background-media":"","overlay-type":"","overlay-color":"","overlay-opacity":"","overlay-gradient":""},"mobile":{"background-color":"var(--ast-global-color-5)","background-image":"","background-repeat":"repeat","background-position":"center center","background-size":"auto","background-attachment":"scroll","background-type":"","background-media":"","overlay-type":"","overlay-color":"","overlay-opacity":"","overlay-gradient":""}},"footnotes":""},"categories":[118,117,116,4],"tags":[79],"class_list":["post-3161","post","type-post","status-publish","format-standard","has-post-thumbnail","hentry","category-grans","category-mitjans","category-petits","category-portada","tag-escola"],"post_mailing_queue_ids":[],"_links":{"self":[{"href":"https:\/\/agora.xtec.cat\/ernestlluchhospitalet\/wp-json\/wp\/v2\/posts\/3161","targetHints":{"allow":["GET"]}}],"collection":[{"href":"https:\/\/agora.xtec.cat\/ernestlluchhospitalet\/wp-json\/wp\/v2\/posts"}],"about":[{"href":"https:\/\/agora.xtec.cat\/ernestlluchhospitalet\/wp-json\/wp\/v2\/types\/post"}],"author":[{"embeddable":true,"href":"https:\/\/agora.xtec.cat\/ernestlluchhospitalet\/wp-json\/wp\/v2\/users\/1"}],"replies":[{"embeddable":true,"href":"https:\/\/agora.xtec.cat\/ernestlluchhospitalet\/wp-json\/wp\/v2\/comments?post=3161"}],"version-history":[{"count":4,"href":"https:\/\/agora.xtec.cat\/ernestlluchhospitalet\/wp-json\/wp\/v2\/posts\/3161\/revisions"}],"predecessor-version":[{"id":3172,"href":"https:\/\/agora.xtec.cat\/ernestlluchhospitalet\/wp-json\/wp\/v2\/posts\/3161\/revisions\/3172"}],"wp:featuredmedia":[{"embeddable":true,"href":"https:\/\/agora.xtec.cat\/ernestlluchhospitalet\/wp-json\/wp\/v2\/media\/3162"}],"wp:attachment":[{"href":"https:\/\/agora.xtec.cat\/ernestlluchhospitalet\/wp-json\/wp\/v2\/media?parent=3161"}],"wp:term":[{"taxonomy":"category","embeddable":true,"href":"https:\/\/agora.xtec.cat\/ernestlluchhospitalet\/wp-json\/wp\/v2\/categories?post=3161"},{"taxonomy":"post_tag","embeddable":true,"href":"https:\/\/agora.xtec.cat\/ernestlluchhospitalet\/wp-json\/wp\/v2\/tags?post=3161"}],"curies":[{"name":"wp","href":"https:\/\/api.w.org\/{rel}","templated":true}]}}