{"id":2489,"date":"2023-03-16T13:43:14","date_gmt":"2023-03-16T12:43:14","guid":{"rendered":"https:\/\/agora.xtec.cat\/ernestlluchhospitalet\/?p=2489"},"modified":"2023-03-16T13:45:05","modified_gmt":"2023-03-16T12:45:05","slug":"els-ambients-verticals-al-programa-aula-lh","status":"publish","type":"post","link":"https:\/\/agora.xtec.cat\/ernestlluchhospitalet\/portada\/els-ambients-verticals-al-programa-aula-lh\/","title":{"rendered":"ELS AMBIENTS VERTICALS AL PROGRAMA AULA L&#8217;H"},"content":{"rendered":"<p>El passat dimecres 15 de mar\u00e7 el programa Aula L&#8217;H va presentar un reportatge sobre els ambients verticals a la nostra escola. Com molt b\u00e9 expliquen l&#8217;Estefhany i el Marc, s\u00f3n un moment de la setmana, els divendres per la tarda, en qu\u00e8 els infants des d&#8217;EI4 fins a 6\u00e8 circulen per l&#8217;escola i es barregen per gaudir de l&#8217;ambient que han triat. Si voleu veure el reportatge cliqueu l&#8217;enlla\u00e7 a la foto. (min. 33&#8217;50)<\/p>\n<p><a href=\"https:\/\/lhdigital.cat\/web\/digital-h\/televisio\/veure-video\/-\/journal_content\/56_INSTANCE_ZrP3\/11023\/15143634#.ZBMNoi8XOL8.link\" target=\"_blank\" rel=\"noopener\"><img loading=\"lazy\" decoding=\"async\" class=\"aligncenter wp-image-2490 size-large\" src=\"https:\/\/agora.xtec.cat\/ernestlluchhospitalet\/wp-content\/uploads\/usu538\/2023\/03\/Screenshot_2023-03-15-20-44-07-795_com.android.chrome-1024x473.jpg\" alt=\"\" width=\"1024\" height=\"473\" srcset=\"https:\/\/agora.xtec.cat\/ernestlluchhospitalet\/wp-content\/uploads\/usu538\/2023\/03\/Screenshot_2023-03-15-20-44-07-795_com.android.chrome-1024x473.jpg 1024w, https:\/\/agora.xtec.cat\/ernestlluchhospitalet\/wp-content\/uploads\/usu538\/2023\/03\/Screenshot_2023-03-15-20-44-07-795_com.android.chrome-300x138.jpg 300w, https:\/\/agora.xtec.cat\/ernestlluchhospitalet\/wp-content\/uploads\/usu538\/2023\/03\/Screenshot_2023-03-15-20-44-07-795_com.android.chrome-768x354.jpg 768w, https:\/\/agora.xtec.cat\/ernestlluchhospitalet\/wp-content\/uploads\/usu538\/2023\/03\/Screenshot_2023-03-15-20-44-07-795_com.android.chrome-1536x709.jpg 1536w, https:\/\/agora.xtec.cat\/ernestlluchhospitalet\/wp-content\/uploads\/usu538\/2023\/03\/Screenshot_2023-03-15-20-44-07-795_com.android.chrome-2048x945.jpg 2048w\" sizes=\"auto, (max-width: 1024px) 100vw, 1024px\" \/><\/a><\/p>\n","protected":false},"excerpt":{"rendered":"<p>El passat dimecres 15 de mar\u00e7 el programa Aula L&#8217;H va presentar un reportatge sobre els ambients verticals a la [&hellip;]<\/p>\n","protected":false},"author":1,"featured_media":0,"comment_status":"open","ping_status":"closed","sticky":false,"template":"","format":"standard","meta":{"_bbp_topic_count":0,"_bbp_reply_count":0,"_bbp_total_topic_count":0,"_bbp_total_reply_count":0,"_bbp_voice_count":0,"_bbp_anonymous_reply_count":0,"_bbp_topic_count_hidden":0,"_bbp_reply_count_hidden":0,"_bbp_forum_subforum_count":0,"site-sidebar-layout":"default","site-content-layout":"","ast-site-content-layout":"","site-content-style":"default","site-sidebar-style":"default","ast-global-header-display":"","ast-banner-title-visibility":"","ast-main-header-display":"","ast-hfb-above-header-display":"","ast-hfb-below-header-display":"","ast-hfb-mobile-header-display":"","site-post-title":"","ast-breadcrumbs-content":"","ast-featured-img":"","footer-sml-layout":"","theme-transparent-header-meta":"","adv-header-id-meta":"","stick-header-meta":"","header-above-stick-meta":"","header-main-stick-meta":"","header-below-stick-meta":"","astra-migrate-meta-layouts":"default","ast-page-background-enabled":"default","ast-page-background-meta":{"desktop":{"background-color":"var(--ast-global-color-4)","background-image":"","background-repeat":"repeat","background-position":"center center","background-size":"auto","background-attachment":"scroll","background-type":"","background-media":"","overlay-type":"","overlay-color":"","overlay-opacity":"","overlay-gradient":""},"tablet":{"background-color":"","background-image":"","background-repeat":"repeat","background-position":"center center","background-size":"auto","background-attachment":"scroll","background-type":"","background-media":"","overlay-type":"","overlay-color":"","overlay-opacity":"","overlay-gradient":""},"mobile":{"background-color":"","background-image":"","background-repeat":"repeat","background-position":"center center","background-size":"auto","background-attachment":"scroll","background-type":"","background-media":"","overlay-type":"","overlay-color":"","overlay-opacity":"","overlay-gradient":""}},"ast-content-background-meta":{"desktop":{"background-color":"var(--ast-global-color-5)","background-image":"","background-repeat":"repeat","background-position":"center center","background-size":"auto","background-attachment":"scroll","background-type":"","background-media":"","overlay-type":"","overlay-color":"","overlay-opacity":"","overlay-gradient":""},"tablet":{"background-color":"var(--ast-global-color-5)","background-image":"","background-repeat":"repeat","background-position":"center center","background-size":"auto","background-attachment":"scroll","background-type":"","background-media":"","overlay-type":"","overlay-color":"","overlay-opacity":"","overlay-gradient":""},"mobile":{"background-color":"var(--ast-global-color-5)","background-image":"","background-repeat":"repeat","background-position":"center center","background-size":"auto","background-attachment":"scroll","background-type":"","background-media":"","overlay-type":"","overlay-color":"","overlay-opacity":"","overlay-gradient":""}},"footnotes":""},"categories":[4],"tags":[130,79],"class_list":["post-2489","post","type-post","status-publish","format-standard","hentry","category-portada","tag-ambients","tag-escola"],"post_mailing_queue_ids":[],"_links":{"self":[{"href":"https:\/\/agora.xtec.cat\/ernestlluchhospitalet\/wp-json\/wp\/v2\/posts\/2489","targetHints":{"allow":["GET"]}}],"collection":[{"href":"https:\/\/agora.xtec.cat\/ernestlluchhospitalet\/wp-json\/wp\/v2\/posts"}],"about":[{"href":"https:\/\/agora.xtec.cat\/ernestlluchhospitalet\/wp-json\/wp\/v2\/types\/post"}],"author":[{"embeddable":true,"href":"https:\/\/agora.xtec.cat\/ernestlluchhospitalet\/wp-json\/wp\/v2\/users\/1"}],"replies":[{"embeddable":true,"href":"https:\/\/agora.xtec.cat\/ernestlluchhospitalet\/wp-json\/wp\/v2\/comments?post=2489"}],"version-history":[{"count":2,"href":"https:\/\/agora.xtec.cat\/ernestlluchhospitalet\/wp-json\/wp\/v2\/posts\/2489\/revisions"}],"predecessor-version":[{"id":2492,"href":"https:\/\/agora.xtec.cat\/ernestlluchhospitalet\/wp-json\/wp\/v2\/posts\/2489\/revisions\/2492"}],"wp:attachment":[{"href":"https:\/\/agora.xtec.cat\/ernestlluchhospitalet\/wp-json\/wp\/v2\/media?parent=2489"}],"wp:term":[{"taxonomy":"category","embeddable":true,"href":"https:\/\/agora.xtec.cat\/ernestlluchhospitalet\/wp-json\/wp\/v2\/categories?post=2489"},{"taxonomy":"post_tag","embeddable":true,"href":"https:\/\/agora.xtec.cat\/ernestlluchhospitalet\/wp-json\/wp\/v2\/tags?post=2489"}],"curies":[{"name":"wp","href":"https:\/\/api.w.org\/{rel}","templated":true}]}}