{"id":2388,"date":"2022-09-02T22:27:57","date_gmt":"2022-09-02T20:27:57","guid":{"rendered":"https:\/\/agora.xtec.cat\/ernestlluchhospitalet\/?p=2388"},"modified":"2022-09-02T22:29:00","modified_gmt":"2022-09-02T20:29:00","slug":"comencem-un-nou-curs-ple-dil-lusio","status":"publish","type":"post","link":"https:\/\/agora.xtec.cat\/ernestlluchhospitalet\/portada\/comencem-un-nou-curs-ple-dil-lusio\/","title":{"rendered":"COMENCEM UN NOU CURS PLE D&#8217;IL.LUSI\u00d3"},"content":{"rendered":"<p><a href=\"https:\/\/agora.xtec.cat\/ernestlluchhospitalet\/wp-content\/uploads\/usu538\/2022\/09\/IMG-20220902-WA0026.jpg\"><img loading=\"lazy\" decoding=\"async\" class=\"aligncenter size-full wp-image-2389\" src=\"https:\/\/agora.xtec.cat\/ernestlluchhospitalet\/wp-content\/uploads\/usu538\/2022\/09\/IMG-20220902-WA0026.jpg\" alt=\"\" width=\"1024\" height=\"768\" srcset=\"https:\/\/agora.xtec.cat\/ernestlluchhospitalet\/wp-content\/uploads\/usu538\/2022\/09\/IMG-20220902-WA0026.jpg 1024w, https:\/\/agora.xtec.cat\/ernestlluchhospitalet\/wp-content\/uploads\/usu538\/2022\/09\/IMG-20220902-WA0026-300x225.jpg 300w, https:\/\/agora.xtec.cat\/ernestlluchhospitalet\/wp-content\/uploads\/usu538\/2022\/09\/IMG-20220902-WA0026-768x576.jpg 768w, https:\/\/agora.xtec.cat\/ernestlluchhospitalet\/wp-content\/uploads\/usu538\/2022\/09\/IMG-20220902-WA0026-200x150.jpg 200w\" sizes=\"auto, (max-width: 1024px) 100vw, 1024px\" \/><\/a><\/p>\n<p>Benvolgudes fam\u00edlies,<\/p>\n<p>El proper <strong>dilluns dia 5<\/strong> comen\u00e7a el nou curs escolar. I aquesta vegada s\u00ed, a la nostra escola del Passatge Colom.<\/p>\n<p>L&#8217;horari d&#8217;entrada \u00e9s el de sempre. Prim\u00e0ria a les 8:30h i Educaci\u00f3 infantil a les 9h. (Aquest any no \u00e9s necessari fer una entrada esgraonada i les fam\u00edlies, com sempre, podreu acompanyar els vostres fills i filles fins la classe durant tot el curs.)<\/p>\n<p>Els nens i nenes de P3 aquesta setmana fan un proc\u00e8s d&#8217;adaptaci\u00f3 i no entren fins les 10:30 h.<\/p>\n<p>El primer dia, el dilluns dia 5, el farem una mica diferent. Us rebrem al pati de l&#8217;escola a tots i totes : nens, nenes i familiars a partir de les 8:30 .<\/p>\n<p>Ens esperarem en el pati fins a les 9h compartint les emocions pr\u00f2pies del retrobament.<\/p>\n<p>I&#8230;, a les 9, comen\u00e7arem un petit acte de benvinguda. (M\u00e9s endavant farem una festa d&#8217;inauguraci\u00f3 a l&#8217;al\u00e7ada de la nostra escola)<\/p>\n<p>Us convidem a acompanyar els vostres fills i filles descobrint tots els espais de l&#8217;escola. Qui no pugui venir al mat\u00ed podr\u00e0 fer la visita a la tarda a partir de les 16:15 h.<\/p>\n<p>Com ja us v\u00e0rem informar al juny,\u00a0 l&#8217;horari del mes de setembre \u00e9s diferent tot seguint les indicacions del Departament d&#8217;Educaci\u00f3:<\/p>\n<ul>\n<li>de 8:30h \/ 9h fins les 13h&#8230; Temps escolar a c\u00e0rrec dels i les mestres.<\/li>\n<li>de 13h a 15h&#8230; Horari de menjador a c\u00e0rrec dels monitors i monitores de menjador.( Voluntari)<\/li>\n<li>de 15h a 16h&#8230; Horari de Lleure educatiu a c\u00e0rrec de monitors\/es de lleure. (Aquesta franja \u00e9s opcional i gratu\u00efta)<\/li>\n<\/ul>\n<p>* Els infants que dinin a casa es poden reincorporar com sempre a les 15h. (\u00c9s imprescindible ser puntuals).<\/p>\n<p>La sortida de tots els nens i nenes es far\u00e0 pel Passatge Colom :<\/p>\n<ul>\n<li>a les 13h. sortiran els infants que no es quedin a menjador (Educaci\u00f3 infnatil i Prim\u00e0ria).<\/li>\n<li>a les 15h. sortiran els que optin per no quedar-se l&#8217;estona de Lleure educatiu.<\/li>\n<li>a les 16h. la resta de nens i nenes. (\u00c9s imprescindible ser puntuals. Els monitors i monitores finalitzen la seva tasca de monitoratge a les 16h.)<\/li>\n<\/ul>\n<p>Us desitgem un bon inici de curs i com sempre estem a la vostra disposici\u00f3 per a qualsevol aclariment.<\/p>\n<h4>ABARAKA<\/h4>\n","protected":false},"excerpt":{"rendered":"<p>Benvolgudes fam\u00edlies, El proper dilluns dia 5 comen\u00e7a el nou curs escolar. I aquesta vegada s\u00ed, a la nostra escola [&hellip;]<\/p>\n","protected":false},"author":1,"featured_media":0,"comment_status":"open","ping_status":"closed","sticky":false,"template":"","format":"standard","meta":{"_bbp_topic_count":0,"_bbp_reply_count":0,"_bbp_total_topic_count":0,"_bbp_total_reply_count":0,"_bbp_voice_count":0,"_bbp_anonymous_reply_count":0,"_bbp_topic_count_hidden":0,"_bbp_reply_count_hidden":0,"_bbp_forum_subforum_count":0,"site-sidebar-layout":"default","site-content-layout":"","ast-site-content-layout":"","site-content-style":"default","site-sidebar-style":"default","ast-global-header-display":"","ast-banner-title-visibility":"","ast-main-header-display":"","ast-hfb-above-header-display":"","ast-hfb-below-header-display":"","ast-hfb-mobile-header-display":"","site-post-title":"","ast-breadcrumbs-content":"","ast-featured-img":"","footer-sml-layout":"","theme-transparent-header-meta":"","adv-header-id-meta":"","stick-header-meta":"","header-above-stick-meta":"","header-main-stick-meta":"","header-below-stick-meta":"","astra-migrate-meta-layouts":"default","ast-page-background-enabled":"default","ast-page-background-meta":{"desktop":{"background-color":"var(--ast-global-color-4)","background-image":"","background-repeat":"repeat","background-position":"center center","background-size":"auto","background-attachment":"scroll","background-type":"","background-media":"","overlay-type":"","overlay-color":"","overlay-opacity":"","overlay-gradient":""},"tablet":{"background-color":"","background-image":"","background-repeat":"repeat","background-position":"center center","background-size":"auto","background-attachment":"scroll","background-type":"","background-media":"","overlay-type":"","overlay-color":"","overlay-opacity":"","overlay-gradient":""},"mobile":{"background-color":"","background-image":"","background-repeat":"repeat","background-position":"center center","background-size":"auto","background-attachment":"scroll","background-type":"","background-media":"","overlay-type":"","overlay-color":"","overlay-opacity":"","overlay-gradient":""}},"ast-content-background-meta":{"desktop":{"background-color":"var(--ast-global-color-5)","background-image":"","background-repeat":"repeat","background-position":"center center","background-size":"auto","background-attachment":"scroll","background-type":"","background-media":"","overlay-type":"","overlay-color":"","overlay-opacity":"","overlay-gradient":""},"tablet":{"background-color":"var(--ast-global-color-5)","background-image":"","background-repeat":"repeat","background-position":"center center","background-size":"auto","background-attachment":"scroll","background-type":"","background-media":"","overlay-type":"","overlay-color":"","overlay-opacity":"","overlay-gradient":""},"mobile":{"background-color":"var(--ast-global-color-5)","background-image":"","background-repeat":"repeat","background-position":"center center","background-size":"auto","background-attachment":"scroll","background-type":"","background-media":"","overlay-type":"","overlay-color":"","overlay-opacity":"","overlay-gradient":""}},"footnotes":""},"categories":[4],"tags":[79],"class_list":["post-2388","post","type-post","status-publish","format-standard","hentry","category-portada","tag-escola"],"post_mailing_queue_ids":[],"_links":{"self":[{"href":"https:\/\/agora.xtec.cat\/ernestlluchhospitalet\/wp-json\/wp\/v2\/posts\/2388","targetHints":{"allow":["GET"]}}],"collection":[{"href":"https:\/\/agora.xtec.cat\/ernestlluchhospitalet\/wp-json\/wp\/v2\/posts"}],"about":[{"href":"https:\/\/agora.xtec.cat\/ernestlluchhospitalet\/wp-json\/wp\/v2\/types\/post"}],"author":[{"embeddable":true,"href":"https:\/\/agora.xtec.cat\/ernestlluchhospitalet\/wp-json\/wp\/v2\/users\/1"}],"replies":[{"embeddable":true,"href":"https:\/\/agora.xtec.cat\/ernestlluchhospitalet\/wp-json\/wp\/v2\/comments?post=2388"}],"version-history":[{"count":2,"href":"https:\/\/agora.xtec.cat\/ernestlluchhospitalet\/wp-json\/wp\/v2\/posts\/2388\/revisions"}],"predecessor-version":[{"id":2391,"href":"https:\/\/agora.xtec.cat\/ernestlluchhospitalet\/wp-json\/wp\/v2\/posts\/2388\/revisions\/2391"}],"wp:attachment":[{"href":"https:\/\/agora.xtec.cat\/ernestlluchhospitalet\/wp-json\/wp\/v2\/media?parent=2388"}],"wp:term":[{"taxonomy":"category","embeddable":true,"href":"https:\/\/agora.xtec.cat\/ernestlluchhospitalet\/wp-json\/wp\/v2\/categories?post=2388"},{"taxonomy":"post_tag","embeddable":true,"href":"https:\/\/agora.xtec.cat\/ernestlluchhospitalet\/wp-json\/wp\/v2\/tags?post=2388"}],"curies":[{"name":"wp","href":"https:\/\/api.w.org\/{rel}","templated":true}]}}