{"id":1927,"date":"2021-04-23T00:11:37","date_gmt":"2021-04-22T22:11:37","guid":{"rendered":"http:\/\/agora.xtec.cat\/ernestlluchhospitalet\/?p=1927"},"modified":"2021-04-28T11:39:38","modified_gmt":"2021-04-28T09:39:38","slug":"sant-jordi-2021","status":"publish","type":"post","link":"https:\/\/agora.xtec.cat\/ernestlluchhospitalet\/portada\/sant-jordi-2021\/","title":{"rendered":"SANT JORDI 2021"},"content":{"rendered":"<p><span style=\"color: #993366;\"><a href=\"https:\/\/agora.xtec.cat\/ernestlluchhospitalet\/wp-content\/uploads\/usu538\/2021\/04\/InShot_20210421_163103938.jpg\"><img loading=\"lazy\" decoding=\"async\" class=\" wp-image-1929 alignleft\" src=\"https:\/\/agora.xtec.cat\/ernestlluchhospitalet\/wp-content\/uploads\/usu538\/2021\/04\/InShot_20210421_163103938-150x150.jpg\" alt=\"\" width=\"188\" height=\"188\" srcset=\"https:\/\/agora.xtec.cat\/ernestlluchhospitalet\/wp-content\/uploads\/usu538\/2021\/04\/InShot_20210421_163103938-150x150.jpg 150w, https:\/\/agora.xtec.cat\/ernestlluchhospitalet\/wp-content\/uploads\/usu538\/2021\/04\/InShot_20210421_163103938-300x300.jpg 300w, https:\/\/agora.xtec.cat\/ernestlluchhospitalet\/wp-content\/uploads\/usu538\/2021\/04\/InShot_20210421_163103938-768x768.jpg 768w, https:\/\/agora.xtec.cat\/ernestlluchhospitalet\/wp-content\/uploads\/usu538\/2021\/04\/InShot_20210421_163103938-1024x1024.jpg 1024w, https:\/\/agora.xtec.cat\/ernestlluchhospitalet\/wp-content\/uploads\/usu538\/2021\/04\/InShot_20210421_163103938.jpg 1920w\" sizes=\"auto, (max-width: 188px) 100vw, 188px\" \/><\/a>Un any m\u00e9s celebrem la Diada de Sant Jordi, amb el concurs literari i el concurs de dracs. Les fam\u00edlies no podreu gaudir de les creacions dels infants en directe per\u00f2 us volem fer arribar la il\u00b7lusi\u00f3 i les ganes que hi han posat, amb aquestes imatges.<\/span><\/p>\n<p><span style=\"color: #993366;\">A m\u00e9s, si entreu al blog de cada classe podreu veure tamb\u00e9 els dracs tan originals, divertits i monstruosos que han fet.<\/span><\/p>\n<p><span style=\"color: #993366;\">Desitgem que us agradin. Visca la Diada!<\/span><\/p>\n<p><iframe loading=\"lazy\" width=\"560\" height=\"315\" src=\"https:\/\/www.youtube.com\/embed\/BTdjBjluLcw\" title=\"YouTube video player\" frameborder=\"0\" allow=\"accelerometer; autoplay; clipboard-write; encrypted-media; gyroscope; picture-in-picture\" allowfullscreen><\/iframe><\/p>\n","protected":false},"excerpt":{"rendered":"<p>Un any m\u00e9s celebrem la Diada de Sant Jordi, amb el concurs literari i el concurs de dracs. Les fam\u00edlies [&hellip;]<\/p>\n","protected":false},"author":1,"featured_media":1961,"comment_status":"open","ping_status":"closed","sticky":false,"template":"","format":"standard","meta":{"_bbp_topic_count":0,"_bbp_reply_count":0,"_bbp_total_topic_count":0,"_bbp_total_reply_count":0,"_bbp_voice_count":0,"_bbp_anonymous_reply_count":0,"_bbp_topic_count_hidden":0,"_bbp_reply_count_hidden":0,"_bbp_forum_subforum_count":0,"site-sidebar-layout":"default","site-content-layout":"","ast-site-content-layout":"","site-content-style":"default","site-sidebar-style":"default","ast-global-header-display":"","ast-banner-title-visibility":"","ast-main-header-display":"","ast-hfb-above-header-display":"","ast-hfb-below-header-display":"","ast-hfb-mobile-header-display":"","site-post-title":"","ast-breadcrumbs-content":"","ast-featured-img":"","footer-sml-layout":"","theme-transparent-header-meta":"","adv-header-id-meta":"","stick-header-meta":"","header-above-stick-meta":"","header-main-stick-meta":"","header-below-stick-meta":"","astra-migrate-meta-layouts":"default","ast-page-background-enabled":"default","ast-page-background-meta":{"desktop":{"background-color":"var(--ast-global-color-4)","background-image":"","background-repeat":"repeat","background-position":"center center","background-size":"auto","background-attachment":"scroll","background-type":"","background-media":"","overlay-type":"","overlay-color":"","overlay-opacity":"","overlay-gradient":""},"tablet":{"background-color":"","background-image":"","background-repeat":"repeat","background-position":"center center","background-size":"auto","background-attachment":"scroll","background-type":"","background-media":"","overlay-type":"","overlay-color":"","overlay-opacity":"","overlay-gradient":""},"mobile":{"background-color":"","background-image":"","background-repeat":"repeat","background-position":"center center","background-size":"auto","background-attachment":"scroll","background-type":"","background-media":"","overlay-type":"","overlay-color":"","overlay-opacity":"","overlay-gradient":""}},"ast-content-background-meta":{"desktop":{"background-color":"var(--ast-global-color-5)","background-image":"","background-repeat":"repeat","background-position":"center center","background-size":"auto","background-attachment":"scroll","background-type":"","background-media":"","overlay-type":"","overlay-color":"","overlay-opacity":"","overlay-gradient":""},"tablet":{"background-color":"var(--ast-global-color-5)","background-image":"","background-repeat":"repeat","background-position":"center center","background-size":"auto","background-attachment":"scroll","background-type":"","background-media":"","overlay-type":"","overlay-color":"","overlay-opacity":"","overlay-gradient":""},"mobile":{"background-color":"var(--ast-global-color-5)","background-image":"","background-repeat":"repeat","background-position":"center center","background-size":"auto","background-attachment":"scroll","background-type":"","background-media":"","overlay-type":"","overlay-color":"","overlay-opacity":"","overlay-gradient":""}},"footnotes":""},"categories":[4],"tags":[111,61,95,59],"class_list":["post-1927","post","type-post","status-publish","format-standard","has-post-thumbnail","hentry","category-portada","tag-diada","tag-llibres","tag-rosa","tag-sant-jordi"],"post_mailing_queue_ids":[],"_links":{"self":[{"href":"https:\/\/agora.xtec.cat\/ernestlluchhospitalet\/wp-json\/wp\/v2\/posts\/1927","targetHints":{"allow":["GET"]}}],"collection":[{"href":"https:\/\/agora.xtec.cat\/ernestlluchhospitalet\/wp-json\/wp\/v2\/posts"}],"about":[{"href":"https:\/\/agora.xtec.cat\/ernestlluchhospitalet\/wp-json\/wp\/v2\/types\/post"}],"author":[{"embeddable":true,"href":"https:\/\/agora.xtec.cat\/ernestlluchhospitalet\/wp-json\/wp\/v2\/users\/1"}],"replies":[{"embeddable":true,"href":"https:\/\/agora.xtec.cat\/ernestlluchhospitalet\/wp-json\/wp\/v2\/comments?post=1927"}],"version-history":[{"count":3,"href":"https:\/\/agora.xtec.cat\/ernestlluchhospitalet\/wp-json\/wp\/v2\/posts\/1927\/revisions"}],"predecessor-version":[{"id":1962,"href":"https:\/\/agora.xtec.cat\/ernestlluchhospitalet\/wp-json\/wp\/v2\/posts\/1927\/revisions\/1962"}],"wp:featuredmedia":[{"embeddable":true,"href":"https:\/\/agora.xtec.cat\/ernestlluchhospitalet\/wp-json\/wp\/v2\/media\/1961"}],"wp:attachment":[{"href":"https:\/\/agora.xtec.cat\/ernestlluchhospitalet\/wp-json\/wp\/v2\/media?parent=1927"}],"wp:term":[{"taxonomy":"category","embeddable":true,"href":"https:\/\/agora.xtec.cat\/ernestlluchhospitalet\/wp-json\/wp\/v2\/categories?post=1927"},{"taxonomy":"post_tag","embeddable":true,"href":"https:\/\/agora.xtec.cat\/ernestlluchhospitalet\/wp-json\/wp\/v2\/tags?post=1927"}],"curies":[{"name":"wp","href":"https:\/\/api.w.org\/{rel}","templated":true}]}}