{"id":13714,"date":"2026-07-27T12:39:34","date_gmt":"2026-07-27T10:39:34","guid":{"rendered":"https:\/\/agora.xtec.cat\/ehtg\/?p=13714"},"modified":"2026-07-29T13:18:13","modified_gmt":"2026-07-29T11:18:13","slug":"gestio-de-la-matricula-de-les-places-vacants-al-setembre","status":"publish","type":"post","link":"https:\/\/agora.xtec.cat\/ehtg\/general\/gestio-de-la-matricula-de-les-places-vacants-al-setembre\/","title":{"rendered":"Gesti\u00f3 de la matr\u00edcula de les places vacants al setembre"},"content":{"rendered":"<div class=\"columns is-desktop\">\n<div class=\"column is-8-desktop flow flow--3\">\n<p class=\"is-size-3\"><span style=\"font-family: inherit; font-size: 1em;\">El 7 de setembre de 2026, el Departament d&#8217;Educaci\u00f3 i Formaci\u00f3 Professional publicar\u00e0 al web de preinscripci\u00f3 la relaci\u00f3 de les places vacants existents a cada centre i cicle despr\u00e9s de la finalitzaci\u00f3 de la matr\u00edcula.<\/span><\/p>\n<\/div>\n<\/div>\n<div class=\"columns is-desktop has-text-black\">\n<div class=\"column flow flow--2\">\n<div class=\"flow\">\n<p>La gesti\u00f3 d&#8217;aquestes vacants es far\u00e0 a cada centre de manera aut\u00f2noma entre el 8 i el 10 de setembre de 2026, seguint els criteris seg\u00fcents:<\/p>\n<ul>\n<li>El centre haur\u00e0 d&#8217;utilitzar el gestor de cues virtual proporcionat pel Departament d&#8217;Educaci\u00f3 i Formaci\u00f3 Professional per gestionar de manera ordenada la visita al centre de l&#8217;alumnat interessat a optar a les vacants.<\/li>\n<li>Aquest alumnat haur\u00e0 d&#8217;apuntar-se al gestor de cues virtual el dia 7 de setembre, i haur\u00e0 d&#8217;aportar al centre la documentaci\u00f3 acreditativa del seu requisit d&#8217;acc\u00e9s i qualificaci\u00f3 obtinguda.<\/li>\n<\/ul>\n<\/div>\n<p><strong>L&#8217;alumnat que podr\u00e0 optar a una pla\u00e7a vacant ser\u00e0<\/strong>:<\/p>\n<ul>\n<li>L&#8217;alumnat que ha quedat excl\u00f2s durant el proc\u00e9s de preinscripci\u00f3 en qualsevol de les dues tandes, per ren\u00fancia, no confirmaci\u00f3 en l\u00ednia, o no matr\u00edcula al centre assignat. (Alumnat NO MATRICULAT)<\/li>\n<li>L&#8217;alumnat que no va presentar cap sol\u00b7licitud de preinscripci\u00f3. (Sense PLA\u00c7A ASSIGNADA)<\/li>\n<\/ul>\n<h5 style=\"text-align: center;\"><strong><span style=\"text-decoration: underline;\">Tot l&#8217;alumnat que vulgui optar per una pla\u00e7a vacant haur\u00e0 d&#8217;apuntar-se obligat\u00f2riament al Gestor de cues virtual el dia\u00a07 de setembre.<\/span><\/strong><\/h5>\n<p>&nbsp;<\/p>\n<p>Els centres educatius que disposin de places vacants posaran un enlla\u00e7 al seu web perqu\u00e8 l&#8217;alumnat es pugui apuntar.<\/p>\n<p>(El Gestor de cues \u00e9s l&#8217;aplicaci\u00f3 virtual en l\u00ednia que el Departament d&#8217;Educaci\u00f3 i Formaci\u00f3 Professional posa a disposici\u00f3 de centres i alumnat, per poder gestionar les places vacants que hi puguin sorgir despr\u00e9s del proc\u00e9s de preinscripci\u00f3).<\/p>\n<p><strong>Quan em podr\u00e9 apuntar al Gestor de cues?<\/strong><\/p>\n<h5 style=\"text-align: center;\"><span style=\"text-decoration: underline;\"><strong>\u00c9s obligatori apuntar-se al Gestor de cues si es vol una pla\u00e7a vacant.\u00a0Si no us apunteu en l\u00ednia, no podreu optar a cap vacant. I nom\u00e9s us podeu apuntar el dia 7 de setembre.<\/strong><\/span><\/h5>\n<p>Aquesta aplicaci\u00f3 us demanar\u00e0:<\/p>\n<p>a. El tipus de document de l&#8217;alumnat (DNI\/NIE\/Passaport)<\/p>\n<p>b. N\u00famero de document aportat<\/p>\n<p>c. Nom de l&#8217;alumnat<\/p>\n<p>d. Primer cognom de l&#8217;alumnat<\/p>\n<p>e. Segon cognom de l&#8217;alumnat<\/p>\n<p>f. Tel\u00e8fon de contacte<\/p>\n<p>g. Correu electr\u00f2nic de contacte<\/p>\n<p><strong>Posteriorment, haureu de &#8220;<em>Sol\u00b7licitar torn al centre<\/em>\u201d.\u00a0 L&#8217;aplicaci\u00f3 generar\u00e0 un n\u00famero de torn en l\u00ednia, exclusiu per al centre.<\/strong><\/p>\n<p>La prioritat per aconseguir una vacant ser\u00e0 l&#8217;ordre estricte d&#8217;inscriure&#8217;s al Gestor de vacants. El centre es posar\u00e0 en contacte amb l&#8217;alumnat, seguint aquest ordre d&#8217;inscripci\u00f3 a la cua virtual, via correu electr\u00f2nic i, si cal, per tel\u00e8fon. Si s&#8217;accepta la vacant, autom\u00e0ticament el centre enviar\u00e0 el correu de formalitzaci\u00f3 de matr\u00edcula, amb les instruccions corresponents i els terminis.<\/p>\n<div class=\"flow\">\n<p style=\"text-align: right;\"><strong>Actualitzat: 29\/07\/26<\/strong><\/p>\n<\/div>\n<\/div>\n<\/div>\n","protected":false},"excerpt":{"rendered":"<p>El 7 de setembre de 2026, el Departament d&#8217;Educaci\u00f3 i Formaci\u00f3 Professional publicar\u00e0 al web de preinscripci\u00f3 la relaci\u00f3 de les places vacants existents a cada centre i cicle despr\u00e9s de la finalitzaci\u00f3 de la matr\u00edcula.<\/p>\n<p>La gesti\u00f3 d&#8217;aquestes vacants es far\u00e0 a cada centre de&hellip;  <a href=\"https:\/\/agora.xtec.cat\/ehtg\/general\/gestio-de-la-matricula-de-les-places-vacants-al-setembre\/\" title=\"Read Gesti\u00f3 de la matr\u00edcula de les places vacants al setembre\">Llegeix m\u00e9s\u00bb<\/a><\/p>\n","protected":false},"author":1,"featured_media":0,"comment_status":"closed","ping_status":"closed","sticky":true,"template":"","format":"standard","meta":{"_bbp_topic_count":0,"_bbp_reply_count":0,"_bbp_total_topic_count":0,"_bbp_total_reply_count":0,"_bbp_voice_count":0,"_bbp_anonymous_reply_count":0,"_bbp_topic_count_hidden":0,"_bbp_reply_count_hidden":0,"_bbp_forum_subforum_count":0,"footnotes":""},"categories":[1,29],"tags":[],"class_list":["post-13714","post","type-post","status-publish","format-standard","hentry","category-general","category-portada"],"post_mailing_queue_ids":[],"_links":{"self":[{"href":"https:\/\/agora.xtec.cat\/ehtg\/wp-json\/wp\/v2\/posts\/13714","targetHints":{"allow":["GET"]}}],"collection":[{"href":"https:\/\/agora.xtec.cat\/ehtg\/wp-json\/wp\/v2\/posts"}],"about":[{"href":"https:\/\/agora.xtec.cat\/ehtg\/wp-json\/wp\/v2\/types\/post"}],"author":[{"embeddable":true,"href":"https:\/\/agora.xtec.cat\/ehtg\/wp-json\/wp\/v2\/users\/1"}],"replies":[{"embeddable":true,"href":"https:\/\/agora.xtec.cat\/ehtg\/wp-json\/wp\/v2\/comments?post=13714"}],"version-history":[{"count":4,"href":"https:\/\/agora.xtec.cat\/ehtg\/wp-json\/wp\/v2\/posts\/13714\/revisions"}],"predecessor-version":[{"id":13725,"href":"https:\/\/agora.xtec.cat\/ehtg\/wp-json\/wp\/v2\/posts\/13714\/revisions\/13725"}],"wp:attachment":[{"href":"https:\/\/agora.xtec.cat\/ehtg\/wp-json\/wp\/v2\/media?parent=13714"}],"wp:term":[{"taxonomy":"category","embeddable":true,"href":"https:\/\/agora.xtec.cat\/ehtg\/wp-json\/wp\/v2\/categories?post=13714"},{"taxonomy":"post_tag","embeddable":true,"href":"https:\/\/agora.xtec.cat\/ehtg\/wp-json\/wp\/v2\/tags?post=13714"}],"curies":[{"name":"wp","href":"https:\/\/api.w.org\/{rel}","templated":true}]}}